{"id":61373,"date":"2015-08-27T09:27:28","date_gmt":"2015-08-27T12:27:28","guid":{"rendered":"http:\/\/www.eltrabajo.cl\/portal\/?p=61373"},"modified":"2015-08-27T09:27:28","modified_gmt":"2015-08-27T12:27:28","slug":"realizan-primer-festival-infantil-de-la-cancion-en-llay-llay","status":"publish","type":"post","link":"https:\/\/eltrabajo.cl\/portal\/realizan-primer-festival-infantil-de-la-cancion-en-llay-llay\/","title":{"rendered":"Realizan Primer Festival Infantil de la Canci\u00f3n en Llay Llay"},"content":{"rendered":"<figure id=\"attachment_61374\" aria-describedby=\"caption-attachment-61374\" style=\"width: 300px\" class=\"wp-caption alignleft\"><a href=\"https:\/\/i0.wp.com\/www.eltrabajo.cl\/portal\/wp-content\/uploads\/2015\/08\/FOTO-GRUPAL-PARTICIPANTES.jpg\"><img data-recalc-dims=\"1\" loading=\"lazy\" decoding=\"async\" class=\"wp-image-61374 size-medium\" src=\"https:\/\/i0.wp.com\/www.eltrabajo.cl\/portal\/wp-content\/uploads\/2015\/08\/FOTO-GRUPAL-PARTICIPANTES-300x199.jpg?resize=300%2C199\" alt=\"Estos fueron los participantes del Primer Festival Infantil de la Canci\u00f3n, que se realiz\u00f3 en el Teatro Municipal en la comuna de Llay Llay.\" width=\"300\" height=\"199\" srcset=\"https:\/\/i0.wp.com\/eltrabajo.cl\/portal\/wp-content\/uploads\/2015\/08\/FOTO-GRUPAL-PARTICIPANTES.jpg?resize=300%2C199&amp;ssl=1 300w, https:\/\/i0.wp.com\/eltrabajo.cl\/portal\/wp-content\/uploads\/2015\/08\/FOTO-GRUPAL-PARTICIPANTES.jpg?resize=200%2C133&amp;ssl=1 200w, https:\/\/i0.wp.com\/eltrabajo.cl\/portal\/wp-content\/uploads\/2015\/08\/FOTO-GRUPAL-PARTICIPANTES.jpg?resize=226%2C150&amp;ssl=1 226w, https:\/\/i0.wp.com\/eltrabajo.cl\/portal\/wp-content\/uploads\/2015\/08\/FOTO-GRUPAL-PARTICIPANTES.jpg?resize=400%2C265&amp;ssl=1 400w, https:\/\/i0.wp.com\/eltrabajo.cl\/portal\/wp-content\/uploads\/2015\/08\/FOTO-GRUPAL-PARTICIPANTES.jpg?w=528&amp;ssl=1 528w\" sizes=\"auto, (max-width: 300px) 100vw, 300px\" \/><\/a><figcaption id=\"caption-attachment-61374\" class=\"wp-caption-text\">Estos fueron los participantes del Primer Festival Infantil de la Canci\u00f3n, que se realiz\u00f3 en el Teatro Municipal en la comuna de Llay Llay.<\/figcaption><\/figure>\n<p><strong>LLAY LLAY<\/strong>.- El Teatro Municipal fue la sede donde se desarroll\u00f3 el Primer Festival Infantil de la Canci\u00f3n 2015. Los participantes de las escuelas Agust\u00edn Edwards y Religiosas Filipenses; y de los colegios Salvador Gonz\u00e1lez y Leonardo Da Vinci; asistieron acompa\u00f1ados de sus familias y profesores.<br \/>\nLa jornada se desarroll\u00f3 llena de alegr\u00eda y entusiasmo, todos los participantes fueron de un gran nivel, lo que dificult\u00f3 el trabajo del jurado.<br \/>\nDespu\u00e9s de una deliberaci\u00f3n los resultados entregados por Gino Pe\u00f1a, Marcelo D\u00edaz y Boris Leiva Cort\u00e9s fue el siguiente: En categor\u00eda infantil: en Primer Lugar, Diego Castillo, del Colegio Leonardo Da Vinci; en Segundo Lugar, el d\u00fao conformado por Laura Valencia y Camila Castro del Colegio Leonardo Da Vinci; en Tercer Lugar, Manely Rojas, del Colegio Salvador Gonz\u00e1lez. En Categor\u00eda Intermedio: en Primer Lugar, Estela Cort\u00e9s Rubilar, del Agust\u00edn Edwards; en Segundo Lugar, Ana\u00eds Estay Morales, de Religiosas Filipenses; y en Tercer Lugar, Basti\u00e1n Orme\u00f1o, del Agust\u00edn Edwards.<br \/>\nAdem\u00e1s, premiaron a la \u2018Canci\u00f3n Popular\u2019 resultando ganadora Trinidad Vel\u00e1squez C\u00e1ceres, del Colegio Leonardo Da Vinci.<br \/>\nLa actividad se enmarca dentro del Proyecto Vientos Culturales y es financiado por el Fondo de Cultura del Gobierno Regional de Valpara\u00edso.<\/p>\n","protected":false},"excerpt":{"rendered":"<p>LLAY LLAY.- El Teatro Municipal fue la sede donde se desarroll\u00f3 el Primer Festival Infantil de la Canci\u00f3n 2015. Los participantes de las escuelas Agust\u00edn Edwards y Religiosas Filipenses; y de los&#8230;<\/p>\n","protected":false},"author":482,"featured_media":61374,"comment_status":"open","ping_status":"open","sticky":false,"template":"","format":"standard","meta":{"advanced_seo_description":"","jetpack_seo_html_title":"","jetpack_seo_noindex":false,"_jetpack_memberships_contains_paid_content":false,"footnotes":""},"categories":[15],"tags":[],"class_list":["post-61373","post","type-post","status-publish","format-standard","has-post-thumbnail","hentry","category-comunidad"],"jetpack_featured_media_url":"https:\/\/i0.wp.com\/eltrabajo.cl\/portal\/wp-content\/uploads\/2015\/08\/FOTO-GRUPAL-PARTICIPANTES.jpg?fit=528%2C350&ssl=1","jetpack_sharing_enabled":true,"jetpack_likes_enabled":true,"jetpack-related-posts":[],"_links":{"self":[{"href":"https:\/\/eltrabajo.cl\/portal\/wp-json\/wp\/v2\/posts\/61373","targetHints":{"allow":["GET"]}}],"collection":[{"href":"https:\/\/eltrabajo.cl\/portal\/wp-json\/wp\/v2\/posts"}],"about":[{"href":"https:\/\/eltrabajo.cl\/portal\/wp-json\/wp\/v2\/types\/post"}],"author":[{"embeddable":true,"href":"https:\/\/eltrabajo.cl\/portal\/wp-json\/wp\/v2\/users\/482"}],"replies":[{"embeddable":true,"href":"https:\/\/eltrabajo.cl\/portal\/wp-json\/wp\/v2\/comments?post=61373"}],"version-history":[{"count":0,"href":"https:\/\/eltrabajo.cl\/portal\/wp-json\/wp\/v2\/posts\/61373\/revisions"}],"wp:featuredmedia":[{"embeddable":true,"href":"https:\/\/eltrabajo.cl\/portal\/wp-json\/wp\/v2\/media\/61374"}],"wp:attachment":[{"href":"https:\/\/eltrabajo.cl\/portal\/wp-json\/wp\/v2\/media?parent=61373"}],"wp:term":[{"taxonomy":"category","embeddable":true,"href":"https:\/\/eltrabajo.cl\/portal\/wp-json\/wp\/v2\/categories?post=61373"},{"taxonomy":"post_tag","embeddable":true,"href":"https:\/\/eltrabajo.cl\/portal\/wp-json\/wp\/v2\/tags?post=61373"}],"curies":[{"name":"wp","href":"https:\/\/api.w.org\/{rel}","templated":true}]}}