{"id":61376,"date":"2015-08-27T09:29:42","date_gmt":"2015-08-27T12:29:42","guid":{"rendered":"http:\/\/www.eltrabajo.cl\/portal\/?p=61376"},"modified":"2015-08-27T09:29:42","modified_gmt":"2015-08-27T12:29:42","slug":"aconcaguinos-siguen-clamando-por-recuperar-status-de-region","status":"publish","type":"post","link":"https:\/\/eltrabajo.cl\/portal\/aconcaguinos-siguen-clamando-por-recuperar-status-de-region\/","title":{"rendered":"Aconcag\u00fcinos siguen clamando por recuperar status de Regi\u00f3n"},"content":{"rendered":"<figure id=\"attachment_61377\" aria-describedby=\"caption-attachment-61377\" style=\"width: 300px\" class=\"wp-caption alignleft\"><a href=\"https:\/\/i0.wp.com\/www.eltrabajo.cl\/portal\/wp-content\/uploads\/2015\/08\/Jhon1.jpg\"><img data-recalc-dims=\"1\" loading=\"lazy\" decoding=\"async\" class=\"wp-image-61377 size-medium\" src=\"https:\/\/i0.wp.com\/www.eltrabajo.cl\/portal\/wp-content\/uploads\/2015\/08\/Jhon1-300x198.jpg?resize=300%2C198\" alt=\"John R\u00edos Suma de Villa, director ejecutivo de Fundaci\u00f3n Ideando de San Felipe.\" width=\"300\" height=\"198\" srcset=\"https:\/\/i0.wp.com\/eltrabajo.cl\/portal\/wp-content\/uploads\/2015\/08\/Jhon1.jpg?resize=300%2C198&amp;ssl=1 300w, https:\/\/i0.wp.com\/eltrabajo.cl\/portal\/wp-content\/uploads\/2015\/08\/Jhon1.jpg?resize=200%2C132&amp;ssl=1 200w, https:\/\/i0.wp.com\/eltrabajo.cl\/portal\/wp-content\/uploads\/2015\/08\/Jhon1.jpg?resize=227%2C150&amp;ssl=1 227w, https:\/\/i0.wp.com\/eltrabajo.cl\/portal\/wp-content\/uploads\/2015\/08\/Jhon1.jpg?resize=400%2C264&amp;ssl=1 400w, https:\/\/i0.wp.com\/eltrabajo.cl\/portal\/wp-content\/uploads\/2015\/08\/Jhon1.jpg?w=530&amp;ssl=1 530w\" sizes=\"auto, (max-width: 300px) 100vw, 300px\" \/><\/a><figcaption id=\"caption-attachment-61377\" class=\"wp-caption-text\">John R\u00edos Suma de Villa, director ejecutivo de Fundaci\u00f3n Ideando de San Felipe.<\/figcaption><\/figure>\n<p>La ma\u00f1ana del jueves 20 de agosto fue un d\u00eda hist\u00f3rico para Chile, ya que la presidenta Bachellet firm\u00f3 el proyecto de ley que crea la Regi\u00f3n de \u00d1uble. La importante r\u00fabrica se estamp\u00f3 en el marco de la ceremonia en honor al natalicio de Bernardo O\u2019Higgins en Chill\u00e1n, generando este hecho un revuelo en todo el Valle de Aconcagua y comunas vecinas, ya que desde 2014 se viene gestionando por parte de la ONG Ideando, otro proyecto de ley en las misma direcci\u00f3n pero a favor de la recuperaci\u00f3n de la Regi\u00f3n Aconcagua, tal cual era en 1826.<br \/>\nEs sobre este importante tema y sobre c\u00f3mo podr\u00eda impactar en nuestra zona una eventual regionalizaci\u00f3n de nuestras comunas, que la ma\u00f1ana de ayer mi\u00e9rcoles hablaron con Diario El Trabajo dos integrantes de Ideando, quienes advirtieron tener una visi\u00f3n muy favorable en torno a este proyecto tan acariciado por al menos m\u00e1s de medio mill\u00f3n de chilenos.<br \/>\n<strong>SUE\u00d1O POSIBLE<\/strong><br \/>\nJohn R\u00edos Suma de Villa, director ejecutivo de Fundaci\u00f3n Ideando de San Felipe, explic\u00f3 a nuestro medio que \u00abqueremos hoy reafirmar que la Regi\u00f3n Aconcagua s\u00ed se puede llegar a recuperar, una regi\u00f3n lo m\u00e1s parecida a la que fuimos en 1826. Esto implica que recuperaremos las cuatro provincias Los Andes, Petorca, San Felipe y Quillota, m\u00e1s las comunas de Quintero y Puchuncav\u00ed, consta de 22 comunas y 583.000 habitantes, desde donde podremos desarrollar cuatro importantes ejes de desarrollo: Agricultura, Miner\u00eda, Turismo y Servicios, y servicios respecto a los tres primeros, pues las condiciones \u00e9tnico-culturales de todas estas comunas son muy similares, muy distintas a Vi\u00f1a y Valpara\u00edso, creo que cumplimos con todas las condiciones que ha establecido el Gobierno\u00bb, dijo el directivo a Diario El Trabajo.<br \/>\nDe acuerdo a lo dicho por R\u00edos, la sensaci\u00f3n de postergaci\u00f3n que las autoridades perciben del gobierno regional para con sus comunas, es uniforme y todos est\u00e1n de acuerdo en seguir luchando por la independencia.<br \/>\n\u00abNosotros hemos hablado con los 22 alcaldes de todos estos municipios sobre este proyecto, y todos quieren recuperar la regi\u00f3n, pues todos aseguran que se sienten postergados por el gobierno regional. En cuanto a mar, nos quedar\u00eda desde Quintero hasta La Ligua, ah\u00ed tenemos el mayor puerto minero de la regi\u00f3n, pues saldr\u00eda casi el 70% de minerales por Puerto Ventanas. Quedaremos con conectividad con el mundo, para mover turismo y mucho comercio\u00bb, asegur\u00f3 el presidente de Ideando.<\/p>\n<figure id=\"attachment_61378\" aria-describedby=\"caption-attachment-61378\" style=\"width: 300px\" class=\"wp-caption alignright\"><a href=\"https:\/\/i0.wp.com\/www.eltrabajo.cl\/portal\/wp-content\/uploads\/2015\/08\/Monasterio1.jpg\"><img data-recalc-dims=\"1\" loading=\"lazy\" decoding=\"async\" class=\"wp-image-61378 size-medium\" src=\"https:\/\/i0.wp.com\/www.eltrabajo.cl\/portal\/wp-content\/uploads\/2015\/08\/Monasterio1-300x198.jpg?resize=300%2C198\" alt=\"Juan Carlos Monasterio, funcionario de Ideando.\" width=\"300\" height=\"198\" srcset=\"https:\/\/i0.wp.com\/eltrabajo.cl\/portal\/wp-content\/uploads\/2015\/08\/Monasterio1.jpg?resize=300%2C198&amp;ssl=1 300w, https:\/\/i0.wp.com\/eltrabajo.cl\/portal\/wp-content\/uploads\/2015\/08\/Monasterio1.jpg?resize=200%2C132&amp;ssl=1 200w, https:\/\/i0.wp.com\/eltrabajo.cl\/portal\/wp-content\/uploads\/2015\/08\/Monasterio1.jpg?resize=227%2C150&amp;ssl=1 227w, https:\/\/i0.wp.com\/eltrabajo.cl\/portal\/wp-content\/uploads\/2015\/08\/Monasterio1.jpg?resize=400%2C264&amp;ssl=1 400w, https:\/\/i0.wp.com\/eltrabajo.cl\/portal\/wp-content\/uploads\/2015\/08\/Monasterio1.jpg?w=530&amp;ssl=1 530w\" sizes=\"auto, (max-width: 300px) 100vw, 300px\" \/><\/a><figcaption id=\"caption-attachment-61378\" class=\"wp-caption-text\">Juan Carlos Monasterio, funcionario de Ideando.<\/figcaption><\/figure>\n<p><strong>CON ENTUSIASMO<\/strong><br \/>\nUn poco m\u00e1s entusiasta y motivado con lo vivido en \u00d1uble, se manifest\u00f3 Juan Carlos Monasterio, fundador de Ideando, quien asegur\u00f3 a Diario El Trabajo que el proyecto a\u00fan no est\u00e1 ganado, pero que va por buen camino.<br \/>\n<strong>&#8211; \u00bfPor qu\u00e9 tanto entusiasmo en su instituci\u00f3n?<\/strong><br \/>\n<strong>&#8211;<\/strong> El jueves 20 de agosto la presidenta Michelle Bachelet firm\u00f3 el proyecto para la creaci\u00f3n de la nueva Regi\u00f3n \u00d1uble, lo que nos tiene tambi\u00e9n muy contentos a nosotros en Aconcagua, pues lo que estamos buscando aqu\u00ed, es que esta firma de \u00d1uble tambi\u00e9n pueda ser beneficioso para los aconcag\u00fcinos, buscamos poder colocar nuestra propuesta en la mesa, de recuperar la Regi\u00f3n de Aconcagua, pues cumplimos de sobra con los requisitos para ello.<br \/>\n<strong>&#8211; \u00bfY qu\u00e9 han hecho concretamente para llegar a un desenlace positivo para Aconcagua?<\/strong><br \/>\n<strong>&#8211;<\/strong> Tenemos el Estudio Base en nuestra ONG; sostuvimos reuniones con los Subdere, se nos dijo que a mediados de este a\u00f1o habr\u00eda humo blanco, esperamos que en noviembre ya est\u00e9 definido el rumbo que tomar\u00e1 nuestro proyecto. Nosotros tratamos de superar todo lo presentado por \u00d1uble, a\u00fan as\u00ed no tenemos esto ganado, falta muchos puntos por resolver.<br \/>\n<strong>&#8211; \u00bfQu\u00e9 har\u00e1n con los pol\u00edticos que se puedan acercar a Fundaci\u00f3n Ideando para \u2018manosear\u2019 este proyecto?<\/strong><br \/>\n<strong>&#8211;<\/strong> Ya pensamos en eso. Por ello es que echamos a caminar este proyecto una vez que pasaron las elecciones de 2014, para minimizar ese impacto de los pol\u00edticos, la idea es poder avanzar sin los pol\u00edticos; lo pol\u00edtico pasa a un segundo plano. La oportunidad es real, est\u00e1 a la mano y s\u00f3lo falta voluntad pol\u00edtica, si la presidenta firma para Aconcagua, creo entonces que habremos dado un paso muy importante.<br \/>\n<strong>Roberto Gonz\u00e1lez Short<\/strong><br \/>\n<strong>rgonzalez@eltrabajo.cl<\/strong><\/p>\n","protected":false},"excerpt":{"rendered":"<p>La ma\u00f1ana del jueves 20 de agosto fue un d\u00eda hist\u00f3rico para Chile, ya que la presidenta Bachellet firm\u00f3 el proyecto de ley que crea la Regi\u00f3n de \u00d1uble. La importante r\u00fabrica&#8230;<\/p>\n","protected":false},"author":482,"featured_media":61377,"comment_status":"open","ping_status":"open","sticky":false,"template":"","format":"standard","meta":{"advanced_seo_description":"","jetpack_seo_html_title":"","jetpack_seo_noindex":false,"_jetpack_memberships_contains_paid_content":false,"footnotes":""},"categories":[15],"tags":[],"class_list":["post-61376","post","type-post","status-publish","format-standard","has-post-thumbnail","hentry","category-comunidad"],"jetpack_featured_media_url":"https:\/\/i0.wp.com\/eltrabajo.cl\/portal\/wp-content\/uploads\/2015\/08\/Jhon1.jpg?fit=530%2C350&ssl=1","jetpack_sharing_enabled":true,"jetpack_likes_enabled":true,"jetpack-related-posts":[],"_links":{"self":[{"href":"https:\/\/eltrabajo.cl\/portal\/wp-json\/wp\/v2\/posts\/61376","targetHints":{"allow":["GET"]}}],"collection":[{"href":"https:\/\/eltrabajo.cl\/portal\/wp-json\/wp\/v2\/posts"}],"about":[{"href":"https:\/\/eltrabajo.cl\/portal\/wp-json\/wp\/v2\/types\/post"}],"author":[{"embeddable":true,"href":"https:\/\/eltrabajo.cl\/portal\/wp-json\/wp\/v2\/users\/482"}],"replies":[{"embeddable":true,"href":"https:\/\/eltrabajo.cl\/portal\/wp-json\/wp\/v2\/comments?post=61376"}],"version-history":[{"count":0,"href":"https:\/\/eltrabajo.cl\/portal\/wp-json\/wp\/v2\/posts\/61376\/revisions"}],"wp:featuredmedia":[{"embeddable":true,"href":"https:\/\/eltrabajo.cl\/portal\/wp-json\/wp\/v2\/media\/61377"}],"wp:attachment":[{"href":"https:\/\/eltrabajo.cl\/portal\/wp-json\/wp\/v2\/media?parent=61376"}],"wp:term":[{"taxonomy":"category","embeddable":true,"href":"https:\/\/eltrabajo.cl\/portal\/wp-json\/wp\/v2\/categories?post=61376"},{"taxonomy":"post_tag","embeddable":true,"href":"https:\/\/eltrabajo.cl\/portal\/wp-json\/wp\/v2\/tags?post=61376"}],"curies":[{"name":"wp","href":"https:\/\/api.w.org\/{rel}","templated":true}]}}