{"id":61380,"date":"2015-08-27T09:30:55","date_gmt":"2015-08-27T12:30:55","guid":{"rendered":"http:\/\/www.eltrabajo.cl\/portal\/?p=61380"},"modified":"2015-08-27T09:30:55","modified_gmt":"2015-08-27T12:30:55","slug":"este-sabado-se-realizara-6a-sesion-de-talleres-para-el-cuidado-ambiental-de-conaf","status":"publish","type":"post","link":"https:\/\/eltrabajo.cl\/portal\/este-sabado-se-realizara-6a-sesion-de-talleres-para-el-cuidado-ambiental-de-conaf\/","title":{"rendered":"Este s\u00e1bado se realizar\u00e1 6\u00aa sesi\u00f3n de talleres para el cuidado ambiental de Conaf"},"content":{"rendered":"<figure id=\"attachment_61381\" aria-describedby=\"caption-attachment-61381\" style=\"width: 300px\" class=\"wp-caption alignleft\"><a href=\"https:\/\/i0.wp.com\/www.eltrabajo.cl\/portal\/wp-content\/uploads\/2015\/08\/Gente-Taller-Adobe-y-Tapial.jpg\"><img data-recalc-dims=\"1\" loading=\"lazy\" decoding=\"async\" class=\"wp-image-61381 size-medium\" src=\"https:\/\/i0.wp.com\/www.eltrabajo.cl\/portal\/wp-content\/uploads\/2015\/08\/Gente-Taller-Adobe-y-Tapial-300x198.jpg?resize=300%2C198\" alt=\"La invitaci\u00f3n es extensiva para todas las personas que quieran participar de la sexta versi\u00f3n de talleres de cuidado ambiental que organiza Conaf\" width=\"300\" height=\"198\" srcset=\"https:\/\/i0.wp.com\/eltrabajo.cl\/portal\/wp-content\/uploads\/2015\/08\/Gente-Taller-Adobe-y-Tapial.jpg?resize=300%2C198&amp;ssl=1 300w, https:\/\/i0.wp.com\/eltrabajo.cl\/portal\/wp-content\/uploads\/2015\/08\/Gente-Taller-Adobe-y-Tapial.jpg?resize=200%2C132&amp;ssl=1 200w, https:\/\/i0.wp.com\/eltrabajo.cl\/portal\/wp-content\/uploads\/2015\/08\/Gente-Taller-Adobe-y-Tapial.jpg?resize=227%2C150&amp;ssl=1 227w, https:\/\/i0.wp.com\/eltrabajo.cl\/portal\/wp-content\/uploads\/2015\/08\/Gente-Taller-Adobe-y-Tapial.jpg?resize=400%2C264&amp;ssl=1 400w, https:\/\/i0.wp.com\/eltrabajo.cl\/portal\/wp-content\/uploads\/2015\/08\/Gente-Taller-Adobe-y-Tapial.jpg?w=530&amp;ssl=1 530w\" sizes=\"auto, (max-width: 300px) 100vw, 300px\" \/><\/a><figcaption id=\"caption-attachment-61381\" class=\"wp-caption-text\">La invitaci\u00f3n es extensiva para todas las personas que quieran participar de la sexta versi\u00f3n de talleres de cuidado ambiental que organiza Conaf<\/figcaption><\/figure>\n<p>El s\u00e1bado 29 se realizar\u00e1 la sexta sesi\u00f3n de los talleres de resiliencia clim\u00e1tica en Jahuel. El Taller se llama \u2018Manejo pr\u00e1ctico de Bosque Nativo en Jahuel. Alternativa de resiliencia al Cambio Clim\u00e1tico\u2019.<br \/>\nEn esta oportunidad, la actividad cuenta con el apoyo de Conaf, y el taller ser\u00e1 facilitado por Carlos Reyes y Denise N\u00fa\u00f1ez. La actividad constar\u00e1 de una parte te\u00f3rica que abordar\u00e1 la importancia del bosque nativo para los suelos y sus efectos frente al cambio clim\u00e1tico. Luego pasaremos a una sesi\u00f3n pr\u00e1ctica de manejo de especies nativas (poda y raleo). Para continuar con una actividad de reforestaci\u00f3n en la que se plantar\u00e1n especies nativas.<br \/>\nPara el almuerzo se compartir\u00e1 un asado y sopaipillas con pebre. Adem\u00e1s se obsequiar\u00e1n especies nativas a los asistentes.<br \/>\nLa inscripci\u00f3n es gratuita, pues los participantes solo deben traer alguna cooperaci\u00f3n para el almuerzo comunitario.<br \/>\nAdem\u00e1s el taller es totalmente gratuito y abierto a la comunidad en general.<\/p>\n","protected":false},"excerpt":{"rendered":"<p>El s\u00e1bado 29 se realizar\u00e1 la sexta sesi\u00f3n de los talleres de resiliencia clim\u00e1tica en Jahuel. El Taller se llama \u2018Manejo pr\u00e1ctico de Bosque Nativo en Jahuel. Alternativa de resiliencia al Cambio&#8230;<\/p>\n","protected":false},"author":482,"featured_media":61381,"comment_status":"open","ping_status":"open","sticky":false,"template":"","format":"standard","meta":{"advanced_seo_description":"","jetpack_seo_html_title":"","jetpack_seo_noindex":false,"_jetpack_memberships_contains_paid_content":false,"footnotes":""},"categories":[15],"tags":[],"class_list":["post-61380","post","type-post","status-publish","format-standard","has-post-thumbnail","hentry","category-comunidad"],"jetpack_featured_media_url":"https:\/\/i0.wp.com\/eltrabajo.cl\/portal\/wp-content\/uploads\/2015\/08\/Gente-Taller-Adobe-y-Tapial.jpg?fit=530%2C350&ssl=1","jetpack_sharing_enabled":true,"jetpack_likes_enabled":true,"jetpack-related-posts":[],"_links":{"self":[{"href":"https:\/\/eltrabajo.cl\/portal\/wp-json\/wp\/v2\/posts\/61380","targetHints":{"allow":["GET"]}}],"collection":[{"href":"https:\/\/eltrabajo.cl\/portal\/wp-json\/wp\/v2\/posts"}],"about":[{"href":"https:\/\/eltrabajo.cl\/portal\/wp-json\/wp\/v2\/types\/post"}],"author":[{"embeddable":true,"href":"https:\/\/eltrabajo.cl\/portal\/wp-json\/wp\/v2\/users\/482"}],"replies":[{"embeddable":true,"href":"https:\/\/eltrabajo.cl\/portal\/wp-json\/wp\/v2\/comments?post=61380"}],"version-history":[{"count":0,"href":"https:\/\/eltrabajo.cl\/portal\/wp-json\/wp\/v2\/posts\/61380\/revisions"}],"wp:featuredmedia":[{"embeddable":true,"href":"https:\/\/eltrabajo.cl\/portal\/wp-json\/wp\/v2\/media\/61381"}],"wp:attachment":[{"href":"https:\/\/eltrabajo.cl\/portal\/wp-json\/wp\/v2\/media?parent=61380"}],"wp:term":[{"taxonomy":"category","embeddable":true,"href":"https:\/\/eltrabajo.cl\/portal\/wp-json\/wp\/v2\/categories?post=61380"},{"taxonomy":"post_tag","embeddable":true,"href":"https:\/\/eltrabajo.cl\/portal\/wp-json\/wp\/v2\/tags?post=61380"}],"curies":[{"name":"wp","href":"https:\/\/api.w.org\/{rel}","templated":true}]}}