{"id":61383,"date":"2015-08-27T09:32:53","date_gmt":"2015-08-27T12:32:53","guid":{"rendered":"http:\/\/www.eltrabajo.cl\/portal\/?p=61383"},"modified":"2015-08-27T09:32:53","modified_gmt":"2015-08-27T12:32:53","slug":"ministerio-de-interior-asigna-30-millones-a-comites-de-provincia-de-los-andes","status":"publish","type":"post","link":"https:\/\/eltrabajo.cl\/portal\/ministerio-de-interior-asigna-30-millones-a-comites-de-provincia-de-los-andes\/","title":{"rendered":"Ministerio de Interior asigna $30 millones a comit\u00e9s de provincia de Los Andes"},"content":{"rendered":"<figure id=\"attachment_61384\" aria-describedby=\"caption-attachment-61384\" style=\"width: 300px\" class=\"wp-caption alignleft\"><a href=\"https:\/\/i0.wp.com\/www.eltrabajo.cl\/portal\/wp-content\/uploads\/2015\/08\/Gobernadora.jpg\"><img data-recalc-dims=\"1\" loading=\"lazy\" decoding=\"async\" class=\"wp-image-61384 size-medium\" src=\"https:\/\/i0.wp.com\/www.eltrabajo.cl\/portal\/wp-content\/uploads\/2015\/08\/Gobernadora-300x198.jpg?resize=300%2C198\" alt=\"Los quince Comit\u00e9s APR de Los Andes se reunieron en la gobernaci\u00f3n para recibir una capacitaci\u00f3n organizada por la Direcci\u00f3n de Obras Hidr\u00e1ulicas y la Unidad T\u00e9cnica de Esval. \" width=\"300\" height=\"198\" srcset=\"https:\/\/i0.wp.com\/eltrabajo.cl\/portal\/wp-content\/uploads\/2015\/08\/Gobernadora.jpg?resize=300%2C198&amp;ssl=1 300w, https:\/\/i0.wp.com\/eltrabajo.cl\/portal\/wp-content\/uploads\/2015\/08\/Gobernadora.jpg?resize=200%2C132&amp;ssl=1 200w, https:\/\/i0.wp.com\/eltrabajo.cl\/portal\/wp-content\/uploads\/2015\/08\/Gobernadora.jpg?resize=227%2C150&amp;ssl=1 227w, https:\/\/i0.wp.com\/eltrabajo.cl\/portal\/wp-content\/uploads\/2015\/08\/Gobernadora.jpg?resize=400%2C264&amp;ssl=1 400w, https:\/\/i0.wp.com\/eltrabajo.cl\/portal\/wp-content\/uploads\/2015\/08\/Gobernadora.jpg?w=530&amp;ssl=1 530w\" sizes=\"auto, (max-width: 300px) 100vw, 300px\" \/><\/a><figcaption id=\"caption-attachment-61384\" class=\"wp-caption-text\">SONY DSCLos quince Comit\u00e9s APR de Los Andes se reunieron en la gobernaci\u00f3n para recibir una capacitaci\u00f3n organizada por la Direcci\u00f3n de Obras Hidr\u00e1ulicas y la Unidad T\u00e9cnica de Esval.<\/figcaption><\/figure>\n<p><strong>LOS ANDES.-<\/strong> Con el fin de promover buenas pr\u00e1cticas y recibir asesor\u00eda t\u00e9cnica en la administraci\u00f3n del recurso h\u00eddrico, los quince Comit\u00e9s de Agua Potable Rural (APR) de la provincia de Los Andes se reunieron en la Gobernaci\u00f3n Provincial de Los Andes para recibir una capacitaci\u00f3n organizada por la Direcci\u00f3n de Obras Hidr\u00e1ulicas, DOH y la Unidad T\u00e9cnica de Esval.<br \/>\nDicha jornada permiti\u00f3 a los representantes de los comit\u00e9s conocer la nueva plataforma web SIAC APR, con la cual podr\u00e1n acceder a informaci\u00f3n y estrechar contactos con otros servicios que contribuir\u00e1n a entregar un mejor servicio a las comunidades donde entregan agua potable.<br \/>\nla gobernadora provincial de Los Andes, Mar\u00eda Victoria Rodr\u00edguez, quien encabez\u00f3 la actividad, destac\u00f3 la iniciativa y manifest\u00f3 la importancia del trabajo organizado y solidario entre los distintos APR.<br \/>\n\u201cLo importante es que dentro del programa del Gobierno de la Presidenta Michelle Bachelet ocupan un lugar fundamental los APR, ya que se ha trabajado en el agua como un derecho humano y en la necesidad de regular de que a ninguna persona le falte la posibilidad de tener agua. El APR permite llegar a lugares apartados, de dif\u00edcil acceso. Esto permite alcanzar lo que este Gobierno quiere: disminuir las brechas, que las personas vivan en condiciones de igualdad y asegurar este vital elemento\u201d.<br \/>\nAdem\u00e1s de la capacitaci\u00f3n, se dio a conocer que, por medio del fondo de emergencia del Ministerio del Interior, se asignaron 30 millones de pesos para obras de mejoramiento provisorio de los APR afectados por la sequ\u00eda para el abastecimiento y consumo humano de APR en la provincia de Los Andes, los cuales se distribuir\u00e1n en ca\u00f1er\u00edas, estanques, bombas y generadores.<br \/>\n\u201cEste dinero nos permitir\u00e1 que muchos APR, a trav\u00e9s de un trabajo mancomunado y solidario, doten del suministro a otros lugares que no han podido acceder al suministro de agua, tanto por un bajo caudal como por la baja de las napas subterr\u00e1neas. Por ejemplo, permitir\u00e1 que El Gredal cuente con agua potable gracias al APR de El Cobre y Los Espinos gracias al APR de R\u00edo Blanco. Asimismo, El Sauce har\u00e1 un arranque al campamento Terrapl\u00e9n y, por primera vez, sus habitantes tendr\u00e1n acceso al vital elemento. Todo esto se logra por medio de la solidaridad de los comit\u00e9s\u201d.<\/p>\n","protected":false},"excerpt":{"rendered":"<p>LOS ANDES.- Con el fin de promover buenas pr\u00e1cticas y recibir asesor\u00eda t\u00e9cnica en la administraci\u00f3n del recurso h\u00eddrico, los quince Comit\u00e9s de Agua Potable Rural (APR) de la provincia de Los&#8230;<\/p>\n","protected":false},"author":482,"featured_media":61384,"comment_status":"open","ping_status":"open","sticky":false,"template":"","format":"standard","meta":{"advanced_seo_description":"","jetpack_seo_html_title":"","jetpack_seo_noindex":false,"_jetpack_memberships_contains_paid_content":false,"footnotes":""},"categories":[1],"tags":[],"class_list":["post-61383","post","type-post","status-publish","format-standard","has-post-thumbnail","hentry","category-cronica"],"jetpack_featured_media_url":"https:\/\/i0.wp.com\/eltrabajo.cl\/portal\/wp-content\/uploads\/2015\/08\/Gobernadora.jpg?fit=530%2C350&ssl=1","jetpack_sharing_enabled":true,"jetpack_likes_enabled":true,"jetpack-related-posts":[],"_links":{"self":[{"href":"https:\/\/eltrabajo.cl\/portal\/wp-json\/wp\/v2\/posts\/61383","targetHints":{"allow":["GET"]}}],"collection":[{"href":"https:\/\/eltrabajo.cl\/portal\/wp-json\/wp\/v2\/posts"}],"about":[{"href":"https:\/\/eltrabajo.cl\/portal\/wp-json\/wp\/v2\/types\/post"}],"author":[{"embeddable":true,"href":"https:\/\/eltrabajo.cl\/portal\/wp-json\/wp\/v2\/users\/482"}],"replies":[{"embeddable":true,"href":"https:\/\/eltrabajo.cl\/portal\/wp-json\/wp\/v2\/comments?post=61383"}],"version-history":[{"count":0,"href":"https:\/\/eltrabajo.cl\/portal\/wp-json\/wp\/v2\/posts\/61383\/revisions"}],"wp:featuredmedia":[{"embeddable":true,"href":"https:\/\/eltrabajo.cl\/portal\/wp-json\/wp\/v2\/media\/61384"}],"wp:attachment":[{"href":"https:\/\/eltrabajo.cl\/portal\/wp-json\/wp\/v2\/media?parent=61383"}],"wp:term":[{"taxonomy":"category","embeddable":true,"href":"https:\/\/eltrabajo.cl\/portal\/wp-json\/wp\/v2\/categories?post=61383"},{"taxonomy":"post_tag","embeddable":true,"href":"https:\/\/eltrabajo.cl\/portal\/wp-json\/wp\/v2\/tags?post=61383"}],"curies":[{"name":"wp","href":"https:\/\/api.w.org\/{rel}","templated":true}]}}