{"id":61386,"date":"2015-08-27T09:34:04","date_gmt":"2015-08-27T12:34:04","guid":{"rendered":"http:\/\/www.eltrabajo.cl\/portal\/?p=61386"},"modified":"2015-08-27T09:34:04","modified_gmt":"2015-08-27T12:34:04","slug":"vecinos-denuncian-que-llevan-mas-de-seis-meses-sin-alumbrado-publico","status":"publish","type":"post","link":"https:\/\/eltrabajo.cl\/portal\/vecinos-denuncian-que-llevan-mas-de-seis-meses-sin-alumbrado-publico\/","title":{"rendered":"Vecinos denuncian que llevan m\u00e1s de seis meses sin alumbrado p\u00fablico"},"content":{"rendered":"<figure id=\"attachment_61387\" aria-describedby=\"caption-attachment-61387\" style=\"width: 300px\" class=\"wp-caption alignleft\"><a href=\"https:\/\/i0.wp.com\/www.eltrabajo.cl\/portal\/wp-content\/uploads\/2015\/08\/Farfan-2.jpg\"><img data-recalc-dims=\"1\" loading=\"lazy\" decoding=\"async\" class=\"wp-image-61387 size-medium\" src=\"https:\/\/i0.wp.com\/www.eltrabajo.cl\/portal\/wp-content\/uploads\/2015\/08\/Farfan-2-300x198.jpg?resize=300%2C198\" alt=\"Julio Farf\u00e1n Palacios, presidente de la junta de vecinos de villa Cacique Vitacura, se\u00f1alando el problema que tienen con la luminaria p\u00fablica.\" width=\"300\" height=\"198\" srcset=\"https:\/\/i0.wp.com\/eltrabajo.cl\/portal\/wp-content\/uploads\/2015\/08\/Farfan-2.jpg?resize=300%2C198&amp;ssl=1 300w, https:\/\/i0.wp.com\/eltrabajo.cl\/portal\/wp-content\/uploads\/2015\/08\/Farfan-2.jpg?resize=200%2C132&amp;ssl=1 200w, https:\/\/i0.wp.com\/eltrabajo.cl\/portal\/wp-content\/uploads\/2015\/08\/Farfan-2.jpg?resize=227%2C150&amp;ssl=1 227w, https:\/\/i0.wp.com\/eltrabajo.cl\/portal\/wp-content\/uploads\/2015\/08\/Farfan-2.jpg?resize=400%2C264&amp;ssl=1 400w, https:\/\/i0.wp.com\/eltrabajo.cl\/portal\/wp-content\/uploads\/2015\/08\/Farfan-2.jpg?w=530&amp;ssl=1 530w\" sizes=\"auto, (max-width: 300px) 100vw, 300px\" \/><\/a><figcaption id=\"caption-attachment-61387\" class=\"wp-caption-text\">Julio Farf\u00e1n Palacios, presidente de la junta de vecinos de villa Cacique Vitacura, se\u00f1alando el problema que tienen con la luminaria p\u00fablica.<\/figcaption><\/figure>\n<ul>\n<li><strong>En villa Cacique Vitacura se quejan por la inseguridad que genera esta situaci\u00f3n y el aumento de los robos en sus casas.<\/strong><\/li>\n<\/ul>\n<p><strong>LOS ANDES.<\/strong>&#8211; Seis meses sin alumbrado p\u00fablico llevan los vecinos de la villa Cacique Vitacura a debido a problemas en las luminarias de plazoletas y pasajes.<br \/>\nAs\u00ed lo denunci\u00f3 el presidente de la junta de vecinos de ese antiguo conjunto habitacional, Julio Farf\u00e1n Palacios, quien manifest\u00f3 que el problema se arrastra desde el mes de diciembre de 2014 despu\u00e9s de la celebraci\u00f3n de Navidad cuando quedaron sin luz.<br \/>\n\u201cEn reiteradas oportunidades hemos hablado con las autoridades, pero nos indican que no hay recursos. El alcalde nos manifest\u00f3 a comienzo de a\u00f1o que en abril de este a\u00f1o este tema estar\u00eda solucionado, ya que iba a contratar una persona dedicada especialmente a este tema, eso se hizo y el encargado se llama Alejandro Navarrete, pero no cuenta con ning\u00fan medio para solucionar nuestros problemas\u201d, expuso el dirigente.<br \/>\nAfirm\u00f3 que tras la promesa hecha por el alcalde los mismos vecinos compraron las ampolletas, \u201cpero con los trabajos que se est\u00e1n realizando desafortunadamente hay un corte circuito o problema el\u00e9ctrico y se quemaron todas las a que hab\u00edamos comprado para la plaza principal\u201d.<br \/>\nAgreg\u00f3 que luego cortaron un cable que daba alimentaci\u00f3n el\u00e9ctrica para la sede vecinal y finalmente quedaron sin alumbrado p\u00fablico, gener\u00e1ndose focos de delincuencia.<br \/>\nAdem\u00e1s un poste fue impactado por un veh\u00edculo y los cables quedaron colgados sobre las m\u00e1quinas de ejercicios.<br \/>\n\u201cCon el transcurso del tiempo hemos ido denunciado todas estas anomal\u00edas a la alcald\u00eda que nos ha prometido solucionar el problema principal que nos ha tra\u00eddo como consecuencia un aumento de los delitos de robo en las casas de nuestra poblaci\u00f3n, ya que como no hay alumbrado p\u00fablico, se forman grupos que se dedican a drogarse e ingerir alcohol y una vez que se les acaba lo que estaban consumiendo viene esta cadena de robos\u201d, se quej\u00f3 el dirigente.<br \/>\nJulio Farf\u00e1n manifest\u00f3 que si la municipalidad no tiene recursos para solucionar el problema al menos esperan recibir apoyo para poder postular a un proyecto fondo concursable que les permita reponer la iluminaci\u00f3n, \u201c pues as\u00ed como est\u00e1 la situaci\u00f3n en cualquier momento se van a meter a una casa y la van asaltar, creo que la falta de alumbrado es un tema de seguridad p\u00fablica y como dirigente social he realizado las denuncias correspondientes a las autoridades que corresponde, sin tener a la fecha una soluci\u00f3n que nos permita vivir en paz\u201d, acot\u00f3.<\/p>\n","protected":false},"excerpt":{"rendered":"<p>En villa Cacique Vitacura se quejan por la inseguridad que genera esta situaci\u00f3n y el aumento de los robos en sus casas. LOS ANDES.&#8211; Seis meses sin alumbrado p\u00fablico llevan los vecinos&#8230;<\/p>\n","protected":false},"author":482,"featured_media":61387,"comment_status":"open","ping_status":"open","sticky":false,"template":"","format":"standard","meta":{"advanced_seo_description":"","jetpack_seo_html_title":"","jetpack_seo_noindex":false,"_jetpack_memberships_contains_paid_content":false,"footnotes":""},"categories":[1],"tags":[],"class_list":["post-61386","post","type-post","status-publish","format-standard","has-post-thumbnail","hentry","category-cronica"],"jetpack_featured_media_url":"https:\/\/i0.wp.com\/eltrabajo.cl\/portal\/wp-content\/uploads\/2015\/08\/Farfan-2.jpg?fit=530%2C350&ssl=1","jetpack_sharing_enabled":true,"jetpack_likes_enabled":true,"jetpack-related-posts":[],"_links":{"self":[{"href":"https:\/\/eltrabajo.cl\/portal\/wp-json\/wp\/v2\/posts\/61386","targetHints":{"allow":["GET"]}}],"collection":[{"href":"https:\/\/eltrabajo.cl\/portal\/wp-json\/wp\/v2\/posts"}],"about":[{"href":"https:\/\/eltrabajo.cl\/portal\/wp-json\/wp\/v2\/types\/post"}],"author":[{"embeddable":true,"href":"https:\/\/eltrabajo.cl\/portal\/wp-json\/wp\/v2\/users\/482"}],"replies":[{"embeddable":true,"href":"https:\/\/eltrabajo.cl\/portal\/wp-json\/wp\/v2\/comments?post=61386"}],"version-history":[{"count":0,"href":"https:\/\/eltrabajo.cl\/portal\/wp-json\/wp\/v2\/posts\/61386\/revisions"}],"wp:featuredmedia":[{"embeddable":true,"href":"https:\/\/eltrabajo.cl\/portal\/wp-json\/wp\/v2\/media\/61387"}],"wp:attachment":[{"href":"https:\/\/eltrabajo.cl\/portal\/wp-json\/wp\/v2\/media?parent=61386"}],"wp:term":[{"taxonomy":"category","embeddable":true,"href":"https:\/\/eltrabajo.cl\/portal\/wp-json\/wp\/v2\/categories?post=61386"},{"taxonomy":"post_tag","embeddable":true,"href":"https:\/\/eltrabajo.cl\/portal\/wp-json\/wp\/v2\/tags?post=61386"}],"curies":[{"name":"wp","href":"https:\/\/api.w.org\/{rel}","templated":true}]}}