{"id":61389,"date":"2015-08-27T09:35:20","date_gmt":"2015-08-27T12:35:20","guid":{"rendered":"http:\/\/www.eltrabajo.cl\/portal\/?p=61389"},"modified":"2015-08-27T09:35:20","modified_gmt":"2015-08-27T12:35:20","slug":"oficina-del-adulto-mayor-realizo-primer-comunal-de-cueca-en-san-felipe","status":"publish","type":"post","link":"https:\/\/eltrabajo.cl\/portal\/oficina-del-adulto-mayor-realizo-primer-comunal-de-cueca-en-san-felipe\/","title":{"rendered":"Oficina del Adulto Mayor realiz\u00f3 primer Comunal de Cueca en San Felipe"},"content":{"rendered":"<figure id=\"attachment_61390\" aria-describedby=\"caption-attachment-61390\" style=\"width: 300px\" class=\"wp-caption alignleft\"><a href=\"https:\/\/i0.wp.com\/www.eltrabajo.cl\/portal\/wp-content\/uploads\/2015\/08\/Pareja-Ganadora-Cueca-Adulto-Mayor.jpg\"><img data-recalc-dims=\"1\" loading=\"lazy\" decoding=\"async\" class=\"wp-image-61390 size-medium\" src=\"https:\/\/i0.wp.com\/www.eltrabajo.cl\/portal\/wp-content\/uploads\/2015\/08\/Pareja-Ganadora-Cueca-Adulto-Mayor-300x197.jpg?resize=300%2C197\" alt=\"En la foto, los ganadores campeonato Comunal de Cueca categor\u00eda adulto mayor: Mar\u00eda Ang\u00e9lica Tapia y Osvaldo Gonz\u00e1lez.\" width=\"300\" height=\"197\" srcset=\"https:\/\/i0.wp.com\/eltrabajo.cl\/portal\/wp-content\/uploads\/2015\/08\/Pareja-Ganadora-Cueca-Adulto-Mayor.jpg?resize=300%2C197&amp;ssl=1 300w, https:\/\/i0.wp.com\/eltrabajo.cl\/portal\/wp-content\/uploads\/2015\/08\/Pareja-Ganadora-Cueca-Adulto-Mayor.jpg?resize=200%2C131&amp;ssl=1 200w, https:\/\/i0.wp.com\/eltrabajo.cl\/portal\/wp-content\/uploads\/2015\/08\/Pareja-Ganadora-Cueca-Adulto-Mayor.jpg?resize=228%2C150&amp;ssl=1 228w, https:\/\/i0.wp.com\/eltrabajo.cl\/portal\/wp-content\/uploads\/2015\/08\/Pareja-Ganadora-Cueca-Adulto-Mayor.jpg?resize=400%2C263&amp;ssl=1 400w, https:\/\/i0.wp.com\/eltrabajo.cl\/portal\/wp-content\/uploads\/2015\/08\/Pareja-Ganadora-Cueca-Adulto-Mayor.jpg?w=530&amp;ssl=1 530w\" sizes=\"auto, (max-width: 300px) 100vw, 300px\" \/><\/a><figcaption id=\"caption-attachment-61390\" class=\"wp-caption-text\">En la foto, los ganadores campeonato Comunal de Cueca categor\u00eda adulto mayor: Mar\u00eda Ang\u00e9lica Tapia y Osvaldo Gonz\u00e1lez.<\/figcaption><\/figure>\n<ul>\n<li><strong>Los ganadores tendr\u00e1n la misi\u00f3n de representar a la provincia en el Regional de Cueca del Adulto Mayor<\/strong><\/li>\n<\/ul>\n<p>La pareja integrada por Mar\u00eda Ang\u00e9lica Tapia y Osvaldo Gonz\u00e1lez, se coron\u00f3 campeona del Comunal de Cueca categor\u00eda adulto mayor, realizado en el Teatro Municipal de San Felipe, en un evento que cont\u00f3 con una masiva asistencia de p\u00fablico.<br \/>\nEn la oportunidad, fueron nueve las parejas que compitieron en este torneo, que por primera vez fue organizado por la Oficina Municipal del Adulto Mayor, como una manera de promover la participaci\u00f3n en el taller de folclor.<br \/>\nEl jurado presidido por Danilo Godoy e integrado por Maritza Libbrecht, Mar\u00eda Eugenia Celed\u00f3n y la campeona nacional a\u00f1o 2002 Silvia Sep\u00falveda, debi\u00f3 trabajar arduamente para resolver a los ganadores.<br \/>\nAs\u00ed, el primer lugar lo obtuvieron Mar\u00eda Ang\u00e9lica Tapia y Osvaldo Gonz\u00e1lez; mientras que Mar\u00eda Luisa Salinas y Juan Bustos Past\u00e9n se quedaron con el segundo puesto, seguidos de Celmira Sep\u00falveda y Arnold Flores, que resultaron en el tercer lugar.<br \/>\n\u201cLa idea es motivar a nuestros adultos mayores para que participen en el taller de folclor que facilita el aprendizaje y el cari\u00f1o por nuestra danza nacional\u201d, se\u00f1al\u00f3 la coordinadora de la oficina, Patricia Opazo.<br \/>\nEl campeonato comunal, amenizado por \u2018Los Huasos de Millahue\u2019, registr\u00f3 por primera vez en su historia, la participaci\u00f3n de una pareja de adultos mayores de nacionalidad argentina, quienes cumplieron su sue\u00f1o y el desaf\u00edo de aprender nuestro baile nacional.<br \/>\nLos ganadores de esta competencia, representar\u00e1n a San Felipe en la etapa regional que fue programada para el 10 de septiembre en el Anfiteatro del Patagual de Olmu\u00e9, donde saldr\u00e1 el representante de la Regi\u00f3n de Valpara\u00edso que competir\u00e1n en el torneo nacional que tradicionalmente se efect\u00faa en Olmu\u00e9.<\/p>\n","protected":false},"excerpt":{"rendered":"<p>Los ganadores tendr\u00e1n la misi\u00f3n de representar a la provincia en el Regional de Cueca del Adulto Mayor La pareja integrada por Mar\u00eda Ang\u00e9lica Tapia y Osvaldo Gonz\u00e1lez, se coron\u00f3 campeona del&#8230;<\/p>\n","protected":false},"author":482,"featured_media":61390,"comment_status":"open","ping_status":"open","sticky":false,"template":"","format":"standard","meta":{"advanced_seo_description":"","jetpack_seo_html_title":"","jetpack_seo_noindex":false,"_jetpack_memberships_contains_paid_content":false,"footnotes":""},"categories":[1],"tags":[],"class_list":["post-61389","post","type-post","status-publish","format-standard","has-post-thumbnail","hentry","category-cronica"],"jetpack_featured_media_url":"https:\/\/i0.wp.com\/eltrabajo.cl\/portal\/wp-content\/uploads\/2015\/08\/Pareja-Ganadora-Cueca-Adulto-Mayor.jpg?fit=530%2C348&ssl=1","jetpack_sharing_enabled":true,"jetpack_likes_enabled":true,"jetpack-related-posts":[],"_links":{"self":[{"href":"https:\/\/eltrabajo.cl\/portal\/wp-json\/wp\/v2\/posts\/61389","targetHints":{"allow":["GET"]}}],"collection":[{"href":"https:\/\/eltrabajo.cl\/portal\/wp-json\/wp\/v2\/posts"}],"about":[{"href":"https:\/\/eltrabajo.cl\/portal\/wp-json\/wp\/v2\/types\/post"}],"author":[{"embeddable":true,"href":"https:\/\/eltrabajo.cl\/portal\/wp-json\/wp\/v2\/users\/482"}],"replies":[{"embeddable":true,"href":"https:\/\/eltrabajo.cl\/portal\/wp-json\/wp\/v2\/comments?post=61389"}],"version-history":[{"count":0,"href":"https:\/\/eltrabajo.cl\/portal\/wp-json\/wp\/v2\/posts\/61389\/revisions"}],"wp:featuredmedia":[{"embeddable":true,"href":"https:\/\/eltrabajo.cl\/portal\/wp-json\/wp\/v2\/media\/61390"}],"wp:attachment":[{"href":"https:\/\/eltrabajo.cl\/portal\/wp-json\/wp\/v2\/media?parent=61389"}],"wp:term":[{"taxonomy":"category","embeddable":true,"href":"https:\/\/eltrabajo.cl\/portal\/wp-json\/wp\/v2\/categories?post=61389"},{"taxonomy":"post_tag","embeddable":true,"href":"https:\/\/eltrabajo.cl\/portal\/wp-json\/wp\/v2\/tags?post=61389"}],"curies":[{"name":"wp","href":"https:\/\/api.w.org\/{rel}","templated":true}]}}