{"id":61392,"date":"2015-08-27T09:36:36","date_gmt":"2015-08-27T12:36:36","guid":{"rendered":"http:\/\/www.eltrabajo.cl\/portal\/?p=61392"},"modified":"2015-08-27T09:36:36","modified_gmt":"2015-08-27T12:36:36","slug":"establecimientos-de-san-felipe-celebraron-dia-de-la-educacion-tecnico-profesional","status":"publish","type":"post","link":"https:\/\/eltrabajo.cl\/portal\/establecimientos-de-san-felipe-celebraron-dia-de-la-educacion-tecnico-profesional\/","title":{"rendered":"Establecimientos de San Felipe celebraron D\u00eda de la Educaci\u00f3n T\u00e9cnico Profesional"},"content":{"rendered":"<figure id=\"attachment_61393\" aria-describedby=\"caption-attachment-61393\" style=\"width: 300px\" class=\"wp-caption alignleft\"><a href=\"https:\/\/i0.wp.com\/www.eltrabajo.cl\/portal\/wp-content\/uploads\/2015\/08\/educ.-tecnico-profesional.jpg\"><img data-recalc-dims=\"1\" loading=\"lazy\" decoding=\"async\" class=\"wp-image-61393 size-medium\" src=\"https:\/\/i0.wp.com\/www.eltrabajo.cl\/portal\/wp-content\/uploads\/2015\/08\/educ.-tecnico-profesional-300x198.jpg?resize=300%2C198\" alt=\"El Liceo Roberto Humeres tambi\u00e9n conmemor\u00f3 este d\u00eda, ya que en la actualidad imparte las carreras de Contabilidad, Administraci\u00f3n de empresas y Electr\u00f3nica.\" width=\"300\" height=\"198\" srcset=\"https:\/\/i0.wp.com\/eltrabajo.cl\/portal\/wp-content\/uploads\/2015\/08\/educ.-tecnico-profesional.jpg?resize=300%2C198&amp;ssl=1 300w, https:\/\/i0.wp.com\/eltrabajo.cl\/portal\/wp-content\/uploads\/2015\/08\/educ.-tecnico-profesional.jpg?resize=200%2C132&amp;ssl=1 200w, https:\/\/i0.wp.com\/eltrabajo.cl\/portal\/wp-content\/uploads\/2015\/08\/educ.-tecnico-profesional.jpg?resize=227%2C150&amp;ssl=1 227w, https:\/\/i0.wp.com\/eltrabajo.cl\/portal\/wp-content\/uploads\/2015\/08\/educ.-tecnico-profesional.jpg?resize=400%2C264&amp;ssl=1 400w, https:\/\/i0.wp.com\/eltrabajo.cl\/portal\/wp-content\/uploads\/2015\/08\/educ.-tecnico-profesional.jpg?w=530&amp;ssl=1 530w\" sizes=\"auto, (max-width: 300px) 100vw, 300px\" \/><\/a><figcaption id=\"caption-attachment-61393\" class=\"wp-caption-text\">El Liceo Roberto Humeres tambi\u00e9n conmemor\u00f3 este d\u00eda, ya que en la actualidad imparte las carreras de Contabilidad, Administraci\u00f3n de empresas y Electr\u00f3nica.<\/figcaption><\/figure>\n<p>En la constante b\u00fasqueda de entregar las herramientas necesarias a los estudiantes, tres establecimientos educacionales municipales de la comuna de San Felipe, que corresponden a los Liceos Corina Urbina, San Felipe y Roberto Humeres evolucionaron hacia la educaci\u00f3n t\u00e9cnico profesional con gran \u00e9xito.<br \/>\nEn el primero de los casos, el Liceo Corina Urbina Villanueva, ubicado en avenida Yungay, actualmente imparte las carreras de alimentaci\u00f3n colectiva y enfermer\u00eda, las que hasta este a\u00f1o, han dado una importante alternativa educacional a varias generaciones, siendo en la actualidad, noventa las alumnas que han optado por esta alternativa conformando cuatro cursos.<br \/>\nSeg\u00fan Francisca Machuca, coordinadora del \u00e1rea, \u201cel Liceo Corina Urbina se ha visto beneficiado con la educaci\u00f3n t\u00e9cnico profesional, cada d\u00eda son m\u00e1s las alumnas que buscan estudiar estas carreras, y m\u00e1s a\u00fan que tras dos a\u00f1os, pueden acceder al mercado laboral, o continuar estudios superiores, gracias a la articulaci\u00f3n que tenemos con el Centro de Formaci\u00f3n T\u00e9cnica de la Universidad de Valpara\u00edso, todo gracias al respaldo de veinte a\u00f1os en materia de educaci\u00f3n t\u00e9cnico profesional\u201d.<br \/>\nEn el caso del Liceo San Felipe, este establecimiento educacional ubicado en la Poblaci\u00f3n San Felipe, actualmente imparte las carreras de T\u00e9cnico en construcci\u00f3n y Asistentes de P\u00e1rvulos, carreras que se desarrollan desde mediados del a\u00f1o 2012.<br \/>\nPara Carmen Gloria V\u00e1squez, Directora del establecimiento, esta es una muy buena alternativa para entregar a los j\u00f3venes estudiantes, manifestando que \u201cellos pueden salir con un titulo t\u00e9cnico en sus manos, lo que les da un valor agregado al enfrentarse a la educaci\u00f3n superior o al mercado laboral. Esto sirve tambi\u00e9n para que nuestros j\u00f3venes valoren las otras asignaturas, como las matem\u00e1ticas, las que si bien las ven de manera abstracta, cuando comienzan a trabajar con mediciones, planos, cubicaci\u00f3n y costos, ellos le encuentran el sentido a la valoraci\u00f3n de esta , y as\u00ed tambi\u00e9n a la f\u00edsica, el arte, prevenci\u00f3n de riesgos, etc., por lo que cuando ellos van a alg\u00fan lugar y escuchan las terminolog\u00edas, ya saben c\u00f3mo asimilarlas\u201d.<br \/>\nFinalmente, el Liceo Dr. Roberto Humeres Oyanedel, el que se ubica en calle Santo Domingo 207 en la actualidad imparte las carreras de Contabilidad, Administraci\u00f3n de empresas y Electr\u00f3nica, carreras de alta demanda, que implican un alto nivel de empleabilidad.<br \/>\nCecilia Godoy N\u00fa\u00f1ez, encargada del \u00e1rea t\u00e9cnico profesional del establecimiento, se\u00f1al\u00f3 que \u201choy queremos invitar a los alumnos que actualmente cursan segundo medio, o a quienes quieran seguir una de nuestras carreras, se acerquen hasta el liceo y conozcan la experiencia de nuestros alumnos. Para nosotros es muy importante potenciar el \u00e1rea t\u00e9cnico pedag\u00f3gica, para que ellos puedan potenciar su especialidad, con un titulo de nivel educaci\u00f3n media, lo que les abre muchas puertas, teniendo un prestigio de m\u00e1s de veinte a\u00f1os, en materia de educaci\u00f3n t\u00e9cnico profesional\u201d.<\/p>\n","protected":false},"excerpt":{"rendered":"<p>En la constante b\u00fasqueda de entregar las herramientas necesarias a los estudiantes, tres establecimientos educacionales municipales de la comuna de San Felipe, que corresponden a los Liceos Corina Urbina, San Felipe y&#8230;<\/p>\n","protected":false},"author":482,"featured_media":61393,"comment_status":"open","ping_status":"open","sticky":false,"template":"","format":"standard","meta":{"advanced_seo_description":"","jetpack_seo_html_title":"","jetpack_seo_noindex":false,"_jetpack_memberships_contains_paid_content":false,"footnotes":""},"categories":[1],"tags":[],"class_list":["post-61392","post","type-post","status-publish","format-standard","has-post-thumbnail","hentry","category-cronica"],"jetpack_featured_media_url":"https:\/\/i0.wp.com\/eltrabajo.cl\/portal\/wp-content\/uploads\/2015\/08\/educ.-tecnico-profesional.jpg?fit=530%2C350&ssl=1","jetpack_sharing_enabled":true,"jetpack_likes_enabled":true,"jetpack-related-posts":[],"_links":{"self":[{"href":"https:\/\/eltrabajo.cl\/portal\/wp-json\/wp\/v2\/posts\/61392","targetHints":{"allow":["GET"]}}],"collection":[{"href":"https:\/\/eltrabajo.cl\/portal\/wp-json\/wp\/v2\/posts"}],"about":[{"href":"https:\/\/eltrabajo.cl\/portal\/wp-json\/wp\/v2\/types\/post"}],"author":[{"embeddable":true,"href":"https:\/\/eltrabajo.cl\/portal\/wp-json\/wp\/v2\/users\/482"}],"replies":[{"embeddable":true,"href":"https:\/\/eltrabajo.cl\/portal\/wp-json\/wp\/v2\/comments?post=61392"}],"version-history":[{"count":0,"href":"https:\/\/eltrabajo.cl\/portal\/wp-json\/wp\/v2\/posts\/61392\/revisions"}],"wp:featuredmedia":[{"embeddable":true,"href":"https:\/\/eltrabajo.cl\/portal\/wp-json\/wp\/v2\/media\/61393"}],"wp:attachment":[{"href":"https:\/\/eltrabajo.cl\/portal\/wp-json\/wp\/v2\/media?parent=61392"}],"wp:term":[{"taxonomy":"category","embeddable":true,"href":"https:\/\/eltrabajo.cl\/portal\/wp-json\/wp\/v2\/categories?post=61392"},{"taxonomy":"post_tag","embeddable":true,"href":"https:\/\/eltrabajo.cl\/portal\/wp-json\/wp\/v2\/tags?post=61392"}],"curies":[{"name":"wp","href":"https:\/\/api.w.org\/{rel}","templated":true}]}}