{"id":61395,"date":"2015-08-27T09:39:02","date_gmt":"2015-08-27T12:39:02","guid":{"rendered":"http:\/\/www.eltrabajo.cl\/portal\/?p=61395"},"modified":"2015-08-27T09:39:02","modified_gmt":"2015-08-27T12:39:02","slug":"argentino-salvo-de-milagro-tras-volcar-camion-en-ruta-internacional","status":"publish","type":"post","link":"https:\/\/eltrabajo.cl\/portal\/argentino-salvo-de-milagro-tras-volcar-camion-en-ruta-internacional\/","title":{"rendered":"Argentino salv\u00f3 de milagro tras volcar cami\u00f3n en ruta internacional"},"content":{"rendered":"<figure id=\"attachment_61396\" aria-describedby=\"caption-attachment-61396\" style=\"width: 300px\" class=\"wp-caption alignleft\"><a href=\"https:\/\/i0.wp.com\/www.eltrabajo.cl\/portal\/wp-content\/uploads\/2015\/08\/melaza7.jpg\"><img data-recalc-dims=\"1\" loading=\"lazy\" decoding=\"async\" class=\"wp-image-61396 size-medium\" src=\"https:\/\/i0.wp.com\/www.eltrabajo.cl\/portal\/wp-content\/uploads\/2015\/08\/melaza7-300x198.jpg?resize=300%2C198\" alt=\"Hasta el lugar acudi\u00f3 la Primera, Segunda y Sexta Compa\u00f1\u00eda de Bomberos para controlar el derrame de combustible. (Fotograf\u00edas gentileza 6ta Compa\u00f1\u00eda de Bomberos R\u00edo Blanco)\" width=\"300\" height=\"198\" srcset=\"https:\/\/i0.wp.com\/eltrabajo.cl\/portal\/wp-content\/uploads\/2015\/08\/melaza7.jpg?resize=300%2C198&amp;ssl=1 300w, https:\/\/i0.wp.com\/eltrabajo.cl\/portal\/wp-content\/uploads\/2015\/08\/melaza7.jpg?resize=200%2C132&amp;ssl=1 200w, https:\/\/i0.wp.com\/eltrabajo.cl\/portal\/wp-content\/uploads\/2015\/08\/melaza7.jpg?resize=228%2C150&amp;ssl=1 228w, https:\/\/i0.wp.com\/eltrabajo.cl\/portal\/wp-content\/uploads\/2015\/08\/melaza7.jpg?resize=400%2C263&amp;ssl=1 400w, https:\/\/i0.wp.com\/eltrabajo.cl\/portal\/wp-content\/uploads\/2015\/08\/melaza7.jpg?w=530&amp;ssl=1 530w\" sizes=\"auto, (max-width: 300px) 100vw, 300px\" \/><\/a><figcaption id=\"caption-attachment-61396\" class=\"wp-caption-text\">Hasta el lugar acudi\u00f3 la Primera, Segunda y Sexta Compa\u00f1\u00eda de Bomberos para controlar el derrame de combustible. (Fotograf\u00edas gentileza 6ta Compa\u00f1\u00eda de Bomberos R\u00edo Blanco)<\/figcaption><\/figure>\n<ul>\n<li><strong>Veh\u00edculo estaba cargado con m\u00e1s de 20 mil litros de melaza.<\/strong><\/li>\n<\/ul>\n<p><strong>LOS ANDES<\/strong>.- Providencialmente con lesiones leves result\u00f3 un chofer de nacionalidad argentina cuyo cami\u00f3n volc\u00f3 la tarde de este mi\u00e9rcoles en la ruta internacional.<br \/>\nEl accidente se produjo faltando pocos minutos para las 15 horas a la altura del cuarto cobertizo, cuando por causas que son investigadas, el cami\u00f3n argentino perteneciente a la empresa de Transportes Roux de Mendoza, cargado con m\u00e1s de 20 mil litros de melaza, perdi\u00f3 el control y se fue hacia el costado derecho, volcando sobre la berma a un costado del cerro.<br \/>\nA pesar de que la cabina del rodado qued\u00f3 completamente destruida, su conductor identificado como Walter N\u00e9stor Pi\u00f1a, de 45 a\u00f1os, result\u00f3 afortunadamente con lesiones menores, siendo trasladado hasta el servicio de urgencia del Hospital San Juan de Dios para su evaluaci\u00f3n.<br \/>\nHasta el lugar concurrieron unidades de la Primera, Segunda y Sexta Compa\u00f1\u00eda de Bomberos quienes trabajaron en el control del derrame de combustible y la carga.<br \/>\nAsimismo, personal de Carabineros de la Subcomisar\u00eda Los Libertadores adopt\u00f3 el procedimiento de rigor para establecer las causas de este accidente que pudo tener consecuencias mucho peores.<\/p>\n","protected":false},"excerpt":{"rendered":"<p>Veh\u00edculo estaba cargado con m\u00e1s de 20 mil litros de melaza. LOS ANDES.- Providencialmente con lesiones leves result\u00f3 un chofer de nacionalidad argentina cuyo cami\u00f3n volc\u00f3 la tarde de este mi\u00e9rcoles en&#8230;<\/p>\n","protected":false},"author":482,"featured_media":61396,"comment_status":"open","ping_status":"open","sticky":false,"template":"","format":"standard","meta":{"advanced_seo_description":"","jetpack_seo_html_title":"","jetpack_seo_noindex":false,"_jetpack_memberships_contains_paid_content":false,"footnotes":""},"categories":[21],"tags":[],"class_list":["post-61395","post","type-post","status-publish","format-standard","has-post-thumbnail","hentry","category-policial"],"jetpack_featured_media_url":"https:\/\/i0.wp.com\/eltrabajo.cl\/portal\/wp-content\/uploads\/2015\/08\/melaza7.jpg?fit=530%2C349&ssl=1","jetpack_sharing_enabled":true,"jetpack_likes_enabled":true,"jetpack-related-posts":[],"_links":{"self":[{"href":"https:\/\/eltrabajo.cl\/portal\/wp-json\/wp\/v2\/posts\/61395","targetHints":{"allow":["GET"]}}],"collection":[{"href":"https:\/\/eltrabajo.cl\/portal\/wp-json\/wp\/v2\/posts"}],"about":[{"href":"https:\/\/eltrabajo.cl\/portal\/wp-json\/wp\/v2\/types\/post"}],"author":[{"embeddable":true,"href":"https:\/\/eltrabajo.cl\/portal\/wp-json\/wp\/v2\/users\/482"}],"replies":[{"embeddable":true,"href":"https:\/\/eltrabajo.cl\/portal\/wp-json\/wp\/v2\/comments?post=61395"}],"version-history":[{"count":0,"href":"https:\/\/eltrabajo.cl\/portal\/wp-json\/wp\/v2\/posts\/61395\/revisions"}],"wp:featuredmedia":[{"embeddable":true,"href":"https:\/\/eltrabajo.cl\/portal\/wp-json\/wp\/v2\/media\/61396"}],"wp:attachment":[{"href":"https:\/\/eltrabajo.cl\/portal\/wp-json\/wp\/v2\/media?parent=61395"}],"wp:term":[{"taxonomy":"category","embeddable":true,"href":"https:\/\/eltrabajo.cl\/portal\/wp-json\/wp\/v2\/categories?post=61395"},{"taxonomy":"post_tag","embeddable":true,"href":"https:\/\/eltrabajo.cl\/portal\/wp-json\/wp\/v2\/tags?post=61395"}],"curies":[{"name":"wp","href":"https:\/\/api.w.org\/{rel}","templated":true}]}}