{"id":61398,"date":"2015-08-27T09:43:12","date_gmt":"2015-08-27T12:43:12","guid":{"rendered":"http:\/\/www.eltrabajo.cl\/portal\/?p=61398"},"modified":"2015-08-27T09:43:12","modified_gmt":"2015-08-27T12:43:12","slug":"aun-no-hay-pistas-de-encapuchados-que-asaltaron-en-un-minuto-local-de-juegos","status":"publish","type":"post","link":"https:\/\/eltrabajo.cl\/portal\/aun-no-hay-pistas-de-encapuchados-que-asaltaron-en-un-minuto-local-de-juegos\/","title":{"rendered":"A\u00fan no hay pistas de encapuchados que asaltaron en un minuto local de juegos"},"content":{"rendered":"<figure id=\"attachment_61399\" aria-describedby=\"caption-attachment-61399\" style=\"width: 300px\" class=\"wp-caption alignleft\"><a href=\"https:\/\/i0.wp.com\/www.eltrabajo.cl\/portal\/wp-content\/uploads\/2015\/08\/Capitan-Carolina-Fernandez-1.jpg\"><img data-recalc-dims=\"1\" loading=\"lazy\" decoding=\"async\" class=\"wp-image-61399 size-medium\" src=\"https:\/\/i0.wp.com\/www.eltrabajo.cl\/portal\/wp-content\/uploads\/2015\/08\/Capitan-Carolina-Fernandez-1-300x198.jpg?resize=300%2C198\" alt=\"La Capit\u00e1n de Carabineros, Carolina Fern\u00e1ndez reconoci\u00f3 que a\u00fan no hay detenidos.\" width=\"300\" height=\"198\" srcset=\"https:\/\/i0.wp.com\/eltrabajo.cl\/portal\/wp-content\/uploads\/2015\/08\/Capitan-Carolina-Fernandez-1.jpg?resize=300%2C198&amp;ssl=1 300w, https:\/\/i0.wp.com\/eltrabajo.cl\/portal\/wp-content\/uploads\/2015\/08\/Capitan-Carolina-Fernandez-1.jpg?resize=200%2C132&amp;ssl=1 200w, https:\/\/i0.wp.com\/eltrabajo.cl\/portal\/wp-content\/uploads\/2015\/08\/Capitan-Carolina-Fernandez-1.jpg?resize=227%2C150&amp;ssl=1 227w, https:\/\/i0.wp.com\/eltrabajo.cl\/portal\/wp-content\/uploads\/2015\/08\/Capitan-Carolina-Fernandez-1.jpg?resize=400%2C264&amp;ssl=1 400w, https:\/\/i0.wp.com\/eltrabajo.cl\/portal\/wp-content\/uploads\/2015\/08\/Capitan-Carolina-Fernandez-1.jpg?w=530&amp;ssl=1 530w\" sizes=\"auto, (max-width: 300px) 100vw, 300px\" \/><\/a><figcaption id=\"caption-attachment-61399\" class=\"wp-caption-text\">La Capit\u00e1n de Carabineros, Carolina Fern\u00e1ndez reconoci\u00f3 que a\u00fan no hay detenidos.<\/figcaption><\/figure>\n<ul>\n<li><strong>Aunque Carabineros de San Felipe contin\u00faa con diligencias para aclarar el asalto cometido en local de juegos de azar en avenida Maip\u00fa 199, no se ha logrado establecer la identidad de los delincuentes que a mano armada se apoderaron de $500.000 para luego escapar en un veh\u00edculo sin ser capturados por la polic\u00eda.<\/strong><\/li>\n<\/ul>\n<p>Fueron sigilosos, precisos y avezados los dos delincuentes que en tan solo un minuto cometieron un violento asalto a mano armada en un local de juegos de azar en avenida Maip\u00fa 199 en San Felipe. Los antisociales encapuchados intimidaron a la propietaria del establecimiento que estaba junto a su sobrina, apuntando directamente sobre los cuerpos de ambas v\u00edctimas con una pistola y una escopeta.<\/p>\n<figure id=\"attachment_61401\" aria-describedby=\"caption-attachment-61401\" style=\"width: 300px\" class=\"wp-caption alignright\"><a href=\"https:\/\/i0.wp.com\/www.eltrabajo.cl\/portal\/wp-content\/uploads\/2015\/08\/asalto-polla2.jpg\"><img data-recalc-dims=\"1\" loading=\"lazy\" decoding=\"async\" class=\"wp-image-61401 size-medium\" src=\"https:\/\/i0.wp.com\/www.eltrabajo.cl\/portal\/wp-content\/uploads\/2015\/08\/asalto-polla2-300x198.jpg?resize=300%2C198\" alt=\"El local result\u00f3 con diversos da\u00f1os a la propiedad que se suman al monto sustra\u00eddo por los delincuentes, ascendente a $500.000, un plan delictual que result\u00f3 exitoso para los sujetos que se encuentran pr\u00f3fugos.\" width=\"300\" height=\"198\" srcset=\"https:\/\/i0.wp.com\/eltrabajo.cl\/portal\/wp-content\/uploads\/2015\/08\/asalto-polla2.jpg?resize=300%2C198&amp;ssl=1 300w, https:\/\/i0.wp.com\/eltrabajo.cl\/portal\/wp-content\/uploads\/2015\/08\/asalto-polla2.jpg?resize=200%2C132&amp;ssl=1 200w, https:\/\/i0.wp.com\/eltrabajo.cl\/portal\/wp-content\/uploads\/2015\/08\/asalto-polla2.jpg?resize=228%2C150&amp;ssl=1 228w, https:\/\/i0.wp.com\/eltrabajo.cl\/portal\/wp-content\/uploads\/2015\/08\/asalto-polla2.jpg?resize=400%2C263&amp;ssl=1 400w, https:\/\/i0.wp.com\/eltrabajo.cl\/portal\/wp-content\/uploads\/2015\/08\/asalto-polla2.jpg?w=530&amp;ssl=1 530w\" sizes=\"auto, (max-width: 300px) 100vw, 300px\" \/><\/a><figcaption id=\"caption-attachment-61401\" class=\"wp-caption-text\">El local result\u00f3 con diversos da\u00f1os a la propiedad que se suman al monto sustra\u00eddo por los delincuentes, ascendente a $500.000, un plan delictual que result\u00f3 exitoso para los sujetos que se encuentran pr\u00f3fugos.<\/figcaption><\/figure>\n<p>Tal como lo informamos en nuestra edici\u00f3n de ayer mi\u00e9rcoles de Diario El Trabajo, los desalmados irrumpieron en el local cerca de las 20:00 horas del pasado martes. El registro audiovisual de las c\u00e1maras de seguridad del recinto, da cuenta de la osad\u00eda de los antisociales que desplegaron un perfecto plan delictual, ya que en cuesti\u00f3n de segundos invadieron la propiedad con extrema violencia, rompiendo las vitrinas donde se exhiben los boletos de los distintos juegos de azar.<br \/>\nUno de los antisociales habr\u00eda ca\u00eddo sobre los cristales tras enredarse con los cables que se ubicaban en el suelo. El estruendoso ruido conmocion\u00f3 a las v\u00edctimas, mientras que el segundo antisocial destruy\u00f3 una m\u00e1quina dispensadora de boletos de juegos de Polla y Loter\u00eda, pensando que en su interior encontrar\u00eda dinero.<br \/>\nAsimismo, en mil\u00e9simas de segundos, los antisociales arrancaron la gaveta de la caja registradora que conten\u00eda $500.000 en efectivo.<br \/>\nLos sujetos abandonaron el lugar y abordaron un veh\u00edculo que se encontraba estacionado a tan s\u00f3lo metros. M\u00e9todo absolutamente exitoso y bien estudiado por los maleantes que escaparon sin ser hasta ahora descubiertos.<br \/>\nTestigos presenciaron at\u00f3nitos los sucesos posteriores, cuando la alarma del establecimiento afectado comenzaba a sonar, donde se habr\u00edan registrado disparos al aire. Desde ese momento las miradas de los vecinos aterrorizados lograron registrar un n\u00famero de la placa patente que fue entregado a la afectada, mientras se esperaba la llegada de Carabineros hasta el sitio del suceso que, seg\u00fan se\u00f1alan, habr\u00eda sido tard\u00eda.<br \/>\nDesde la instituci\u00f3n uniformada, la Capit\u00e1n Carolina Fern\u00e1ndez descart\u00f3 categ\u00f3ricamente marcas de proyectiles dentro del local afectado, tras la revisi\u00f3n del material audiovisual y en el sitio del suceso.<br \/>\nOcurrido el asalto, los efectivos policiales iniciaron una serie de diligencias para dar con el paradero de los sujetos.<br \/>\nLa oficial policial asegur\u00f3 a Diario El Trabajo que el n\u00famero de placa patente proporcionado por testigos, corresponder\u00eda a un veh\u00edculo ubicado en la comuna de Fresia en la D\u00e9cima Regi\u00f3n, donde su propietario fue contactado por la polic\u00eda se\u00f1alando que su m\u00f3vil se encontraba en ese lugar del pa\u00eds. En este sentido, Carabineros sostiene que la placa patente que portar\u00eda el m\u00f3vil utilizado por los delincuentes, podr\u00eda haber estado adulterada como parte de la planificaci\u00f3n del asalto.<br \/>\n\u201cNo hay ning\u00fan rastro para que se pueda detectar en el lugar respecto de impactos de bala, hay tres grabaciones se revisaron cuadro a cuadro, no hay uso de arma de fuego. Hay un ruido de alarma que activa la v\u00edctima y el estruendo que se escucha es cuando uno de los sujetos se enreda con un cable, se tropieza con vitrinas de vidrio con marcos de aluminio y se rompe por completo, aunque no se descarta que hayan ocurrido, pero no hay indicios en el lugar\u201d, argumenta la Capit\u00e1n Fern\u00e1ndez.<br \/>\n<strong>&#8211; \u00bfLas c\u00e1maras logran captar el rostro de los sujetos?<\/strong><br \/>\n<strong>&#8211;<\/strong> Lo que se puede apreciar es que entran dos sujetos armados, uno de ellos se posa sobre la caja registradora, abre la gaveta y saca el dinero, lo guarda en una mochila y se le cae al armamento, por lo tanto el otro individuo trata de colaborar recogiendo el arma de fuego, no dura m\u00e1s de un minuto la intervenci\u00f3n de los sujetos dentro del local. Ellos estaban vestidos con ropa oscura, pasamonta\u00f1as y capuch\u00f3n.<br \/>\n<strong>&#8211; \u00bfCu\u00e1nto fue el monto del dinero sustra\u00eddo?<\/strong><br \/>\n<strong>&#8211;<\/strong> La v\u00edctima habr\u00eda realizado un arqueo previo asegurando que ser\u00edan $500.000. En esos momentos la propietaria estaba con su sobrina y todos coinciden conforme a sus declaraciones que escucharon un estruendo, pero no tienen la certeza que haya sido un disparo.<br \/>\n<strong>&#8211; \u00bfCu\u00e1les son las diligencias policiales que se han desplegado?<\/strong><br \/>\n<strong>&#8211;<\/strong> No hay detenidos. No se ha confirmado el uso de arma de fuego, tampoco se puede descartar porque es parte de la investigaci\u00f3n. Hay un arma corta que se aprecia en las grabaciones tipo pistola y la otra es una escopeta de doble ca\u00f1\u00f3n corto. Se desplegaron patrullajes por todos los alrededores, en hospitales, en casinos y hasta el momento no hay nada, entregando los antecedentes a la Fiscal\u00eda, cuya instrucci\u00f3n fue la investigaci\u00f3n por parte de la Secci\u00f3n de Investigaci\u00f3n Policial SIP de Carabineros.<br \/>\n<strong>Pablo Salinas Sald\u00edas<\/strong><\/p>\n","protected":false},"excerpt":{"rendered":"<p>Aunque Carabineros de San Felipe contin\u00faa con diligencias para aclarar el asalto cometido en local de juegos de azar en avenida Maip\u00fa 199, no se ha logrado establecer la identidad de los&#8230;<\/p>\n","protected":false},"author":482,"featured_media":61399,"comment_status":"open","ping_status":"open","sticky":false,"template":"","format":"standard","meta":{"advanced_seo_description":"","jetpack_seo_html_title":"","jetpack_seo_noindex":false,"_jetpack_memberships_contains_paid_content":false,"footnotes":""},"categories":[21],"tags":[],"class_list":["post-61398","post","type-post","status-publish","format-standard","has-post-thumbnail","hentry","category-policial"],"jetpack_featured_media_url":"https:\/\/i0.wp.com\/eltrabajo.cl\/portal\/wp-content\/uploads\/2015\/08\/Capitan-Carolina-Fernandez-1.jpg?fit=530%2C350&ssl=1","jetpack_sharing_enabled":true,"jetpack_likes_enabled":true,"jetpack-related-posts":[],"_links":{"self":[{"href":"https:\/\/eltrabajo.cl\/portal\/wp-json\/wp\/v2\/posts\/61398","targetHints":{"allow":["GET"]}}],"collection":[{"href":"https:\/\/eltrabajo.cl\/portal\/wp-json\/wp\/v2\/posts"}],"about":[{"href":"https:\/\/eltrabajo.cl\/portal\/wp-json\/wp\/v2\/types\/post"}],"author":[{"embeddable":true,"href":"https:\/\/eltrabajo.cl\/portal\/wp-json\/wp\/v2\/users\/482"}],"replies":[{"embeddable":true,"href":"https:\/\/eltrabajo.cl\/portal\/wp-json\/wp\/v2\/comments?post=61398"}],"version-history":[{"count":0,"href":"https:\/\/eltrabajo.cl\/portal\/wp-json\/wp\/v2\/posts\/61398\/revisions"}],"wp:featuredmedia":[{"embeddable":true,"href":"https:\/\/eltrabajo.cl\/portal\/wp-json\/wp\/v2\/media\/61399"}],"wp:attachment":[{"href":"https:\/\/eltrabajo.cl\/portal\/wp-json\/wp\/v2\/media?parent=61398"}],"wp:term":[{"taxonomy":"category","embeddable":true,"href":"https:\/\/eltrabajo.cl\/portal\/wp-json\/wp\/v2\/categories?post=61398"},{"taxonomy":"post_tag","embeddable":true,"href":"https:\/\/eltrabajo.cl\/portal\/wp-json\/wp\/v2\/tags?post=61398"}],"curies":[{"name":"wp","href":"https:\/\/api.w.org\/{rel}","templated":true}]}}