{"id":61422,"date":"2015-08-28T09:27:41","date_gmt":"2015-08-28T12:27:41","guid":{"rendered":"http:\/\/www.eltrabajo.cl\/portal\/?p=61422"},"modified":"2015-08-28T09:27:41","modified_gmt":"2015-08-28T12:27:41","slug":"autoridades-lanzan-libro-sobre-la-primera-compania-de-bomberos-de-los-andes","status":"publish","type":"post","link":"https:\/\/eltrabajo.cl\/portal\/autoridades-lanzan-libro-sobre-la-primera-compania-de-bomberos-de-los-andes\/","title":{"rendered":"Autoridades lanzan libro sobre la Primera Compa\u00f1\u00eda de Bomberos de Los Andes"},"content":{"rendered":"<figure id=\"attachment_61423\" aria-describedby=\"caption-attachment-61423\" style=\"width: 300px\" class=\"wp-caption alignleft\"><a href=\"https:\/\/i0.wp.com\/www.eltrabajo.cl\/portal\/wp-content\/uploads\/2015\/08\/libro-primera.jpg\"><img data-recalc-dims=\"1\" loading=\"lazy\" decoding=\"async\" class=\"wp-image-61423 size-medium\" src=\"https:\/\/i0.wp.com\/www.eltrabajo.cl\/portal\/wp-content\/uploads\/2015\/08\/libro-primera-300x198.jpg?resize=300%2C198\" alt=\"En marco de la celebraci\u00f3n de los 130 a\u00f1os de su fundaci\u00f3n, la Primera Compa\u00f1\u00eda de Bomberos de Los Andes present\u00f3 la primera parte de un libro que cuenta su historia.\" width=\"300\" height=\"198\" srcset=\"https:\/\/i0.wp.com\/eltrabajo.cl\/portal\/wp-content\/uploads\/2015\/08\/libro-primera.jpg?resize=300%2C198&amp;ssl=1 300w, https:\/\/i0.wp.com\/eltrabajo.cl\/portal\/wp-content\/uploads\/2015\/08\/libro-primera.jpg?resize=200%2C132&amp;ssl=1 200w, https:\/\/i0.wp.com\/eltrabajo.cl\/portal\/wp-content\/uploads\/2015\/08\/libro-primera.jpg?resize=227%2C150&amp;ssl=1 227w, https:\/\/i0.wp.com\/eltrabajo.cl\/portal\/wp-content\/uploads\/2015\/08\/libro-primera.jpg?resize=400%2C264&amp;ssl=1 400w, https:\/\/i0.wp.com\/eltrabajo.cl\/portal\/wp-content\/uploads\/2015\/08\/libro-primera.jpg?w=530&amp;ssl=1 530w\" sizes=\"auto, (max-width: 300px) 100vw, 300px\" \/><\/a><figcaption id=\"caption-attachment-61423\" class=\"wp-caption-text\">En marco de la celebraci\u00f3n de los 130 a\u00f1os de su fundaci\u00f3n, la Primera Compa\u00f1\u00eda de Bomberos de Los Andes present\u00f3 la primera parte de un libro que cuenta su historia.<\/figcaption><\/figure>\n<ul>\n<li><strong>Investigaci\u00f3n est\u00e1 a cargo del historiador Abel Cortez e involucra el per\u00edodo entre 1885 y 1942.<\/strong><\/li>\n<\/ul>\n<p><strong>LOS ANDES.<\/strong>&#8211; Como parte de sus actividades por los 130 a\u00f1os de su fundaci\u00f3n, la Primera Compa\u00f1\u00eda de Bomberos de Los Andes, \u2018Bomba Andes\u2019, present\u00f3 la primera parte del libro con su historia que abarca el per\u00edodo comprendido entre 1885 y 1942.<br \/>\nLa investigaci\u00f3n estuvo a cargo del historiador local Abel Cortez Ahumada quien trabaj\u00f3 junto al directorio en la recopilaci\u00f3n del archivo hist\u00f3rico de la unidad.<br \/>\nLa ceremonia de lanzamiento se realiz\u00f3 en el sal\u00f3n Dar\u00edo Risopatr\u00f3n de la gobernaci\u00f3n provincial y estuvo encabezada por la Gobernadora Provincial, Mar\u00eda Victoria Rodr\u00edguez, y el Director de la Primera Compa\u00f1\u00eda, Juan Pablo Leiva, as\u00ed como tambi\u00e9n por los Consejeros Regionales, Sandra Miranda y Guillermo Hurtado, y el Superintendente de Bomberos de Los Andes, Enrique Mu\u00f1oz, adem\u00e1s de representantes del Ej\u00e9rcito, Polic\u00eda de Investigaciones y Cruz Roja.<br \/>\nEl historiador Abel Cortez, quien adem\u00e1s es Investigador del Centro de Investigaci\u00f3n en Turismo y Patrimonio (Cityp), se\u00f1al\u00f3 que \u201cestamos muy contentos de ser parte de este verdadero plan para la valorizaci\u00f3n patrimonial e hist\u00f3rica de la Compa\u00f1\u00eda.<br \/>\n\u201cCuando Juan Pablo Leiva me convoc\u00f3, dise\u00f1amos un plan de mediano plazo en el que conformamos el Museo (que siempre est\u00e1 recibiendo m\u00e1s donaciones) y el Archivo, que cuenta con m\u00e1s de veinte mil p\u00e1ginas de documentos. Luego de esta primera etapa, decidimos realizar el estudio de su historia en dos partes, esto porque esta Compa\u00f1\u00eda cumple 130 a\u00f1os, pero adem\u00e1s con muchos documentos y entrevistaremos individual y grupalmente a sus voluntarios\u201d, expres\u00f3 el investigador.<br \/>\nEl texto con la historia de la compa\u00f1\u00eda estar\u00e1 disponible en bibliotecas p\u00fabicas, como tambi\u00e9n en establecimientos educacionales.<\/p>\n","protected":false},"excerpt":{"rendered":"<p>Investigaci\u00f3n est\u00e1 a cargo del historiador Abel Cortez e involucra el per\u00edodo entre 1885 y 1942. LOS ANDES.&#8211; Como parte de sus actividades por los 130 a\u00f1os de su fundaci\u00f3n, la Primera&#8230;<\/p>\n","protected":false},"author":482,"featured_media":61423,"comment_status":"open","ping_status":"open","sticky":false,"template":"","format":"standard","meta":{"advanced_seo_description":"","jetpack_seo_html_title":"","jetpack_seo_noindex":false,"_jetpack_memberships_contains_paid_content":false,"footnotes":""},"categories":[15],"tags":[],"class_list":["post-61422","post","type-post","status-publish","format-standard","has-post-thumbnail","hentry","category-comunidad"],"jetpack_featured_media_url":"https:\/\/i0.wp.com\/eltrabajo.cl\/portal\/wp-content\/uploads\/2015\/08\/libro-primera.jpg?fit=530%2C350&ssl=1","jetpack_sharing_enabled":true,"jetpack_likes_enabled":true,"jetpack-related-posts":[],"_links":{"self":[{"href":"https:\/\/eltrabajo.cl\/portal\/wp-json\/wp\/v2\/posts\/61422","targetHints":{"allow":["GET"]}}],"collection":[{"href":"https:\/\/eltrabajo.cl\/portal\/wp-json\/wp\/v2\/posts"}],"about":[{"href":"https:\/\/eltrabajo.cl\/portal\/wp-json\/wp\/v2\/types\/post"}],"author":[{"embeddable":true,"href":"https:\/\/eltrabajo.cl\/portal\/wp-json\/wp\/v2\/users\/482"}],"replies":[{"embeddable":true,"href":"https:\/\/eltrabajo.cl\/portal\/wp-json\/wp\/v2\/comments?post=61422"}],"version-history":[{"count":0,"href":"https:\/\/eltrabajo.cl\/portal\/wp-json\/wp\/v2\/posts\/61422\/revisions"}],"wp:featuredmedia":[{"embeddable":true,"href":"https:\/\/eltrabajo.cl\/portal\/wp-json\/wp\/v2\/media\/61423"}],"wp:attachment":[{"href":"https:\/\/eltrabajo.cl\/portal\/wp-json\/wp\/v2\/media?parent=61422"}],"wp:term":[{"taxonomy":"category","embeddable":true,"href":"https:\/\/eltrabajo.cl\/portal\/wp-json\/wp\/v2\/categories?post=61422"},{"taxonomy":"post_tag","embeddable":true,"href":"https:\/\/eltrabajo.cl\/portal\/wp-json\/wp\/v2\/tags?post=61422"}],"curies":[{"name":"wp","href":"https:\/\/api.w.org\/{rel}","templated":true}]}}