{"id":61425,"date":"2015-08-28T09:30:24","date_gmt":"2015-08-28T12:30:24","guid":{"rendered":"http:\/\/www.eltrabajo.cl\/portal\/?p=61425"},"modified":"2015-08-28T09:30:24","modified_gmt":"2015-08-28T12:30:24","slug":"celebraran-dia-del-samu-con-demostraciones-al-publico-en-aconcagua","status":"publish","type":"post","link":"https:\/\/eltrabajo.cl\/portal\/celebraran-dia-del-samu-con-demostraciones-al-publico-en-aconcagua\/","title":{"rendered":"Celebrar\u00e1n D\u00eda del Samu con demostraciones al p\u00fablico en Aconcagua"},"content":{"rendered":"<figure id=\"attachment_61427\" aria-describedby=\"caption-attachment-61427\" style=\"width: 300px\" class=\"wp-caption alignleft\"><a href=\"https:\/\/i0.wp.com\/www.eltrabajo.cl\/portal\/wp-content\/uploads\/2015\/08\/Claudio-Guajardo.jpg\"><img data-recalc-dims=\"1\" loading=\"lazy\" decoding=\"async\" class=\"wp-image-61427 size-medium\" src=\"https:\/\/i0.wp.com\/www.eltrabajo.cl\/portal\/wp-content\/uploads\/2015\/08\/Claudio-Guajardo-300x197.jpg?resize=300%2C197\" alt=\"Claudio Guajardo, Jefe del Samu Aconcagua.\" width=\"300\" height=\"197\" srcset=\"https:\/\/i0.wp.com\/eltrabajo.cl\/portal\/wp-content\/uploads\/2015\/08\/Claudio-Guajardo.jpg?resize=300%2C197&amp;ssl=1 300w, https:\/\/i0.wp.com\/eltrabajo.cl\/portal\/wp-content\/uploads\/2015\/08\/Claudio-Guajardo.jpg?resize=200%2C131&amp;ssl=1 200w, https:\/\/i0.wp.com\/eltrabajo.cl\/portal\/wp-content\/uploads\/2015\/08\/Claudio-Guajardo.jpg?resize=228%2C150&amp;ssl=1 228w, https:\/\/i0.wp.com\/eltrabajo.cl\/portal\/wp-content\/uploads\/2015\/08\/Claudio-Guajardo.jpg?resize=400%2C263&amp;ssl=1 400w, https:\/\/i0.wp.com\/eltrabajo.cl\/portal\/wp-content\/uploads\/2015\/08\/Claudio-Guajardo.jpg?w=530&amp;ssl=1 530w\" sizes=\"auto, (max-width: 300px) 100vw, 300px\" \/><\/a><figcaption id=\"caption-attachment-61427\" class=\"wp-caption-text\">Claudio Guajardo, Jefe del Samu Aconcagua.<\/figcaption><\/figure>\n<p>Varias actividades y sesiones ilustrativas del accionar del Samu Aconcagua, son las que fueron anunciadas este jueves por Claudio Guajardo, Jefe de esa entidad de Salud, a realizarse en distintas comunas del valle. Las mismas ser\u00e1n desarrolladas en el marco del D\u00eda del Funcionario Samu 2015.<\/p>\n<p>\u00abEl 8 de septiembre de 2009 hubo un accidente en el sur, en donde murieron un conductor y un param\u00e9dico, lo que gener\u00f3 que a partir de esa fecha celebremos el D\u00eda del Funcionario Samu, convirti\u00e9ndonos en el caballito de batalla de las redes de Salud, conmemorando as\u00ed el d\u00eda de todos quienes laboramos en esta entidad. Trabajamos en ambiente adverso, fr\u00edo extremo y calores extremos siempre, somos un sistema muy expuesto al estr\u00e9s diariamente\u00bb, dijo Guajardo a Diario El Trabajo.<\/p>\n<figure id=\"attachment_61426\" aria-describedby=\"caption-attachment-61426\" style=\"width: 300px\" class=\"wp-caption alignright\"><a href=\"https:\/\/i0.wp.com\/www.eltrabajo.cl\/portal\/wp-content\/uploads\/2015\/08\/Rescate1.jpg\"><img data-recalc-dims=\"1\" loading=\"lazy\" decoding=\"async\" class=\"wp-image-61426 size-medium\" src=\"https:\/\/i0.wp.com\/www.eltrabajo.cl\/portal\/wp-content\/uploads\/2015\/08\/Rescate1-300x197.jpg?resize=300%2C197\" alt=\"SIEMPRE SAMU.- Varias actividades y sesiones ilustrativas del accionar del Samu Aconcagua, son las que fueron anunciadas este jueves. (Referencial)\" width=\"300\" height=\"197\" srcset=\"https:\/\/i0.wp.com\/eltrabajo.cl\/portal\/wp-content\/uploads\/2015\/08\/Rescate1.jpg?resize=300%2C197&amp;ssl=1 300w, https:\/\/i0.wp.com\/eltrabajo.cl\/portal\/wp-content\/uploads\/2015\/08\/Rescate1.jpg?resize=200%2C131&amp;ssl=1 200w, https:\/\/i0.wp.com\/eltrabajo.cl\/portal\/wp-content\/uploads\/2015\/08\/Rescate1.jpg?resize=228%2C150&amp;ssl=1 228w, https:\/\/i0.wp.com\/eltrabajo.cl\/portal\/wp-content\/uploads\/2015\/08\/Rescate1.jpg?resize=400%2C263&amp;ssl=1 400w, https:\/\/i0.wp.com\/eltrabajo.cl\/portal\/wp-content\/uploads\/2015\/08\/Rescate1.jpg?w=530&amp;ssl=1 530w\" sizes=\"auto, (max-width: 300px) 100vw, 300px\" \/><\/a><figcaption id=\"caption-attachment-61426\" class=\"wp-caption-text\">SIEMPRE SAMU.- Varias actividades y sesiones ilustrativas del accionar del Samu Aconcagua, son las que fueron anunciadas este jueves. (Referencial)<\/figcaption><\/figure>\n<p>Sobre los recursos del Samu para el servicio de los aconcag\u00fcinos, Guajardo detall\u00f3 a nuestro medio que \u00abtenemos doce ambulancias operativas en Aconcagua; somos 85 funcionarios repartidos en las distintas comunas y nuestro tiempo de respuesta es de diez minutos para emergencias cr\u00edticas, y de m\u00f3viles b\u00e1sicos de catorce a 15 minutos\u00bb. Las actividades se realizar\u00e1n de lunes a jueves en distintas comunas del valle, entre ellos Putaendo, Llay Llay, Los Andes y San Felipe.<br \/>\n<strong>Roberto Gonz\u00e1lez Short<\/strong><br \/>\n<strong>rgonzalez@eltrabajo.cl<\/strong><\/p>\n","protected":false},"excerpt":{"rendered":"<p>Varias actividades y sesiones ilustrativas del accionar del Samu Aconcagua, son las que fueron anunciadas este jueves por Claudio Guajardo, Jefe de esa entidad de Salud, a realizarse en distintas comunas del&#8230;<\/p>\n","protected":false},"author":482,"featured_media":61427,"comment_status":"open","ping_status":"open","sticky":false,"template":"","format":"standard","meta":{"advanced_seo_description":"","jetpack_seo_html_title":"","jetpack_seo_noindex":false,"_jetpack_memberships_contains_paid_content":false,"footnotes":""},"categories":[15],"tags":[],"class_list":["post-61425","post","type-post","status-publish","format-standard","has-post-thumbnail","hentry","category-comunidad"],"jetpack_featured_media_url":"https:\/\/i0.wp.com\/eltrabajo.cl\/portal\/wp-content\/uploads\/2015\/08\/Claudio-Guajardo.jpg?fit=530%2C348&ssl=1","jetpack_sharing_enabled":true,"jetpack_likes_enabled":true,"jetpack-related-posts":[],"_links":{"self":[{"href":"https:\/\/eltrabajo.cl\/portal\/wp-json\/wp\/v2\/posts\/61425","targetHints":{"allow":["GET"]}}],"collection":[{"href":"https:\/\/eltrabajo.cl\/portal\/wp-json\/wp\/v2\/posts"}],"about":[{"href":"https:\/\/eltrabajo.cl\/portal\/wp-json\/wp\/v2\/types\/post"}],"author":[{"embeddable":true,"href":"https:\/\/eltrabajo.cl\/portal\/wp-json\/wp\/v2\/users\/482"}],"replies":[{"embeddable":true,"href":"https:\/\/eltrabajo.cl\/portal\/wp-json\/wp\/v2\/comments?post=61425"}],"version-history":[{"count":0,"href":"https:\/\/eltrabajo.cl\/portal\/wp-json\/wp\/v2\/posts\/61425\/revisions"}],"wp:featuredmedia":[{"embeddable":true,"href":"https:\/\/eltrabajo.cl\/portal\/wp-json\/wp\/v2\/media\/61427"}],"wp:attachment":[{"href":"https:\/\/eltrabajo.cl\/portal\/wp-json\/wp\/v2\/media?parent=61425"}],"wp:term":[{"taxonomy":"category","embeddable":true,"href":"https:\/\/eltrabajo.cl\/portal\/wp-json\/wp\/v2\/categories?post=61425"},{"taxonomy":"post_tag","embeddable":true,"href":"https:\/\/eltrabajo.cl\/portal\/wp-json\/wp\/v2\/tags?post=61425"}],"curies":[{"name":"wp","href":"https:\/\/api.w.org\/{rel}","templated":true}]}}