{"id":61430,"date":"2015-08-28T09:31:32","date_gmt":"2015-08-28T12:31:32","guid":{"rendered":"http:\/\/www.eltrabajo.cl\/portal\/?p=61430"},"modified":"2015-08-28T09:31:32","modified_gmt":"2015-08-28T12:31:32","slug":"camioneros-de-aconcagua-respaldan-movilizacion-nacional-del-gremio","status":"publish","type":"post","link":"https:\/\/eltrabajo.cl\/portal\/camioneros-de-aconcagua-respaldan-movilizacion-nacional-del-gremio\/","title":{"rendered":"Camioneros de Aconcagua respaldan movilizaci\u00f3n nacional del gremio"},"content":{"rendered":"<figure id=\"attachment_61431\" aria-describedby=\"caption-attachment-61431\" style=\"width: 300px\" class=\"wp-caption alignleft\"><a href=\"https:\/\/i0.wp.com\/www.eltrabajo.cl\/portal\/wp-content\/uploads\/2015\/08\/camioneros_paro.jpg\"><img data-recalc-dims=\"1\" loading=\"lazy\" decoding=\"async\" class=\"wp-image-61431 size-medium\" src=\"https:\/\/i0.wp.com\/www.eltrabajo.cl\/portal\/wp-content\/uploads\/2015\/08\/camioneros_paro-300x198.jpg?resize=300%2C198\" alt=\"La Asociaci\u00f3n Gremial de Due\u00f1os de Camiones de Aconcagua, no descartan estacionar sus m\u00e1quinas en la orilla de las diferentes rutas de la zona.\" width=\"300\" height=\"198\" srcset=\"https:\/\/i0.wp.com\/eltrabajo.cl\/portal\/wp-content\/uploads\/2015\/08\/camioneros_paro.jpg?resize=300%2C198&amp;ssl=1 300w, https:\/\/i0.wp.com\/eltrabajo.cl\/portal\/wp-content\/uploads\/2015\/08\/camioneros_paro.jpg?resize=200%2C132&amp;ssl=1 200w, https:\/\/i0.wp.com\/eltrabajo.cl\/portal\/wp-content\/uploads\/2015\/08\/camioneros_paro.jpg?resize=228%2C150&amp;ssl=1 228w, https:\/\/i0.wp.com\/eltrabajo.cl\/portal\/wp-content\/uploads\/2015\/08\/camioneros_paro.jpg?resize=400%2C263&amp;ssl=1 400w, https:\/\/i0.wp.com\/eltrabajo.cl\/portal\/wp-content\/uploads\/2015\/08\/camioneros_paro.jpg?w=530&amp;ssl=1 530w\" sizes=\"auto, (max-width: 300px) 100vw, 300px\" \/><\/a><figcaption id=\"caption-attachment-61431\" class=\"wp-caption-text\">La Asociaci\u00f3n Gremial de Due\u00f1os de Camiones de Aconcagua, no descartan estacionar sus m\u00e1quinas en la orilla de las diferentes rutas de la zona.<\/figcaption><\/figure>\n<ul>\n<li><strong>No descartan estacionar sus m\u00e1quinas en la orilla de las diferentes rutas de la zona.<\/strong><\/li>\n<\/ul>\n<p><strong>LOS ANDES.<\/strong>&#8211; La Asociaci\u00f3n Gremial de Due\u00f1os de Camiones de Aconcagua, a trav\u00e9s de su representante legal Manuel Mart\u00ednez Mora entregaron su pleno respaldo a la movilizaci\u00f3n nacional del gremio en protesta por los atentados terroristas de que han sido v\u00edctima sus asociados en la Regi\u00f3n de la Araucan\u00eda.<br \/>\nMart\u00ednez dijo que esta determinaci\u00f3n se adopt\u00f3 en virtud de la defensa del gremio a nivel nacional y de la falta de medidas de seguridad que los afectan en sus traslados, no tan solo en la zona del conflicto Mapuche, sino tambi\u00e9n en las diferentes rutas del pa\u00eds donde son v\u00edctima de robos y asaltos.<br \/>\n\u201cQueremos dejar bien claro que el gremio del transporte es uno solo, no se trata ac\u00e1 de una caravana de 13 camiones que tienen un problema, sino que es un problema global desde el punto de vista nacional\u201d, declar\u00f3.<br \/>\nEl representante afirm\u00f3 que por esa raz\u00f3n se hizo solamente una caravana de 13 camiones para intentar llegar a La Moneda para enrostrarle al gobierno la inactividad que ha tenido respecto a esta vor\u00e1gine de hechos violentos que han ocurrido en la Araucan\u00eda, \u201cy en ning\u00fan momento se ha tratado de hacer una marcha como lo ha se\u00f1alado la autoridad, ni dejar colapsado Santiago, sino que dejar una mera comunicaci\u00f3n a la presidenta Bachelet respecto de la inquietud y el trasfondo que ha ocurrido con cientos de camiones que han sido quemados\u201d.<br \/>\nMart\u00ednez recalc\u00f3 que este movimiento est\u00e1 compuesto por todos los asociados al gremio, donde hay empresarios que tienen un solo cami\u00f3n y es por eso que buscan que el gobierno garantice el derecho a tener un trabajo tranquilo para todos, no solamente para los grandes transportistas, ya que a los peque\u00f1os le quitan su fuente laboral\u201d.<br \/>\nEl dirigente no descart\u00f3 realizar una manifestaci\u00f3n pac\u00edfica estacionando los camiones de sus asociados a un costado de la carretera, \u201csin intenci\u00f3n de bloquear porque nosotros no queremos llevar esto a un paro que colapse el pa\u00eds, pero si demostrar que esto no es un problema de 13 transportistas que no est\u00e1 solamente agudizado en la Araucan\u00eda, sino de todo el pa\u00eds\u201d.<br \/>\nSubray\u00f3 que a nivel local persiste el problema de la inseguridad en las carreteras y por eso quieren trabajar en conjunto con las autoridades, \u201cy no pretendemos ser unos meros demandantes y requirentes de derecho, sino que coayudar al trabajo que realicen las autoridades\u201d.<br \/>\nAgreg\u00f3 que en este contexto se han reunido con autoridades locales para darles a conocer su existencia como asociaci\u00f3n gremial y a la vez la preocupaci\u00f3n del gremio respecto de la marcha del pa\u00eds y ser parte de las soluciones que puedan ser propuestas.<br \/>\nManuel Mart\u00ednez insisti\u00f3 en que se busca dar a conocer que los problemas en la Araucan\u00eda se replican tambi\u00e9n a nivel local.<\/p>\n","protected":false},"excerpt":{"rendered":"<p>No descartan estacionar sus m\u00e1quinas en la orilla de las diferentes rutas de la zona. LOS ANDES.&#8211; La Asociaci\u00f3n Gremial de Due\u00f1os de Camiones de Aconcagua, a trav\u00e9s de su representante legal&#8230;<\/p>\n","protected":false},"author":482,"featured_media":61431,"comment_status":"open","ping_status":"open","sticky":false,"template":"","format":"standard","meta":{"advanced_seo_description":"","jetpack_seo_html_title":"","jetpack_seo_noindex":false,"_jetpack_memberships_contains_paid_content":false,"footnotes":""},"categories":[15],"tags":[],"class_list":["post-61430","post","type-post","status-publish","format-standard","has-post-thumbnail","hentry","category-comunidad"],"jetpack_featured_media_url":"https:\/\/i0.wp.com\/eltrabajo.cl\/portal\/wp-content\/uploads\/2015\/08\/camioneros_paro.jpg?fit=530%2C349&ssl=1","jetpack_sharing_enabled":true,"jetpack_likes_enabled":true,"jetpack-related-posts":[],"_links":{"self":[{"href":"https:\/\/eltrabajo.cl\/portal\/wp-json\/wp\/v2\/posts\/61430","targetHints":{"allow":["GET"]}}],"collection":[{"href":"https:\/\/eltrabajo.cl\/portal\/wp-json\/wp\/v2\/posts"}],"about":[{"href":"https:\/\/eltrabajo.cl\/portal\/wp-json\/wp\/v2\/types\/post"}],"author":[{"embeddable":true,"href":"https:\/\/eltrabajo.cl\/portal\/wp-json\/wp\/v2\/users\/482"}],"replies":[{"embeddable":true,"href":"https:\/\/eltrabajo.cl\/portal\/wp-json\/wp\/v2\/comments?post=61430"}],"version-history":[{"count":0,"href":"https:\/\/eltrabajo.cl\/portal\/wp-json\/wp\/v2\/posts\/61430\/revisions"}],"wp:featuredmedia":[{"embeddable":true,"href":"https:\/\/eltrabajo.cl\/portal\/wp-json\/wp\/v2\/media\/61431"}],"wp:attachment":[{"href":"https:\/\/eltrabajo.cl\/portal\/wp-json\/wp\/v2\/media?parent=61430"}],"wp:term":[{"taxonomy":"category","embeddable":true,"href":"https:\/\/eltrabajo.cl\/portal\/wp-json\/wp\/v2\/categories?post=61430"},{"taxonomy":"post_tag","embeddable":true,"href":"https:\/\/eltrabajo.cl\/portal\/wp-json\/wp\/v2\/tags?post=61430"}],"curies":[{"name":"wp","href":"https:\/\/api.w.org\/{rel}","templated":true}]}}