{"id":61433,"date":"2015-08-28T09:32:29","date_gmt":"2015-08-28T12:32:29","guid":{"rendered":"http:\/\/www.eltrabajo.cl\/portal\/?p=61433"},"modified":"2015-08-28T09:32:29","modified_gmt":"2015-08-28T12:32:29","slug":"realizaran-talleres-para-actualizacion-del-pladeco-en-sectores-rurales-de-san-felipe","status":"publish","type":"post","link":"https:\/\/eltrabajo.cl\/portal\/realizaran-talleres-para-actualizacion-del-pladeco-en-sectores-rurales-de-san-felipe\/","title":{"rendered":"Realizar\u00e1n talleres para actualizaci\u00f3n del Pladeco en sectores rurales de San Felipe"},"content":{"rendered":"<figure id=\"attachment_61434\" aria-describedby=\"caption-attachment-61434\" style=\"width: 300px\" class=\"wp-caption alignleft\"><a href=\"https:\/\/i0.wp.com\/www.eltrabajo.cl\/portal\/wp-content\/uploads\/2015\/08\/taller.jpg\"><img data-recalc-dims=\"1\" loading=\"lazy\" decoding=\"async\" class=\"wp-image-61434 size-medium\" src=\"https:\/\/i0.wp.com\/www.eltrabajo.cl\/portal\/wp-content\/uploads\/2015\/08\/taller-300x199.jpg?resize=300%2C199\" alt=\"Este s\u00e1bado se realizar\u00e1n talleres de actualizaci\u00f3n del Pladeco, en El Asiento, 21 de Mayo, Tierras Blancas, Curim\u00f3n y San Rafael.\" width=\"300\" height=\"199\" srcset=\"https:\/\/i0.wp.com\/eltrabajo.cl\/portal\/wp-content\/uploads\/2015\/08\/taller.jpg?resize=300%2C199&amp;ssl=1 300w, https:\/\/i0.wp.com\/eltrabajo.cl\/portal\/wp-content\/uploads\/2015\/08\/taller.jpg?resize=200%2C133&amp;ssl=1 200w, https:\/\/i0.wp.com\/eltrabajo.cl\/portal\/wp-content\/uploads\/2015\/08\/taller.jpg?resize=226%2C150&amp;ssl=1 226w, https:\/\/i0.wp.com\/eltrabajo.cl\/portal\/wp-content\/uploads\/2015\/08\/taller.jpg?resize=400%2C266&amp;ssl=1 400w, https:\/\/i0.wp.com\/eltrabajo.cl\/portal\/wp-content\/uploads\/2015\/08\/taller.jpg?w=527&amp;ssl=1 527w\" sizes=\"auto, (max-width: 300px) 100vw, 300px\" \/><\/a><figcaption id=\"caption-attachment-61434\" class=\"wp-caption-text\">Este s\u00e1bado se realizar\u00e1n talleres de actualizaci\u00f3n del Pladeco, en El Asiento, 21 de Mayo, Tierras Blancas, Curim\u00f3n y San Rafael.<\/figcaption><\/figure>\n<ul>\n<li><strong>Los talleres se efectuar\u00e1n este s\u00e1bado 29 de agosto en El Asiento, 21 de Mayo, Tierras Blancas, Curim\u00f3n y San Rafael.<\/strong><\/li>\n<\/ul>\n<p>Una invitaci\u00f3n a todos los vecinos de la comuna de San Felipe a participar en el proceso de actualizaci\u00f3n del Plan de Desarrollo Comunal, Pladeco y espec\u00edficamente en los talleres territoriales que se realizar\u00e1n este fin de semana en cinco sectores de manera simult\u00e1nea, est\u00e1 realizando la Municipalidad de San Felipe.<br \/>\nAs\u00ed lo explic\u00f3 el Secretario de Planificaci\u00f3n Comunal, Claudio Paredes, quien se\u00f1al\u00f3 que este s\u00e1bado 29 de agosto, a partir de las 15 horas se realizar\u00e1n cinco talleres en los sectores de El Asiento, 21 de Mayo, Tierras Blancas, Curim\u00f3n y San Rafael.<br \/>\n\u201cTodos estos talleres van a dar inicio a la misma hora, son talleres donde est\u00e1n invitados todos los vecinos de cada sector. El alcalde Patricio Freire ha establecido realizarlos de manera descentralizada para no generar siempre talleres en el centro de San Felipe, sino que en los mismos sectores, barrios y villas, se van a realizar en las sedes comunitarias en el sector y est\u00e1 la informaci\u00f3n en nuestra p\u00e1gina web, porque el Alcalde quiere que la comunidad junto a sus autoridades establezcan una mirada de futuro y una carta de navegaci\u00f3n para los pr\u00f3ximos cinco a\u00f1os, de manera de tener claras las prioridades de inversi\u00f3n y de desarrollo para la comuna\u201d, sostuvo el Secpla.<br \/>\nEl profesional explic\u00f3 que los talleres, que se realizar\u00e1n este s\u00e1bado 29, contemplar\u00e1n una din\u00e1mica de trabajo grupal, donde en conjunto con los vecinos y dirigentes se pueda establecer una mirada de desarrollo de la comuna y espec\u00edficamente del sector donde los vecinos viven. Esta es la posibilidad de participar en la toma de decisiones, sostuvo el Secpla, porque las prioridades que se establezcan en esos talleres formar\u00e1n parte del documento que ser\u00e1 obligatorio para el municipio ir abordando en los pr\u00f3ximos a\u00f1os.<br \/>\nEn tanto el s\u00e1bado 5 de septiembre se realizar\u00e1n talleres en las unidades vecinales del sector c\u00e9ntrico de la comuna, para terminar el d\u00eda 12 de septiembre con la realizaci\u00f3n de la actividad en nuevos territorios.<\/p>\n","protected":false},"excerpt":{"rendered":"<p>Los talleres se efectuar\u00e1n este s\u00e1bado 29 de agosto en El Asiento, 21 de Mayo, Tierras Blancas, Curim\u00f3n y San Rafael. Una invitaci\u00f3n a todos los vecinos de la comuna de San&#8230;<\/p>\n","protected":false},"author":482,"featured_media":61434,"comment_status":"open","ping_status":"open","sticky":false,"template":"","format":"standard","meta":{"advanced_seo_description":"","jetpack_seo_html_title":"","jetpack_seo_noindex":false,"_jetpack_memberships_contains_paid_content":false,"footnotes":""},"categories":[15],"tags":[],"class_list":["post-61433","post","type-post","status-publish","format-standard","has-post-thumbnail","hentry","category-comunidad"],"jetpack_featured_media_url":"https:\/\/i0.wp.com\/eltrabajo.cl\/portal\/wp-content\/uploads\/2015\/08\/taller.jpg?fit=527%2C350&ssl=1","jetpack_sharing_enabled":true,"jetpack_likes_enabled":true,"jetpack-related-posts":[],"_links":{"self":[{"href":"https:\/\/eltrabajo.cl\/portal\/wp-json\/wp\/v2\/posts\/61433","targetHints":{"allow":["GET"]}}],"collection":[{"href":"https:\/\/eltrabajo.cl\/portal\/wp-json\/wp\/v2\/posts"}],"about":[{"href":"https:\/\/eltrabajo.cl\/portal\/wp-json\/wp\/v2\/types\/post"}],"author":[{"embeddable":true,"href":"https:\/\/eltrabajo.cl\/portal\/wp-json\/wp\/v2\/users\/482"}],"replies":[{"embeddable":true,"href":"https:\/\/eltrabajo.cl\/portal\/wp-json\/wp\/v2\/comments?post=61433"}],"version-history":[{"count":0,"href":"https:\/\/eltrabajo.cl\/portal\/wp-json\/wp\/v2\/posts\/61433\/revisions"}],"wp:featuredmedia":[{"embeddable":true,"href":"https:\/\/eltrabajo.cl\/portal\/wp-json\/wp\/v2\/media\/61434"}],"wp:attachment":[{"href":"https:\/\/eltrabajo.cl\/portal\/wp-json\/wp\/v2\/media?parent=61433"}],"wp:term":[{"taxonomy":"category","embeddable":true,"href":"https:\/\/eltrabajo.cl\/portal\/wp-json\/wp\/v2\/categories?post=61433"},{"taxonomy":"post_tag","embeddable":true,"href":"https:\/\/eltrabajo.cl\/portal\/wp-json\/wp\/v2\/tags?post=61433"}],"curies":[{"name":"wp","href":"https:\/\/api.w.org\/{rel}","templated":true}]}}