{"id":61436,"date":"2015-08-28T09:38:39","date_gmt":"2015-08-28T12:38:39","guid":{"rendered":"http:\/\/www.eltrabajo.cl\/portal\/?p=61436"},"modified":"2015-08-28T09:38:39","modified_gmt":"2015-08-28T12:38:39","slug":"mamitas-de-aconcagua-premiadas-en-concurso-fotografico-de-lactancia","status":"publish","type":"post","link":"https:\/\/eltrabajo.cl\/portal\/mamitas-de-aconcagua-premiadas-en-concurso-fotografico-de-lactancia\/","title":{"rendered":"Mamitas de Aconcagua premiadas en concurso fotogr\u00e1fico de lactancia"},"content":{"rendered":"<figure id=\"attachment_61437\" aria-describedby=\"caption-attachment-61437\" style=\"width: 300px\" class=\"wp-caption alignleft\"><a href=\"https:\/\/i0.wp.com\/www.eltrabajo.cl\/portal\/wp-content\/uploads\/2015\/08\/Concurso1.jpg\"><img data-recalc-dims=\"1\" loading=\"lazy\" decoding=\"async\" class=\"wp-image-61437 size-medium\" src=\"https:\/\/i0.wp.com\/www.eltrabajo.cl\/portal\/wp-content\/uploads\/2015\/08\/Concurso1-300x198.jpg?resize=300%2C198\" alt=\"PREMIADAS.- Ella es Camila Reyes, madre de Santiago Pulido, ganadores del concurso. Como ella, las madres y beb\u00e9s m\u00e1s regalones del concurso, recibieron premios y el aplauso de los presentes.\" width=\"300\" height=\"198\" srcset=\"https:\/\/i0.wp.com\/eltrabajo.cl\/portal\/wp-content\/uploads\/2015\/08\/Concurso1.jpg?resize=300%2C198&amp;ssl=1 300w, https:\/\/i0.wp.com\/eltrabajo.cl\/portal\/wp-content\/uploads\/2015\/08\/Concurso1.jpg?resize=200%2C132&amp;ssl=1 200w, https:\/\/i0.wp.com\/eltrabajo.cl\/portal\/wp-content\/uploads\/2015\/08\/Concurso1.jpg?resize=228%2C150&amp;ssl=1 228w, https:\/\/i0.wp.com\/eltrabajo.cl\/portal\/wp-content\/uploads\/2015\/08\/Concurso1.jpg?resize=400%2C263&amp;ssl=1 400w, https:\/\/i0.wp.com\/eltrabajo.cl\/portal\/wp-content\/uploads\/2015\/08\/Concurso1.jpg?w=530&amp;ssl=1 530w\" sizes=\"auto, (max-width: 300px) 100vw, 300px\" \/><\/a><figcaption id=\"caption-attachment-61437\" class=\"wp-caption-text\">PREMIADAS.- Ella es Camila Reyes, madre de Santiago Pulido, ganadores del concurso. Como ella, las madres y beb\u00e9s m\u00e1s regalones del concurso, recibieron premios y el aplauso de los presentes.<\/figcaption><\/figure>\n<p>Un total de 59 fotograf\u00edas fueron premiadas por el Servicio de Salud Aconcagua, en el marco del VII Concurso fotogr\u00e1fico de lactancia materna, que este a\u00f1o fue identificado con el lema \u2018Amamantar y trabajar\u2026logremos que sea posible\u2019, cuyas participantes muy emocionadas recibieron un reconocimiento de manos de las autoridades presentes.<br \/>\nLa gala de premiaci\u00f3n y cierre del concurso, se realiz\u00f3 en Club \u00c1rabe de San Felipe, en donde las madres disfrutaron junto a sus beb\u00e9s de un fresco desayuno, as\u00ed como el recibir algunos premios para ellas asignados.<br \/>\nEsta iniciativa se enmarca en la celebraci\u00f3n en m\u00e1s de 120 pa\u00edses de la Semana Mundial de la Lactancia Materna, de la que por s\u00e9ptimo a\u00f1o consecutivo el Servicio de Salud Aconcagua se hace parte a trav\u00e9s de varias iniciativas, entre las que se destaca la organizaci\u00f3n de este concurso dirigido a las madres del Valle Aconcagua, cuya ganadora ser\u00e1 parte de la campa\u00f1a promocional de la lactancia 2016 en toda la red de establecimientos de salud de la jurisdicci\u00f3n.<\/p>\n<figure id=\"attachment_61438\" aria-describedby=\"caption-attachment-61438\" style=\"width: 300px\" class=\"wp-caption alignright\"><a href=\"https:\/\/i0.wp.com\/www.eltrabajo.cl\/portal\/wp-content\/uploads\/2015\/08\/Lorena-Gutierrez.jpg\"><img data-recalc-dims=\"1\" loading=\"lazy\" decoding=\"async\" class=\"wp-image-61438 size-medium\" src=\"https:\/\/i0.wp.com\/www.eltrabajo.cl\/portal\/wp-content\/uploads\/2015\/08\/Lorena-Gutierrez-300x198.jpg?resize=300%2C198\" alt=\"Lorena Guti\u00e9rrez, nutricionista asesora del Servicio Salud Aconcagua.\" width=\"300\" height=\"198\" srcset=\"https:\/\/i0.wp.com\/eltrabajo.cl\/portal\/wp-content\/uploads\/2015\/08\/Lorena-Gutierrez.jpg?resize=300%2C198&amp;ssl=1 300w, https:\/\/i0.wp.com\/eltrabajo.cl\/portal\/wp-content\/uploads\/2015\/08\/Lorena-Gutierrez.jpg?resize=200%2C132&amp;ssl=1 200w, https:\/\/i0.wp.com\/eltrabajo.cl\/portal\/wp-content\/uploads\/2015\/08\/Lorena-Gutierrez.jpg?resize=227%2C150&amp;ssl=1 227w, https:\/\/i0.wp.com\/eltrabajo.cl\/portal\/wp-content\/uploads\/2015\/08\/Lorena-Gutierrez.jpg?resize=400%2C264&amp;ssl=1 400w, https:\/\/i0.wp.com\/eltrabajo.cl\/portal\/wp-content\/uploads\/2015\/08\/Lorena-Gutierrez.jpg?w=530&amp;ssl=1 530w\" sizes=\"auto, (max-width: 300px) 100vw, 300px\" \/><\/a><figcaption id=\"caption-attachment-61438\" class=\"wp-caption-text\">Lorena Guti\u00e9rrez, nutricionista asesora del Servicio Salud Aconcagua.<\/figcaption><\/figure>\n<p><strong>FOTO GANADORA<\/strong><br \/>\n\u00abEstamos muy felices porque estamos culminando esta jornada, cada mamita represent\u00f3 el concepto del apego a sus hijos y la maternidad, hoy estaremos premiando a varias madres, la ganadora formar\u00e1 parte de la campa\u00f1a que en 2016 desarrollaremos para la pr\u00f3xima campa\u00f1a, participaron 80 madres de Los Andes, San Felipe, Llay Llay y de otras comunas y llegaron a la etapa final 59 de ellas, el concurso fotogr\u00e1fico inici\u00f3 el 14 de julio y finaliz\u00f3 este 24 de agosto\u00bb, explic\u00f3 Lorena Guti\u00e9rrez, nutricionista asesora del Servicio Salud Aconcagua a Diario El Trabajo.<\/p>\n<p><strong>HASTA LOS 2 A\u00d1OS<\/strong><br \/>\nTambi\u00e9n la Directora del Servicio de Salud Aconcagua, Dra. Vilma Olave, destac\u00f3 la importancia de fomentar la lactancia materna exclusiva al menos hasta el sexto mes de vida y prolongarla en lo posible hasta los dos a\u00f1os, \u00abpara nosotros es de vital importancia el tema de la lactancia materna, por todos los beneficios que tiene para la salud de los menores, tanto en su \u00e1mbito emocional como tambi\u00e9n en lo psicol\u00f3gico\u00bb, dijo Olave.<br \/>\n<strong>Roberto Gonz\u00e1lez Short<\/strong><br \/>\n<strong>rgonzalez@eltrabajo.cl<\/strong><\/p>\n","protected":false},"excerpt":{"rendered":"<p>Un total de 59 fotograf\u00edas fueron premiadas por el Servicio de Salud Aconcagua, en el marco del VII Concurso fotogr\u00e1fico de lactancia materna, que este a\u00f1o fue identificado con el lema \u2018Amamantar&#8230;<\/p>\n","protected":false},"author":482,"featured_media":61437,"comment_status":"open","ping_status":"open","sticky":false,"template":"","format":"standard","meta":{"advanced_seo_description":"","jetpack_seo_html_title":"","jetpack_seo_noindex":false,"_jetpack_memberships_contains_paid_content":false,"footnotes":""},"categories":[15],"tags":[],"class_list":["post-61436","post","type-post","status-publish","format-standard","has-post-thumbnail","hentry","category-comunidad"],"jetpack_featured_media_url":"https:\/\/i0.wp.com\/eltrabajo.cl\/portal\/wp-content\/uploads\/2015\/08\/Concurso1.jpg?fit=530%2C349&ssl=1","jetpack_sharing_enabled":true,"jetpack_likes_enabled":true,"jetpack-related-posts":[],"_links":{"self":[{"href":"https:\/\/eltrabajo.cl\/portal\/wp-json\/wp\/v2\/posts\/61436","targetHints":{"allow":["GET"]}}],"collection":[{"href":"https:\/\/eltrabajo.cl\/portal\/wp-json\/wp\/v2\/posts"}],"about":[{"href":"https:\/\/eltrabajo.cl\/portal\/wp-json\/wp\/v2\/types\/post"}],"author":[{"embeddable":true,"href":"https:\/\/eltrabajo.cl\/portal\/wp-json\/wp\/v2\/users\/482"}],"replies":[{"embeddable":true,"href":"https:\/\/eltrabajo.cl\/portal\/wp-json\/wp\/v2\/comments?post=61436"}],"version-history":[{"count":0,"href":"https:\/\/eltrabajo.cl\/portal\/wp-json\/wp\/v2\/posts\/61436\/revisions"}],"wp:featuredmedia":[{"embeddable":true,"href":"https:\/\/eltrabajo.cl\/portal\/wp-json\/wp\/v2\/media\/61437"}],"wp:attachment":[{"href":"https:\/\/eltrabajo.cl\/portal\/wp-json\/wp\/v2\/media?parent=61436"}],"wp:term":[{"taxonomy":"category","embeddable":true,"href":"https:\/\/eltrabajo.cl\/portal\/wp-json\/wp\/v2\/categories?post=61436"},{"taxonomy":"post_tag","embeddable":true,"href":"https:\/\/eltrabajo.cl\/portal\/wp-json\/wp\/v2\/tags?post=61436"}],"curies":[{"name":"wp","href":"https:\/\/api.w.org\/{rel}","templated":true}]}}