{"id":61441,"date":"2015-08-28T09:41:04","date_gmt":"2015-08-28T12:41:04","guid":{"rendered":"http:\/\/www.eltrabajo.cl\/portal\/?p=61441"},"modified":"2015-08-28T09:41:04","modified_gmt":"2015-08-28T12:41:04","slug":"diputado-rivas-acusa-cobros-abusivos-en-permisos-de-circulacion","status":"publish","type":"post","link":"https:\/\/eltrabajo.cl\/portal\/diputado-rivas-acusa-cobros-abusivos-en-permisos-de-circulacion\/","title":{"rendered":"Diputado Rivas acusa cobros abusivos en Permisos de Circulaci\u00f3n"},"content":{"rendered":"<figure id=\"attachment_61442\" aria-describedby=\"caption-attachment-61442\" style=\"width: 300px\" class=\"wp-caption alignleft\"><a href=\"https:\/\/i0.wp.com\/www.eltrabajo.cl\/portal\/wp-content\/uploads\/2015\/08\/gaspar-rivas1.jpg\"><img data-recalc-dims=\"1\" loading=\"lazy\" decoding=\"async\" class=\"wp-image-61442 size-medium\" src=\"https:\/\/i0.wp.com\/www.eltrabajo.cl\/portal\/wp-content\/uploads\/2015\/08\/gaspar-rivas1-300x198.jpg?resize=300%2C198\" alt=\"Gaspar Rivas, Diputado Independiente.\" width=\"300\" height=\"198\" srcset=\"https:\/\/i0.wp.com\/eltrabajo.cl\/portal\/wp-content\/uploads\/2015\/08\/gaspar-rivas1.jpg?resize=300%2C198&amp;ssl=1 300w, https:\/\/i0.wp.com\/eltrabajo.cl\/portal\/wp-content\/uploads\/2015\/08\/gaspar-rivas1.jpg?resize=200%2C132&amp;ssl=1 200w, https:\/\/i0.wp.com\/eltrabajo.cl\/portal\/wp-content\/uploads\/2015\/08\/gaspar-rivas1.jpg?resize=228%2C150&amp;ssl=1 228w, https:\/\/i0.wp.com\/eltrabajo.cl\/portal\/wp-content\/uploads\/2015\/08\/gaspar-rivas1.jpg?resize=400%2C263&amp;ssl=1 400w, https:\/\/i0.wp.com\/eltrabajo.cl\/portal\/wp-content\/uploads\/2015\/08\/gaspar-rivas1.jpg?w=530&amp;ssl=1 530w\" sizes=\"auto, (max-width: 300px) 100vw, 300px\" \/><\/a><figcaption id=\"caption-attachment-61442\" class=\"wp-caption-text\">Gaspar Rivas, Diputado Independiente.<\/figcaption><\/figure>\n<p>A pocos d\u00edas de vencer el plazo para pagar la 2\u00b0 cuota de la patente vehicular, el diputado Gaspar Rivas (IND) denunci\u00f3 que se le est\u00e1n cobrando de m\u00e1s a la gente y llam\u00f3 a la Presidenta Bachelet a enviar un proyecto de ley que corrija \u201cesta injusticia\u201d.<br \/>\nEl pr\u00f3ximo lunes 31 de agosto se vence el plazo para cancelar la segunda cuota del Permiso de Circulaci\u00f3n a\u00f1o 2015 y es en ese contexto que el diputado independiente Gaspar Rivas sali\u00f3 a denunciar un sobreprecio que pagar\u00e1n los due\u00f1os de veh\u00edculos en el valor final que fija a\u00f1o a a\u00f1o el Servicio de Impuestos Internos (SII) en los Permisos de Circulaci\u00f3n.<br \/>\n\u201cEs bueno que la ciudadan\u00eda sepa que dentro del valor que paga por concepto de patente, se le est\u00e1 cobrando dos veces un impuesto que ya est\u00e1 pagado, es decir, se le est\u00e1 cobrando de m\u00e1s\u201d, indic\u00f3 el parlamentario, explicando que esto se debe a que \u201clos veh\u00edculos que transitan en Chile son importados y al momento de su internaci\u00f3n, en la aduana, pagan un impuesto al lujo\u201d para posteriormente, en \u201cel valor que se paga en la automotora y que se le suma el IVA, ya incluye ese impuesto (al lujo). Es decir, al final, cuando usted est\u00e1 pagando la patente, est\u00e1 pagando impuesto, sobre impuesto, sobre impuesto\u201d.<br \/>\nGaspar Rivas se\u00f1al\u00f3 que esto es un cobro abusivo que hace el Estado en contra de los conductores, sin distinci\u00f3n ya que \u201cesto afecta tanto a veh\u00edculos nuevos como antiguos, sea el primer, segundo o cuarto due\u00f1o. Esto es una cosa pareja para todos los veh\u00edculos que transitan en Chile, (por lo tanto), si usted tiene un veh\u00edculo, le est\u00e1n robando\u201d.<br \/>\nConsultado sobre por qu\u00e9 no han presentado iniciativas que rectifiquen el c\u00e1lculo que hace el SII para fijar el precio de las patentes, el diputado Rivas sostuvo que \u201cdesgraciadamente, en materia de impuestos, los parlamentarios no tenemos ning\u00fan tipo de iniciativa legal. Aqu\u00ed, quien tiene la sart\u00e9n por el mango es el Gobierno (y) es el Gobierno el que tiene que, a trav\u00e9s de un proyecto de ley, modificar esta situaci\u00f3n injusta, que es abusiva y lo digo con todas sus letras, esto es un robo a la ciudadan\u00eda, porque se les est\u00e1 haciendo pagar una proporci\u00f3n sobre impuestos que ya est\u00e1n pagados\u201d, emplaz\u00f3, llamando a la Presidenta de la Rep\u00fablica, Michelle Bachellet, para que presente a la brevedad un proyecto de ley que evite que millones de chilenas y chilenos sigan pagando de m\u00e1s por usar sus veh\u00edculos.<\/p>\n","protected":false},"excerpt":{"rendered":"<p>A pocos d\u00edas de vencer el plazo para pagar la 2\u00b0 cuota de la patente vehicular, el diputado Gaspar Rivas (IND) denunci\u00f3 que se le est\u00e1n cobrando de m\u00e1s a la gente&#8230;<\/p>\n","protected":false},"author":482,"featured_media":61442,"comment_status":"open","ping_status":"open","sticky":false,"template":"","format":"standard","meta":{"advanced_seo_description":"","jetpack_seo_html_title":"","jetpack_seo_noindex":false,"_jetpack_memberships_contains_paid_content":false,"footnotes":""},"categories":[1],"tags":[],"class_list":["post-61441","post","type-post","status-publish","format-standard","has-post-thumbnail","hentry","category-cronica"],"jetpack_featured_media_url":"https:\/\/i0.wp.com\/eltrabajo.cl\/portal\/wp-content\/uploads\/2015\/08\/gaspar-rivas1.jpg?fit=530%2C349&ssl=1","jetpack_sharing_enabled":true,"jetpack_likes_enabled":true,"jetpack-related-posts":[],"_links":{"self":[{"href":"https:\/\/eltrabajo.cl\/portal\/wp-json\/wp\/v2\/posts\/61441","targetHints":{"allow":["GET"]}}],"collection":[{"href":"https:\/\/eltrabajo.cl\/portal\/wp-json\/wp\/v2\/posts"}],"about":[{"href":"https:\/\/eltrabajo.cl\/portal\/wp-json\/wp\/v2\/types\/post"}],"author":[{"embeddable":true,"href":"https:\/\/eltrabajo.cl\/portal\/wp-json\/wp\/v2\/users\/482"}],"replies":[{"embeddable":true,"href":"https:\/\/eltrabajo.cl\/portal\/wp-json\/wp\/v2\/comments?post=61441"}],"version-history":[{"count":0,"href":"https:\/\/eltrabajo.cl\/portal\/wp-json\/wp\/v2\/posts\/61441\/revisions"}],"wp:featuredmedia":[{"embeddable":true,"href":"https:\/\/eltrabajo.cl\/portal\/wp-json\/wp\/v2\/media\/61442"}],"wp:attachment":[{"href":"https:\/\/eltrabajo.cl\/portal\/wp-json\/wp\/v2\/media?parent=61441"}],"wp:term":[{"taxonomy":"category","embeddable":true,"href":"https:\/\/eltrabajo.cl\/portal\/wp-json\/wp\/v2\/categories?post=61441"},{"taxonomy":"post_tag","embeddable":true,"href":"https:\/\/eltrabajo.cl\/portal\/wp-json\/wp\/v2\/tags?post=61441"}],"curies":[{"name":"wp","href":"https:\/\/api.w.org\/{rel}","templated":true}]}}