{"id":61444,"date":"2015-08-28T09:42:40","date_gmt":"2015-08-28T12:42:40","guid":{"rendered":"http:\/\/www.eltrabajo.cl\/portal\/?p=61444"},"modified":"2015-08-28T09:42:40","modified_gmt":"2015-08-28T12:42:40","slug":"advierten-a-vecinos-sobre-falsa-campana-para-captar-clientes-para-cementerio","status":"publish","type":"post","link":"https:\/\/eltrabajo.cl\/portal\/advierten-a-vecinos-sobre-falsa-campana-para-captar-clientes-para-cementerio\/","title":{"rendered":"Advierten a vecinos sobre falsa campa\u00f1a para captar clientes para cementerio"},"content":{"rendered":"<figure id=\"attachment_61445\" aria-describedby=\"caption-attachment-61445\" style=\"width: 300px\" class=\"wp-caption alignleft\"><a href=\"https:\/\/i0.wp.com\/www.eltrabajo.cl\/portal\/wp-content\/uploads\/2015\/08\/Isabel-Franco.jpg\"><img data-recalc-dims=\"1\" loading=\"lazy\" decoding=\"async\" class=\"wp-image-61445 size-medium\" src=\"https:\/\/i0.wp.com\/www.eltrabajo.cl\/portal\/wp-content\/uploads\/2015\/08\/Isabel-Franco-300x198.jpg?resize=300%2C198\" alt=\"Isabel Franco, asesora Jur\u00eddica de la Municipalidad de Panquehue.\" width=\"300\" height=\"198\" srcset=\"https:\/\/i0.wp.com\/eltrabajo.cl\/portal\/wp-content\/uploads\/2015\/08\/Isabel-Franco.jpg?resize=300%2C198&amp;ssl=1 300w, https:\/\/i0.wp.com\/eltrabajo.cl\/portal\/wp-content\/uploads\/2015\/08\/Isabel-Franco.jpg?resize=200%2C132&amp;ssl=1 200w, https:\/\/i0.wp.com\/eltrabajo.cl\/portal\/wp-content\/uploads\/2015\/08\/Isabel-Franco.jpg?resize=227%2C150&amp;ssl=1 227w, https:\/\/i0.wp.com\/eltrabajo.cl\/portal\/wp-content\/uploads\/2015\/08\/Isabel-Franco.jpg?resize=400%2C264&amp;ssl=1 400w, https:\/\/i0.wp.com\/eltrabajo.cl\/portal\/wp-content\/uploads\/2015\/08\/Isabel-Franco.jpg?w=530&amp;ssl=1 530w\" sizes=\"auto, (max-width: 300px) 100vw, 300px\" \/><\/a><figcaption id=\"caption-attachment-61445\" class=\"wp-caption-text\">Isabel Franco, asesora Jur\u00eddica de la Municipalidad de Panquehue.<\/figcaption><\/figure>\n<ul>\n<li><strong>Isabel Franco Asesora Jur\u00eddica de la Municipalidad, se\u00f1al\u00f3 que vecinos de Panquehue est\u00e1n siendo enga\u00f1ados, para efectuar la compra de sepulturas de un cementerio parque.<\/strong><\/li>\n<\/ul>\n<p><strong>PANQUEHUE<\/strong>.- Un llamado a los vecinos de Panquehue, a no dejarse enga\u00f1ar en la compra de sepulturas de un cementerio parque, realiz\u00f3 la Asesora Jur\u00eddica de la Municipalidad de Panquehue, Isabel Franco.<br \/>\nEste departamento de asesor\u00eda legal de la corporaci\u00f3n edilicia, ha recibido una serie de consultas sobre la celebraci\u00f3n de contratos de compra-venta de sepulturas para el cementerio Parque Re\u00f1aca, donde una de las ejecutivas de venta, para lograr la captaci\u00f3n de sus clientes, les se\u00f1ala que el alcalde de la comuna, ha confirmado la falta de espacios para sepulturas en el actual cementerio de Vi\u00f1a Err\u00e1zuriz, raz\u00f3n por lo cual se hace necesario comprar en dicha empresa.<br \/>\nLa situaci\u00f3n es m\u00e1s complicada aun, cuando dichos contratos de compra-venta, son llenados con antecedentes falseados de los futuros clientes, hecho que ser\u00e1 denunciado a la justicia.<br \/>\n\u201cHemos estado recibiendo a una serie de vecinos de la comuna, quienes nos ha manifestado su inquietud por las ofertas de contrato de promesa de compraventa de sepultura y servicio del Parque Re\u00f1aca, se\u00f1alando que la persona que est\u00e1 haciendo estos contratos, les comunica que el alcalde estar\u00eda se\u00f1alando que en el cementerio de la comuna no existir\u00edan cupos y por lo tanto, deb\u00edan comprar en este cementerio parque.<br \/>\nEs importante aclarar en esto ciertas cosas, hay disponibilidad de cupos en el cementerio de la comuna; el alcalde ni nadie puede obligar a los vecinos a contratar servicios con un cementerio en particular y lo que m\u00e1s me interesa recalcar, es que las personas tienen que leer muy bien los documentos que est\u00e1n firmando. A nuestra oficina jur\u00eddica han llegado casos de personas que firmaron en blanco, personas que no leyeron lo que firmaron, personas que estando sin trabajo, el vendedor les invento un sueldo y una actividad profesional remunerada, por lo tanto, estamos frente a una situaci\u00f3n muy delicada, porque para estas personas, salir de estos contratos no es una cosa muy f\u00e1cil, si bien nosotros vamos hacer la denuncia correspondiente a la justicia, son las personas en si las llamadas a tener mucho cuidado con lo que est\u00e1n firmando.<br \/>\nYo siempre les he dicho a las personas que cuando ellos contratan algo, no lo hacen para s\u00ed, sino que tambi\u00e9n para su herederos y estos como son contratos de promesa, adem\u00e1s de ello, est\u00e1n adquiriendo una deuda en U.F. que sube todo los meses y que est\u00e1 sujeta a una multa si no cumplen este contrato\u201d.<br \/>\nAgreg\u00f3 finalmente Isabel Franco que es importante que todos los vecinos que sean afectados con esta situaci\u00f3n, se acerquen con el fin de poder buscar una soluci\u00f3n a esta situaci\u00f3n.<\/p>\n","protected":false},"excerpt":{"rendered":"<p>Isabel Franco Asesora Jur\u00eddica de la Municipalidad, se\u00f1al\u00f3 que vecinos de Panquehue est\u00e1n siendo enga\u00f1ados, para efectuar la compra de sepulturas de un cementerio parque. PANQUEHUE.- Un llamado a los vecinos de&#8230;<\/p>\n","protected":false},"author":482,"featured_media":61445,"comment_status":"open","ping_status":"open","sticky":false,"template":"","format":"standard","meta":{"advanced_seo_description":"","jetpack_seo_html_title":"","jetpack_seo_noindex":false,"_jetpack_memberships_contains_paid_content":false,"footnotes":""},"categories":[1],"tags":[],"class_list":["post-61444","post","type-post","status-publish","format-standard","has-post-thumbnail","hentry","category-cronica"],"jetpack_featured_media_url":"https:\/\/i0.wp.com\/eltrabajo.cl\/portal\/wp-content\/uploads\/2015\/08\/Isabel-Franco.jpg?fit=530%2C350&ssl=1","jetpack_sharing_enabled":true,"jetpack_likes_enabled":true,"jetpack-related-posts":[],"_links":{"self":[{"href":"https:\/\/eltrabajo.cl\/portal\/wp-json\/wp\/v2\/posts\/61444","targetHints":{"allow":["GET"]}}],"collection":[{"href":"https:\/\/eltrabajo.cl\/portal\/wp-json\/wp\/v2\/posts"}],"about":[{"href":"https:\/\/eltrabajo.cl\/portal\/wp-json\/wp\/v2\/types\/post"}],"author":[{"embeddable":true,"href":"https:\/\/eltrabajo.cl\/portal\/wp-json\/wp\/v2\/users\/482"}],"replies":[{"embeddable":true,"href":"https:\/\/eltrabajo.cl\/portal\/wp-json\/wp\/v2\/comments?post=61444"}],"version-history":[{"count":0,"href":"https:\/\/eltrabajo.cl\/portal\/wp-json\/wp\/v2\/posts\/61444\/revisions"}],"wp:featuredmedia":[{"embeddable":true,"href":"https:\/\/eltrabajo.cl\/portal\/wp-json\/wp\/v2\/media\/61445"}],"wp:attachment":[{"href":"https:\/\/eltrabajo.cl\/portal\/wp-json\/wp\/v2\/media?parent=61444"}],"wp:term":[{"taxonomy":"category","embeddable":true,"href":"https:\/\/eltrabajo.cl\/portal\/wp-json\/wp\/v2\/categories?post=61444"},{"taxonomy":"post_tag","embeddable":true,"href":"https:\/\/eltrabajo.cl\/portal\/wp-json\/wp\/v2\/tags?post=61444"}],"curies":[{"name":"wp","href":"https:\/\/api.w.org\/{rel}","templated":true}]}}