{"id":61447,"date":"2015-08-28T09:44:20","date_gmt":"2015-08-28T12:44:20","guid":{"rendered":"http:\/\/www.eltrabajo.cl\/portal\/?p=61447"},"modified":"2015-08-28T09:44:20","modified_gmt":"2015-08-28T12:44:20","slug":"en-noviembre-entregarian-las-nuevas-veredas-de-av-yungay","status":"publish","type":"post","link":"https:\/\/eltrabajo.cl\/portal\/en-noviembre-entregarian-las-nuevas-veredas-de-av-yungay\/","title":{"rendered":"En noviembre entregar\u00edan las nuevas veredas de Av. Yungay"},"content":{"rendered":"<figure id=\"attachment_61448\" aria-describedby=\"caption-attachment-61448\" style=\"width: 300px\" class=\"wp-caption alignleft\"><a href=\"https:\/\/i0.wp.com\/www.eltrabajo.cl\/portal\/wp-content\/uploads\/2015\/08\/cambio-veredas-yungay-2.jpg\"><img data-recalc-dims=\"1\" loading=\"lazy\" decoding=\"async\" class=\"wp-image-61448 size-medium\" src=\"https:\/\/i0.wp.com\/www.eltrabajo.cl\/portal\/wp-content\/uploads\/2015\/08\/cambio-veredas-yungay-2-300x198.jpg?resize=300%2C198\" alt=\"La iniciativa es parte de la gesti\u00f3n del alcalde Patricio Freire que significa una inversi\u00f3n de 214 millones de pesos.\" width=\"300\" height=\"198\" srcset=\"https:\/\/i0.wp.com\/eltrabajo.cl\/portal\/wp-content\/uploads\/2015\/08\/cambio-veredas-yungay-2.jpg?resize=300%2C198&amp;ssl=1 300w, https:\/\/i0.wp.com\/eltrabajo.cl\/portal\/wp-content\/uploads\/2015\/08\/cambio-veredas-yungay-2.jpg?resize=200%2C132&amp;ssl=1 200w, https:\/\/i0.wp.com\/eltrabajo.cl\/portal\/wp-content\/uploads\/2015\/08\/cambio-veredas-yungay-2.jpg?resize=227%2C150&amp;ssl=1 227w, https:\/\/i0.wp.com\/eltrabajo.cl\/portal\/wp-content\/uploads\/2015\/08\/cambio-veredas-yungay-2.jpg?resize=400%2C264&amp;ssl=1 400w, https:\/\/i0.wp.com\/eltrabajo.cl\/portal\/wp-content\/uploads\/2015\/08\/cambio-veredas-yungay-2.jpg?w=530&amp;ssl=1 530w\" sizes=\"auto, (max-width: 300px) 100vw, 300px\" \/><\/a><figcaption id=\"caption-attachment-61448\" class=\"wp-caption-text\">La iniciativa es parte de la gesti\u00f3n del alcalde Patricio Freire que significa una inversi\u00f3n de 214 millones de pesos.<\/figcaption><\/figure>\n<p>Contin\u00faa avanzando el proyecto de reposici\u00f3n de veredas en avenida Yungay, una iniciativa presentada y ejecutada \u00edntegramente en la gesti\u00f3n del alcalde Patricio Freire y que significa una inversi\u00f3n de 214 millones de pesos.<br \/>\nSeg\u00fan explic\u00f3 el Secretario de Planificaci\u00f3n del municipio, Claudio Paredes, en algunos tramos de la avenida Yungay, ya se instalaron las primeras baldosas, las que cuentan con gu\u00eda t\u00e1ctil para personas no videntes quienes podr\u00e1n realizar un desplazamiento m\u00e1s directo y con facilidad por el sector.<\/p>\n<figure id=\"attachment_61449\" aria-describedby=\"caption-attachment-61449\" style=\"width: 300px\" class=\"wp-caption alignright\"><a href=\"https:\/\/i0.wp.com\/www.eltrabajo.cl\/portal\/wp-content\/uploads\/2015\/08\/cambio-veredas-yungay-3.jpg\"><img data-recalc-dims=\"1\" loading=\"lazy\" decoding=\"async\" class=\"wp-image-61449 size-medium\" src=\"https:\/\/i0.wp.com\/www.eltrabajo.cl\/portal\/wp-content\/uploads\/2015\/08\/cambio-veredas-yungay-3-300x198.jpg?resize=300%2C198\" alt=\"Algunos tramos de la Av. Yungay ya se instalaron las primeras baldosas, las que cuentan con gu\u00eda t\u00e1ctil para personas no videntes quienes podr\u00e1n realizar un desplazamiento m\u00e1s directo y con facilidad por el sector.\" width=\"300\" height=\"198\" srcset=\"https:\/\/i0.wp.com\/eltrabajo.cl\/portal\/wp-content\/uploads\/2015\/08\/cambio-veredas-yungay-3.jpg?resize=300%2C198&amp;ssl=1 300w, https:\/\/i0.wp.com\/eltrabajo.cl\/portal\/wp-content\/uploads\/2015\/08\/cambio-veredas-yungay-3.jpg?resize=200%2C132&amp;ssl=1 200w, https:\/\/i0.wp.com\/eltrabajo.cl\/portal\/wp-content\/uploads\/2015\/08\/cambio-veredas-yungay-3.jpg?resize=227%2C150&amp;ssl=1 227w, https:\/\/i0.wp.com\/eltrabajo.cl\/portal\/wp-content\/uploads\/2015\/08\/cambio-veredas-yungay-3.jpg?resize=400%2C264&amp;ssl=1 400w, https:\/\/i0.wp.com\/eltrabajo.cl\/portal\/wp-content\/uploads\/2015\/08\/cambio-veredas-yungay-3.jpg?w=530&amp;ssl=1 530w\" sizes=\"auto, (max-width: 300px) 100vw, 300px\" \/><\/a><figcaption id=\"caption-attachment-61449\" class=\"wp-caption-text\">Algunos tramos de la Av. Yungay ya se instalaron las primeras baldosas, las que cuentan con gu\u00eda t\u00e1ctil para personas no videntes quienes podr\u00e1n realizar un desplazamiento m\u00e1s directo y con facilidad por el sector.<\/figcaption><\/figure>\n<p>En el marco del proyecto adem\u00e1s se instalar\u00e1n nuevos \u00e1rboles, cambiando varios de los que existen ya que se encuentran en muy mal estado.<br \/>\n\u201cEsto tiene que ver con la intenci\u00f3n del municipio de ir cuidando el entorno natural, y en aquellos \u00e1rboles que est\u00e1n enfermos o particularmente en el caso de los moreros que tienen ra\u00edces que van a molestar el libre flujo de los peatones se ha establecido poder sacarlos e incorporar algunas especies que sean menos invasivas y que den una mirada a la ciudad m\u00e1s armoniosa\u201d, sostuvo el Secpla.<br \/>\nEl proyecto, que cuenta con recursos del Fondo Nacional de Inversi\u00f3n Local, comenz\u00f3 a fines del mes de julio y tiene un plazo de finalizaci\u00f3n de 109 d\u00edas, por lo que se espera entregar las obras a la comunidad en el mes de noviembre.<\/p>\n","protected":false},"excerpt":{"rendered":"<p>Contin\u00faa avanzando el proyecto de reposici\u00f3n de veredas en avenida Yungay, una iniciativa presentada y ejecutada \u00edntegramente en la gesti\u00f3n del alcalde Patricio Freire y que significa una inversi\u00f3n de 214 millones&#8230;<\/p>\n","protected":false},"author":482,"featured_media":61448,"comment_status":"open","ping_status":"open","sticky":false,"template":"","format":"standard","meta":{"advanced_seo_description":"","jetpack_seo_html_title":"","jetpack_seo_noindex":false,"_jetpack_memberships_contains_paid_content":false,"footnotes":""},"categories":[15],"tags":[],"class_list":["post-61447","post","type-post","status-publish","format-standard","has-post-thumbnail","hentry","category-comunidad"],"jetpack_featured_media_url":"https:\/\/i0.wp.com\/eltrabajo.cl\/portal\/wp-content\/uploads\/2015\/08\/cambio-veredas-yungay-2.jpg?fit=530%2C350&ssl=1","jetpack_sharing_enabled":true,"jetpack_likes_enabled":true,"jetpack-related-posts":[],"_links":{"self":[{"href":"https:\/\/eltrabajo.cl\/portal\/wp-json\/wp\/v2\/posts\/61447","targetHints":{"allow":["GET"]}}],"collection":[{"href":"https:\/\/eltrabajo.cl\/portal\/wp-json\/wp\/v2\/posts"}],"about":[{"href":"https:\/\/eltrabajo.cl\/portal\/wp-json\/wp\/v2\/types\/post"}],"author":[{"embeddable":true,"href":"https:\/\/eltrabajo.cl\/portal\/wp-json\/wp\/v2\/users\/482"}],"replies":[{"embeddable":true,"href":"https:\/\/eltrabajo.cl\/portal\/wp-json\/wp\/v2\/comments?post=61447"}],"version-history":[{"count":0,"href":"https:\/\/eltrabajo.cl\/portal\/wp-json\/wp\/v2\/posts\/61447\/revisions"}],"wp:featuredmedia":[{"embeddable":true,"href":"https:\/\/eltrabajo.cl\/portal\/wp-json\/wp\/v2\/media\/61448"}],"wp:attachment":[{"href":"https:\/\/eltrabajo.cl\/portal\/wp-json\/wp\/v2\/media?parent=61447"}],"wp:term":[{"taxonomy":"category","embeddable":true,"href":"https:\/\/eltrabajo.cl\/portal\/wp-json\/wp\/v2\/categories?post=61447"},{"taxonomy":"post_tag","embeddable":true,"href":"https:\/\/eltrabajo.cl\/portal\/wp-json\/wp\/v2\/tags?post=61447"}],"curies":[{"name":"wp","href":"https:\/\/api.w.org\/{rel}","templated":true}]}}