{"id":61451,"date":"2015-08-28T09:45:53","date_gmt":"2015-08-28T12:45:53","guid":{"rendered":"http:\/\/www.eltrabajo.cl\/portal\/?p=61451"},"modified":"2015-08-28T09:45:53","modified_gmt":"2015-08-28T12:45:53","slug":"lanzan-campana-contra-vph-que-inmunizara-a-mas-de-7-mil-ninas-del-valle-de-aconcagua","status":"publish","type":"post","link":"https:\/\/eltrabajo.cl\/portal\/lanzan-campana-contra-vph-que-inmunizara-a-mas-de-7-mil-ninas-del-valle-de-aconcagua\/","title":{"rendered":"Lanzan campa\u00f1a contra VPH que inmunizar\u00e1 a m\u00e1s de 7 mil ni\u00f1as del Valle de Aconcagua"},"content":{"rendered":"<figure id=\"attachment_61452\" aria-describedby=\"caption-attachment-61452\" style=\"width: 300px\" class=\"wp-caption alignleft\"><a href=\"https:\/\/i0.wp.com\/www.eltrabajo.cl\/portal\/wp-content\/uploads\/2015\/08\/Vacuna1.jpg\"><img data-recalc-dims=\"1\" loading=\"lazy\" decoding=\"async\" class=\"wp-image-61452 size-medium\" src=\"https:\/\/i0.wp.com\/www.eltrabajo.cl\/portal\/wp-content\/uploads\/2015\/08\/Vacuna1-300x199.jpg?resize=300%2C199\" alt=\"Diversas autoridades participaron del lanzamiento de la campa\u00f1a de vacunaci\u00f3n contra el VPH en la Escuela Bernardo O\u2019Higgins.\" width=\"300\" height=\"199\" srcset=\"https:\/\/i0.wp.com\/eltrabajo.cl\/portal\/wp-content\/uploads\/2015\/08\/Vacuna1.jpg?resize=300%2C199&amp;ssl=1 300w, https:\/\/i0.wp.com\/eltrabajo.cl\/portal\/wp-content\/uploads\/2015\/08\/Vacuna1.jpg?resize=200%2C133&amp;ssl=1 200w, https:\/\/i0.wp.com\/eltrabajo.cl\/portal\/wp-content\/uploads\/2015\/08\/Vacuna1.jpg?resize=226%2C150&amp;ssl=1 226w, https:\/\/i0.wp.com\/eltrabajo.cl\/portal\/wp-content\/uploads\/2015\/08\/Vacuna1.jpg?resize=400%2C265&amp;ssl=1 400w, https:\/\/i0.wp.com\/eltrabajo.cl\/portal\/wp-content\/uploads\/2015\/08\/Vacuna1.jpg?w=528&amp;ssl=1 528w\" sizes=\"auto, (max-width: 300px) 100vw, 300px\" \/><\/a><figcaption id=\"caption-attachment-61452\" class=\"wp-caption-text\">Diversas autoridades participaron del lanzamiento de la campa\u00f1a de vacunaci\u00f3n contra el VPH en la Escuela Bernardo O\u2019Higgins.<\/figcaption><\/figure>\n<ul>\n<li><strong>Esta iniciativa, iniciada durante 2014, permitir\u00e1 proteger a las estudiantes contra el c\u00e1ncer asociado al Virus de Papiloma Humano, abarcando la mayor parte de las infecciones causadas por el virus.<\/strong><\/li>\n<\/ul>\n<p>Con la presencia del Gobernador, Eduardo Le\u00f3n, la Directora del Servicio de Salud, Vilma Olave y la Autoridad Sanitaria, Mario M\u00e9ndez, lanzaron la campa\u00f1a de vacunaci\u00f3n contra el virus de papiloma humano en la Provincia de San Felipe.<br \/>\nEn la ocasi\u00f3n, el establecimiento escogido para llevar a cabo el inicio de esta importante pol\u00edtica p\u00fablica del Gobierno fue la Escuela Bernardo O\u2019Higgins de San Felipe, donde las ni\u00f1as de entre 4\u00b0 a 7\u00b0 b\u00e1sico fueron vacunadas por profesionales del Cesfam Segismundo Iturra.<br \/>\nEsta iniciativa fue incorporada, durante el a\u00f1o 2014, al Plan Nacional de Inmunizaci\u00f3n, para proteger contra el c\u00e1ncer asociado al VPH y las verrugas genitales, abarcando la mayor parte de las infecciones causadas por el virus. Dado su alto precio, hasta el a\u00f1o 2013 la vacuna que se est\u00e1 administrando s\u00f3lo estaba disponible para quienes pudieran costearla. Con la inmunizaci\u00f3n, el Gobierno de Chile garantiza el acceso a la vacuna para todas las ni\u00f1as del grupo objetivo, dando un nuevo paso en equidad en el acceso a la Salud.<\/p>\n<figure id=\"attachment_61453\" aria-describedby=\"caption-attachment-61453\" style=\"width: 300px\" class=\"wp-caption alignright\"><a href=\"https:\/\/i0.wp.com\/www.eltrabajo.cl\/portal\/wp-content\/uploads\/2015\/08\/Vilma-Olave.jpg\"><img data-recalc-dims=\"1\" loading=\"lazy\" decoding=\"async\" class=\"wp-image-61453 size-medium\" src=\"https:\/\/i0.wp.com\/www.eltrabajo.cl\/portal\/wp-content\/uploads\/2015\/08\/Vilma-Olave-300x197.jpg?resize=300%2C197\" alt=\"La Directora del Servicio de Salud Aconcagua, Dra. Vilma Olave.\" width=\"300\" height=\"197\" srcset=\"https:\/\/i0.wp.com\/eltrabajo.cl\/portal\/wp-content\/uploads\/2015\/08\/Vilma-Olave.jpg?resize=300%2C197&amp;ssl=1 300w, https:\/\/i0.wp.com\/eltrabajo.cl\/portal\/wp-content\/uploads\/2015\/08\/Vilma-Olave.jpg?resize=200%2C131&amp;ssl=1 200w, https:\/\/i0.wp.com\/eltrabajo.cl\/portal\/wp-content\/uploads\/2015\/08\/Vilma-Olave.jpg?resize=228%2C150&amp;ssl=1 228w, https:\/\/i0.wp.com\/eltrabajo.cl\/portal\/wp-content\/uploads\/2015\/08\/Vilma-Olave.jpg?resize=400%2C263&amp;ssl=1 400w, https:\/\/i0.wp.com\/eltrabajo.cl\/portal\/wp-content\/uploads\/2015\/08\/Vilma-Olave.jpg?w=530&amp;ssl=1 530w\" sizes=\"auto, (max-width: 300px) 100vw, 300px\" \/><\/a><figcaption id=\"caption-attachment-61453\" class=\"wp-caption-text\">La Directora del Servicio de Salud Aconcagua, Dra. Vilma Olave.<\/figcaption><\/figure>\n<p>En la ocasi\u00f3n, el Gobernador Eduardo Le\u00f3n destac\u00f3 la importancia de esta pol\u00edtica p\u00fablica, ya que \u201cen Chile, entre 600 a 700 mujeres mueren al a\u00f1o a ra\u00edz del C\u00e1ncer cervicouterino. Este es otro compromiso que cumple el Gobierno de la Presidenta Bachelet. Esta dosis cuesta cerca de 200 mil pesos y hoy es gratuito, por lo que motivamos a los padres a permitir la vacunaci\u00f3n de sus hijas\u201d.<br \/>\nEn tanto, la Directora del Servicio de Salud Aconcagua, Dra. Vilma Olave, indic\u00f3 que es importante que las ni\u00f1as queden inmunizadas contra el virus de papiloma humano. \u201cLa idea es que de ac\u00e1 al a\u00f1o 2016, todas las ni\u00f1as que egresen de cuarto medio queden inmunizadas. Vamos a vacunas alrededor de 4200 ni\u00f1as de la Provincia de San Felipe y 2900 en la Provincia de Los Andes\u201d.<br \/>\nPara la autoridad sanitaria, Mario M\u00e9ndez, esta iniciativa es muy importante, ya que \u201ces una cobertura importante. Se est\u00e1n cumpliendo con el apoyo de los centros de salud que est\u00e1n desplegados en los establecimientos educacionales. Lo que significa un despliegue importante del sector p\u00fablico para implementar esta vacunaci\u00f3n tan importante para asegurar inmunidad a las ni\u00f1as del valle de Aconcagua\u201d, finaliz\u00f3 el doctor.<br \/>\nDurante el a\u00f1o pasado fueron cerca de 2000 ni\u00f1as a las que se les suministr\u00f3 esta vacuna y este a\u00f1o se ampliar\u00e1 a 8 mil, el n\u00famero de estudiantes a los que aument\u00f3 durante este 2015.<br \/>\nLa cobertura lograda es comparable con la que exhiben los pa\u00edses industrializados, pero es posible aumentarla en la medida en que se logre contrarrestar la campa\u00f1a de desinformaci\u00f3n que se registr\u00f3 en el a\u00f1o 2014, en gran parte en las redes sociales, liderada por los intereses comerciales afectados por la decisi\u00f3n de compra de la vacuna efectuada por el Ministerio de Salud, la que fue objetada p\u00fablicamente por la empresa competidora del laboratorio que se adjudic\u00f3 la licitaci\u00f3n.<br \/>\nLos efectos adversos notificados en 2014 fueron reacciones leves. En su mayor\u00eda caracterizados por dolor pasajero en el sitio de inyecci\u00f3n. Por lo que las autoridades llamaron a los padres a permitir la vacunaci\u00f3n, ya que es segura y efectiva.<br \/>\nLa aparici\u00f3n del c\u00e1ncer de cuello uterino es m\u00e1s frecuente entre los 35 a 55 a\u00f1os, debido a que el tiempo entre la infecci\u00f3n por VPH y el desarrollo del c\u00e1ncer es de 20 a\u00f1os en promedio, por lo que las personas con m\u00e1s riesgo de infectarse son los adolescentes y personas menores de 25 a\u00f1os.<\/p>\n","protected":false},"excerpt":{"rendered":"<p>Esta iniciativa, iniciada durante 2014, permitir\u00e1 proteger a las estudiantes contra el c\u00e1ncer asociado al Virus de Papiloma Humano, abarcando la mayor parte de las infecciones causadas por el virus. Con la&#8230;<\/p>\n","protected":false},"author":482,"featured_media":61452,"comment_status":"open","ping_status":"open","sticky":false,"template":"","format":"standard","meta":{"advanced_seo_description":"","jetpack_seo_html_title":"","jetpack_seo_noindex":false,"_jetpack_memberships_contains_paid_content":false,"footnotes":""},"categories":[1],"tags":[],"class_list":["post-61451","post","type-post","status-publish","format-standard","has-post-thumbnail","hentry","category-cronica"],"jetpack_featured_media_url":"https:\/\/i0.wp.com\/eltrabajo.cl\/portal\/wp-content\/uploads\/2015\/08\/Vacuna1.jpg?fit=528%2C350&ssl=1","jetpack_sharing_enabled":true,"jetpack_likes_enabled":true,"jetpack-related-posts":[],"_links":{"self":[{"href":"https:\/\/eltrabajo.cl\/portal\/wp-json\/wp\/v2\/posts\/61451","targetHints":{"allow":["GET"]}}],"collection":[{"href":"https:\/\/eltrabajo.cl\/portal\/wp-json\/wp\/v2\/posts"}],"about":[{"href":"https:\/\/eltrabajo.cl\/portal\/wp-json\/wp\/v2\/types\/post"}],"author":[{"embeddable":true,"href":"https:\/\/eltrabajo.cl\/portal\/wp-json\/wp\/v2\/users\/482"}],"replies":[{"embeddable":true,"href":"https:\/\/eltrabajo.cl\/portal\/wp-json\/wp\/v2\/comments?post=61451"}],"version-history":[{"count":0,"href":"https:\/\/eltrabajo.cl\/portal\/wp-json\/wp\/v2\/posts\/61451\/revisions"}],"wp:featuredmedia":[{"embeddable":true,"href":"https:\/\/eltrabajo.cl\/portal\/wp-json\/wp\/v2\/media\/61452"}],"wp:attachment":[{"href":"https:\/\/eltrabajo.cl\/portal\/wp-json\/wp\/v2\/media?parent=61451"}],"wp:term":[{"taxonomy":"category","embeddable":true,"href":"https:\/\/eltrabajo.cl\/portal\/wp-json\/wp\/v2\/categories?post=61451"},{"taxonomy":"post_tag","embeddable":true,"href":"https:\/\/eltrabajo.cl\/portal\/wp-json\/wp\/v2\/tags?post=61451"}],"curies":[{"name":"wp","href":"https:\/\/api.w.org\/{rel}","templated":true}]}}