{"id":61455,"date":"2015-08-28T09:47:03","date_gmt":"2015-08-28T12:47:03","guid":{"rendered":"http:\/\/www.eltrabajo.cl\/portal\/?p=61455"},"modified":"2015-08-28T09:47:03","modified_gmt":"2015-08-28T12:47:03","slug":"procesan-a-dos-excarabineros-por-homicidio-de-joven-de-tierras-blancas","status":"publish","type":"post","link":"https:\/\/eltrabajo.cl\/portal\/procesan-a-dos-excarabineros-por-homicidio-de-joven-de-tierras-blancas\/","title":{"rendered":"Procesan a dos excarabineros por homicidio de joven de Tierras Blancas"},"content":{"rendered":"<figure id=\"attachment_61456\" aria-describedby=\"caption-attachment-61456\" style=\"width: 300px\" class=\"wp-caption alignleft\"><a href=\"https:\/\/i0.wp.com\/www.eltrabajo.cl\/portal\/wp-content\/uploads\/2015\/08\/Jaime-Arancibia.jpg\"><img data-recalc-dims=\"1\" loading=\"lazy\" decoding=\"async\" class=\"wp-image-61456 size-medium\" src=\"https:\/\/i0.wp.com\/www.eltrabajo.cl\/portal\/wp-content\/uploads\/2015\/08\/Jaime-Arancibia-300x198.jpg?resize=300%2C198\" alt=\"Jaime Arancibia Pinto, Ministro en Visita Extraordinaria.\" width=\"300\" height=\"198\" srcset=\"https:\/\/i0.wp.com\/eltrabajo.cl\/portal\/wp-content\/uploads\/2015\/08\/Jaime-Arancibia.jpg?resize=300%2C198&amp;ssl=1 300w, https:\/\/i0.wp.com\/eltrabajo.cl\/portal\/wp-content\/uploads\/2015\/08\/Jaime-Arancibia.jpg?resize=200%2C132&amp;ssl=1 200w, https:\/\/i0.wp.com\/eltrabajo.cl\/portal\/wp-content\/uploads\/2015\/08\/Jaime-Arancibia.jpg?resize=228%2C150&amp;ssl=1 228w, https:\/\/i0.wp.com\/eltrabajo.cl\/portal\/wp-content\/uploads\/2015\/08\/Jaime-Arancibia.jpg?resize=400%2C263&amp;ssl=1 400w, https:\/\/i0.wp.com\/eltrabajo.cl\/portal\/wp-content\/uploads\/2015\/08\/Jaime-Arancibia.jpg?w=530&amp;ssl=1 530w\" sizes=\"auto, (max-width: 300px) 100vw, 300px\" \/><\/a><figcaption id=\"caption-attachment-61456\" class=\"wp-caption-text\">Jaime Arancibia Pinto, Ministro en Visita Extraordinaria.<\/figcaption><\/figure>\n<p>Dos ex funcionarios de Carabineros fueron sometidos a proceso por el homicidio calificado de Rafael L\u00f3pez Leyton, un vecino de Tierras Blancas que falleci\u00f3 de un disparo en la cabeza el 7 de junio del a\u00f1o 1981.<br \/>\nLa resoluci\u00f3n la adopt\u00f3 el Ministro de la Corte de Apelaciones de Valpara\u00edso, Jaime Arancibia Pinto, quien en visita extraordinaria proces\u00f3 en calidad de autor a Carlos Castro Navarro y en calidad de encubridor a Ulises Castillo Soto, por hechos ocurridos en la quinta de recreo \u2018El Torito\u2019 del sector de Tierras Blancas.<br \/>\nDe esta manera, y transcurridos 34 a\u00f1os de aquella muerte, la justicia orden\u00f3 la detenci\u00f3n de ambos acusados, actualmente funcionarios en retiro de Carabineros, quienes por aquellos a\u00f1os se desempe\u00f1aban en el Ret\u00e9n de Curim\u00f3n.<br \/>\nSeg\u00fan los antecedentes consignados en la causa, se pudo establecer que \u00abuna patrulla de Carabineros del Ret\u00e9n Curim\u00f3n, compuesta por el sargento 2\u00b0 Ulises Castillo Soto, el cabo 1\u00b0 Octavio Gonz\u00e1lez Santib\u00e1\u00f1ez -actualmente fallecido- y el cabo 1\u00b0 Carlos Castro Navarro, concurri\u00f3 hasta el sector Tierras Blancas de San Felipe frente a la quinta de recreo El Torito, procediendo a la detenci\u00f3n de Rafael de La Cruz L\u00f3pez Leyton, y, en un entrevero, Castro procedi\u00f3 a disparar en su contra, hiri\u00e9ndolo de bala en el cr\u00e1neo, provoc\u00e1ndole la muerte, y posterior a este hecho, en conjunto con los otros funcionarios, procedi\u00f3 a rasgar su ropa y arrancar sus botones, con el objeto de aparentar un ataque de la v\u00edctima, configur\u00e1ndose de este modo el delito de Homicidio calificado previsto y sancionado en el art\u00edculo 391 n\u00b0 1 del C\u00f3digo Penal\u00bb, se\u00f1ala en el punto tercero la resoluci\u00f3n del ministro Jaime Arancibia.<\/p>\n<p><strong>DERECHOS HUMANOS<\/strong><br \/>\nEn la Fiscal\u00eda Militar de San Felipe se realiz\u00f3 una investigaci\u00f3n judicial de los hechos, que fue sobrese\u00edda por estimar el Juez Militar que no exist\u00edan antecedentes que justificaran la comisi\u00f3n de alg\u00fan delito. Sin embargo, la Polic\u00eda de Investigaciones concluy\u00f3 en su informe que la muerte de L\u00f3pez Leyton fue consecuencia de un homicidio con arma de fuego.<br \/>\nConsiderando los antecedentes reunidos, el caso de Rafael de la Cruz L\u00f3pez Leyton fue declarado como v\u00edctima de violaci\u00f3n de derechos humanos por parte de agentes del Estado que hicieron uso indebido de la fuerza.<\/p>\n","protected":false},"excerpt":{"rendered":"<p>Dos ex funcionarios de Carabineros fueron sometidos a proceso por el homicidio calificado de Rafael L\u00f3pez Leyton, un vecino de Tierras Blancas que falleci\u00f3 de un disparo en la cabeza el 7&#8230;<\/p>\n","protected":false},"author":482,"featured_media":61456,"comment_status":"open","ping_status":"open","sticky":false,"template":"","format":"standard","meta":{"advanced_seo_description":"","jetpack_seo_html_title":"","jetpack_seo_noindex":false,"_jetpack_memberships_contains_paid_content":false,"footnotes":""},"categories":[21],"tags":[],"class_list":["post-61455","post","type-post","status-publish","format-standard","has-post-thumbnail","hentry","category-policial"],"jetpack_featured_media_url":"https:\/\/i0.wp.com\/eltrabajo.cl\/portal\/wp-content\/uploads\/2015\/08\/Jaime-Arancibia.jpg?fit=530%2C349&ssl=1","jetpack_sharing_enabled":true,"jetpack_likes_enabled":true,"jetpack-related-posts":[],"_links":{"self":[{"href":"https:\/\/eltrabajo.cl\/portal\/wp-json\/wp\/v2\/posts\/61455","targetHints":{"allow":["GET"]}}],"collection":[{"href":"https:\/\/eltrabajo.cl\/portal\/wp-json\/wp\/v2\/posts"}],"about":[{"href":"https:\/\/eltrabajo.cl\/portal\/wp-json\/wp\/v2\/types\/post"}],"author":[{"embeddable":true,"href":"https:\/\/eltrabajo.cl\/portal\/wp-json\/wp\/v2\/users\/482"}],"replies":[{"embeddable":true,"href":"https:\/\/eltrabajo.cl\/portal\/wp-json\/wp\/v2\/comments?post=61455"}],"version-history":[{"count":0,"href":"https:\/\/eltrabajo.cl\/portal\/wp-json\/wp\/v2\/posts\/61455\/revisions"}],"wp:featuredmedia":[{"embeddable":true,"href":"https:\/\/eltrabajo.cl\/portal\/wp-json\/wp\/v2\/media\/61456"}],"wp:attachment":[{"href":"https:\/\/eltrabajo.cl\/portal\/wp-json\/wp\/v2\/media?parent=61455"}],"wp:term":[{"taxonomy":"category","embeddable":true,"href":"https:\/\/eltrabajo.cl\/portal\/wp-json\/wp\/v2\/categories?post=61455"},{"taxonomy":"post_tag","embeddable":true,"href":"https:\/\/eltrabajo.cl\/portal\/wp-json\/wp\/v2\/tags?post=61455"}],"curies":[{"name":"wp","href":"https:\/\/api.w.org\/{rel}","templated":true}]}}