{"id":61461,"date":"2015-08-31T09:20:16","date_gmt":"2015-08-31T12:20:16","guid":{"rendered":"http:\/\/www.eltrabajo.cl\/portal\/?p=61461"},"modified":"2015-08-31T09:20:16","modified_gmt":"2015-08-31T12:20:16","slug":"vecinos-luchan-por-iluminacion-y-asfalto-en-sector-de-rinconada-de-silva","status":"publish","type":"post","link":"https:\/\/eltrabajo.cl\/portal\/vecinos-luchan-por-iluminacion-y-asfalto-en-sector-de-rinconada-de-silva\/","title":{"rendered":"Vecinos luchan por iluminaci\u00f3n y asfalto en sector de Rinconada de Silva"},"content":{"rendered":"<figure id=\"attachment_61462\" aria-describedby=\"caption-attachment-61462\" style=\"width: 300px\" class=\"wp-caption alignleft\"><a href=\"https:\/\/i0.wp.com\/www.eltrabajo.cl\/portal\/wp-content\/uploads\/2015\/08\/CALLE-ANDRES-BELLO-1.jpg\"><img data-recalc-dims=\"1\" loading=\"lazy\" decoding=\"async\" class=\"wp-image-61462 size-medium\" src=\"https:\/\/i0.wp.com\/www.eltrabajo.cl\/portal\/wp-content\/uploads\/2015\/08\/CALLE-ANDRES-BELLO-1-300x198.jpg?resize=300%2C198\" alt=\"El municipio se comprometi\u00f3 a enviar maquinaria para arreglar el camino, adem\u00e1s instalar\u00e1 al menos cuatro postes para evitar focos de peligro para los delincuentes.\" width=\"300\" height=\"198\" srcset=\"https:\/\/i0.wp.com\/eltrabajo.cl\/portal\/wp-content\/uploads\/2015\/08\/CALLE-ANDRES-BELLO-1.jpg?resize=300%2C198&amp;ssl=1 300w, https:\/\/i0.wp.com\/eltrabajo.cl\/portal\/wp-content\/uploads\/2015\/08\/CALLE-ANDRES-BELLO-1.jpg?resize=200%2C132&amp;ssl=1 200w, https:\/\/i0.wp.com\/eltrabajo.cl\/portal\/wp-content\/uploads\/2015\/08\/CALLE-ANDRES-BELLO-1.jpg?resize=227%2C150&amp;ssl=1 227w, https:\/\/i0.wp.com\/eltrabajo.cl\/portal\/wp-content\/uploads\/2015\/08\/CALLE-ANDRES-BELLO-1.jpg?resize=400%2C264&amp;ssl=1 400w, https:\/\/i0.wp.com\/eltrabajo.cl\/portal\/wp-content\/uploads\/2015\/08\/CALLE-ANDRES-BELLO-1.jpg?w=530&amp;ssl=1 530w\" sizes=\"auto, (max-width: 300px) 100vw, 300px\" \/><\/a><figcaption id=\"caption-attachment-61462\" class=\"wp-caption-text\">El municipio se comprometi\u00f3 a enviar maquinaria para arreglar el camino, adem\u00e1s instalar\u00e1 al menos cuatro postes para evitar focos de peligro para los delincuentes.<\/figcaption><\/figure>\n<p><strong>PUTAENDO.<\/strong>&#8211; Los residentes de calle Andr\u00e9s Bello de Rinconada de Silva, han comenzado a organizarse para lograr que en el corto plazo ese camino pueda ser considerado en un futuro proyecto de asfalto e iluminaci\u00f3n.<br \/>\nEl jueves pasado en horas de la tarde, los vecinos se reunieron con el alcalde Guillermo Reyes, a quien expusieron una vez m\u00e1s la problem\u00e1tica que viven debido al p\u00e9simo estado del camino, los hoyos que dejaron las \u00faltimas reparaciones, el clima de inseguridad, la falta de iluminaci\u00f3n p\u00fablica y los inconvenientes que deben enfrentar por la basura y otras situaciones m\u00e1s.<br \/>\nD\u00e9bora Mill\u00f3n, en representaci\u00f3n de los residentes de calle Andr\u00e9s Bello, asegur\u00f3 a nuestro medio que en ese sector nunca se ha hecho algo para reparar el camino, indicando que la \u00fanica vez que la Municipalidad de Putaendo envi\u00f3 maquinaria al lugar, lejos de reparar caus\u00f3 m\u00e1s da\u00f1os a los vecinos, dejando hoyos que hasta la fecha nunca han sido eliminados.<br \/>\nEn este sentido, Mill\u00f3n calific\u00f3 la reuni\u00f3n sostenida el pasado jueves como positiva, porque en lo inmediato el municipio enviar\u00e1 maquinaria para arreglar el camino e instalar\u00e1 a lo menos cuatro postes de iluminaci\u00f3n p\u00fablica, con la finalidad de otorgar mayores condiciones de seguridad a los residentes, y evitar por ejemplo que calle Andr\u00e9s Bello se convierta en un \u2018motel al aire libre\u2019 o en un foco de delincuencia, ya que hay personas que aprovechan la oscuridad del lugar para causar des\u00f3rdenes y da\u00f1os.<br \/>\nPor su parte, los vecinos se comprometieron a realizar limpiezas y trabajar en conjunto para ojala en el corto plazo poder lograr el asfalto del camino, que en definitiva es el gran anhelo de todos quienes viven en calle Andr\u00e9s Bello de Rinconada de Silva, que por ejemplo, seg\u00fan relato de los afectados, durante el desarrollo del V\u00eda Crucis juega un importante rol de conectividad para la cantidad de veh\u00edculos que llegan al Cristo de Madera.<br \/>\n<strong>Patricio Gallardo M.<\/strong><\/p>\n","protected":false},"excerpt":{"rendered":"<p>PUTAENDO.&#8211; Los residentes de calle Andr\u00e9s Bello de Rinconada de Silva, han comenzado a organizarse para lograr que en el corto plazo ese camino pueda ser considerado en un futuro proyecto de&#8230;<\/p>\n","protected":false},"author":482,"featured_media":61462,"comment_status":"open","ping_status":"open","sticky":false,"template":"","format":"standard","meta":{"advanced_seo_description":"","jetpack_seo_html_title":"","jetpack_seo_noindex":false,"_jetpack_memberships_contains_paid_content":false,"footnotes":""},"categories":[15],"tags":[],"class_list":["post-61461","post","type-post","status-publish","format-standard","has-post-thumbnail","hentry","category-comunidad"],"jetpack_featured_media_url":"https:\/\/i0.wp.com\/eltrabajo.cl\/portal\/wp-content\/uploads\/2015\/08\/CALLE-ANDRES-BELLO-1.jpg?fit=530%2C350&ssl=1","jetpack_sharing_enabled":true,"jetpack_likes_enabled":true,"jetpack-related-posts":[],"_links":{"self":[{"href":"https:\/\/eltrabajo.cl\/portal\/wp-json\/wp\/v2\/posts\/61461","targetHints":{"allow":["GET"]}}],"collection":[{"href":"https:\/\/eltrabajo.cl\/portal\/wp-json\/wp\/v2\/posts"}],"about":[{"href":"https:\/\/eltrabajo.cl\/portal\/wp-json\/wp\/v2\/types\/post"}],"author":[{"embeddable":true,"href":"https:\/\/eltrabajo.cl\/portal\/wp-json\/wp\/v2\/users\/482"}],"replies":[{"embeddable":true,"href":"https:\/\/eltrabajo.cl\/portal\/wp-json\/wp\/v2\/comments?post=61461"}],"version-history":[{"count":0,"href":"https:\/\/eltrabajo.cl\/portal\/wp-json\/wp\/v2\/posts\/61461\/revisions"}],"wp:featuredmedia":[{"embeddable":true,"href":"https:\/\/eltrabajo.cl\/portal\/wp-json\/wp\/v2\/media\/61462"}],"wp:attachment":[{"href":"https:\/\/eltrabajo.cl\/portal\/wp-json\/wp\/v2\/media?parent=61461"}],"wp:term":[{"taxonomy":"category","embeddable":true,"href":"https:\/\/eltrabajo.cl\/portal\/wp-json\/wp\/v2\/categories?post=61461"},{"taxonomy":"post_tag","embeddable":true,"href":"https:\/\/eltrabajo.cl\/portal\/wp-json\/wp\/v2\/tags?post=61461"}],"curies":[{"name":"wp","href":"https:\/\/api.w.org\/{rel}","templated":true}]}}