{"id":61471,"date":"2015-08-31T09:29:27","date_gmt":"2015-08-31T12:29:27","guid":{"rendered":"http:\/\/www.eltrabajo.cl\/portal\/?p=61471"},"modified":"2015-08-31T09:29:27","modified_gmt":"2015-08-31T12:29:27","slug":"entregan-segundo-informe-de-avances-para-que-corrales-del-chalaco-sean-declarados-monumento-historico-nacional","status":"publish","type":"post","link":"https:\/\/eltrabajo.cl\/portal\/entregan-segundo-informe-de-avances-para-que-corrales-del-chalaco-sean-declarados-monumento-historico-nacional\/","title":{"rendered":"Entregan segundo informe de avances para que Corrales del Chalaco sean declarados Monumento Hist\u00f3rico Nacional"},"content":{"rendered":"<figure id=\"attachment_61472\" aria-describedby=\"caption-attachment-61472\" style=\"width: 300px\" class=\"wp-caption alignleft\"><a href=\"https:\/\/i0.wp.com\/www.eltrabajo.cl\/portal\/wp-content\/uploads\/2015\/08\/foto-alcalde-y-Ciem-Aconcagua.jpg\"><img data-recalc-dims=\"1\" loading=\"lazy\" decoding=\"async\" class=\"wp-image-61472 size-medium\" src=\"https:\/\/i0.wp.com\/www.eltrabajo.cl\/portal\/wp-content\/uploads\/2015\/08\/foto-alcalde-y-Ciem-Aconcagua-300x198.jpg?resize=300%2C198\" alt=\"El alcalde de Putaendo junto a autoridades, se reunieron con la Corporaci\u00f3n Ciem Aconcagua para entregar el informe de los avances que buscan convertir a los Corrales del Chalaco en Monumento Hist\u00f3rico.\" width=\"300\" height=\"198\" srcset=\"https:\/\/i0.wp.com\/eltrabajo.cl\/portal\/wp-content\/uploads\/2015\/08\/foto-alcalde-y-Ciem-Aconcagua.jpg?resize=300%2C198&amp;ssl=1 300w, https:\/\/i0.wp.com\/eltrabajo.cl\/portal\/wp-content\/uploads\/2015\/08\/foto-alcalde-y-Ciem-Aconcagua.jpg?resize=200%2C132&amp;ssl=1 200w, https:\/\/i0.wp.com\/eltrabajo.cl\/portal\/wp-content\/uploads\/2015\/08\/foto-alcalde-y-Ciem-Aconcagua.jpg?resize=227%2C150&amp;ssl=1 227w, https:\/\/i0.wp.com\/eltrabajo.cl\/portal\/wp-content\/uploads\/2015\/08\/foto-alcalde-y-Ciem-Aconcagua.jpg?resize=400%2C264&amp;ssl=1 400w, https:\/\/i0.wp.com\/eltrabajo.cl\/portal\/wp-content\/uploads\/2015\/08\/foto-alcalde-y-Ciem-Aconcagua.jpg?w=530&amp;ssl=1 530w\" sizes=\"auto, (max-width: 300px) 100vw, 300px\" \/><\/a><figcaption id=\"caption-attachment-61472\" class=\"wp-caption-text\">El alcalde de Putaendo junto a autoridades, se reunieron con la Corporaci\u00f3n Ciem Aconcagua para entregar el informe de los avances que buscan convertir a los Corrales del Chalaco en Monumento Hist\u00f3rico.<\/figcaption><\/figure>\n<ul>\n<li><strong>CIEM Aconcagua entreg\u00f3 argumentos contundentes en el segundo informe de avance del expediente encargado por la Municipalidad de Putaendo.<\/strong><\/li>\n<\/ul>\n<p><strong>PUTAENDO.-<\/strong> Una fuerte sinton\u00eda entre autoridades, vecinos y comunidad en general se evidenci\u00f3 la tarde de este mi\u00e9rcoles, cuando la Corporaci\u00f3n Ciem Aconcagua entreg\u00f3 al p\u00fablico el segundo informe de avance del expediente que busca conseguir la declaratoria de Monumento Hist\u00f3rico a Los Corrales del Chalaco.<br \/>\nLa actividad llen\u00f3 de entusiasmo a los asistentes encabezados por el alcalde Guillermo Reyes, el gobernador Eduardo Le\u00f3n y representantes de la Subdere. La exposici\u00f3n entreg\u00f3 s\u00f3lidos argumentos, componentes arqueol\u00f3gicos, hist\u00f3ricos y antropol\u00f3gicos, reconociendo la significativa importancia de los corrales en la vida de los habitantes del Valle de Putaendo.<br \/>\n\u201cFue una muy buena exposici\u00f3n, donde se hablaron tambi\u00e9n temas comunitarios y se consult\u00f3 lo qu\u00e9 pasar\u00eda con la propiedad del Chalaco. Lo que se\u00f1al\u00f3 el municipio es que hab\u00eda que ser optimista y que la comunidad conf\u00ede en que el itinerario que marc\u00f3 el municipio, junto a la comunidad, hace cuatro a\u00f1os se va a cumplir: Los Corrales tienen que estar a cargo del municipio, no lo imagino de otra forma. Adem\u00e1s, pretendemos implementar all\u00ed un parque ecol\u00f3gico, patrimonial, hist\u00f3rico y un museo de sitio. Esa es una meta que vamos a perseguir hasta que lo consigamos\u201d, enfatiz\u00f3 el alcalde Guillermo Reyes.<br \/>\nPor su parte, el antrop\u00f3logo Jorge Razeto, director de Ciem Aconcagua, destac\u00f3 que la reuni\u00f3n fue el reflejo de las herramientas metodol\u00f3gicas aplicadas a las personas en el estudio, en pos de valorar los corrales. Es parte de la tarea que viene para complementar al informe definitivo.<br \/>\n\u201cEl paso que viene es consolidar estos diversos componentes del estudio en un solo documento que es el que se va como expediente al Consejo de Monumentos Nacionales. Eso va a estar terminado a fines de septiembre. Consideramos que la informaci\u00f3n que tenemos es contundente como para respaldar la idea de que estos Corrales deben ser declarados como Monumento Hist\u00f3rico\u201d, destac\u00f3 Razeto.<\/p>\n<p><strong>PROTEGER EL PATRIMONIO<\/strong><br \/>\nLa iniciativa es parte de los esfuerzos del municipio de Putaendo por cumplir con el compromiso de ser la \u2018Capital Patrimonial de Aconcagua\u2019. En este sentido, el alcalde invit\u00f3 a toda la comunidad putaendina a unirse y proteger la historia e identidad del tambi\u00e9n Primer Pueblo Libre de Chile.<br \/>\n\u201cTambi\u00e9n hicimos un llamado en la reuni\u00f3n a que la gente no tenga temor, porque somos una comunidad que es capaz de unirse frente a las amenazas. Nosotros no tenemos que andar teniendo miedo al tema de la miner\u00eda. Debemos confiar que no habr\u00e1 gran miner\u00eda en los Corrales del Chalaco, ni en la cuenca del R\u00edo Putaendo\u201d, emplaz\u00f3 el edil.<br \/>\nDe esta forma, se pretende promover en el Plan de Desarrollo Comunal la clasificaci\u00f3n de algunos atractivos arquitect\u00f3nicos y paisaj\u00edsticos como parte del Patrimonio de la comuna. La comunidad se mostr\u00f3 confiada en este tipo de instancias y recomend\u00f3 que a futuro se replique un estudio similar que pueda proteger lugares como la Ruta del Ej\u00e9rcito Libertador de Los Andes.<br \/>\nEn la misma l\u00ednea el alcalde Reyes destac\u00f3 el trabajo que se est\u00e1 realizando en rescatar diferentes edificios patrimoniales de Putaendo como la Capilla Lo Vicu\u00f1a, el Teatro Cervantes, el Mercado Dolores Otero, el Casino Social e incluso podr\u00edan haber buenas noticias con la Capilla de El T\u00e1rtaro, entre otros proyectos.<\/p>\n","protected":false},"excerpt":{"rendered":"<p>CIEM Aconcagua entreg\u00f3 argumentos contundentes en el segundo informe de avance del expediente encargado por la Municipalidad de Putaendo. PUTAENDO.- Una fuerte sinton\u00eda entre autoridades, vecinos y comunidad en general se evidenci\u00f3&#8230;<\/p>\n","protected":false},"author":482,"featured_media":61472,"comment_status":"open","ping_status":"open","sticky":false,"template":"","format":"standard","meta":{"advanced_seo_description":"","jetpack_seo_html_title":"","jetpack_seo_noindex":false,"_jetpack_memberships_contains_paid_content":false,"footnotes":""},"categories":[1],"tags":[],"class_list":["post-61471","post","type-post","status-publish","format-standard","has-post-thumbnail","hentry","category-cronica"],"jetpack_featured_media_url":"https:\/\/i0.wp.com\/eltrabajo.cl\/portal\/wp-content\/uploads\/2015\/08\/foto-alcalde-y-Ciem-Aconcagua.jpg?fit=530%2C350&ssl=1","jetpack_sharing_enabled":true,"jetpack_likes_enabled":true,"jetpack-related-posts":[],"_links":{"self":[{"href":"https:\/\/eltrabajo.cl\/portal\/wp-json\/wp\/v2\/posts\/61471","targetHints":{"allow":["GET"]}}],"collection":[{"href":"https:\/\/eltrabajo.cl\/portal\/wp-json\/wp\/v2\/posts"}],"about":[{"href":"https:\/\/eltrabajo.cl\/portal\/wp-json\/wp\/v2\/types\/post"}],"author":[{"embeddable":true,"href":"https:\/\/eltrabajo.cl\/portal\/wp-json\/wp\/v2\/users\/482"}],"replies":[{"embeddable":true,"href":"https:\/\/eltrabajo.cl\/portal\/wp-json\/wp\/v2\/comments?post=61471"}],"version-history":[{"count":0,"href":"https:\/\/eltrabajo.cl\/portal\/wp-json\/wp\/v2\/posts\/61471\/revisions"}],"wp:featuredmedia":[{"embeddable":true,"href":"https:\/\/eltrabajo.cl\/portal\/wp-json\/wp\/v2\/media\/61472"}],"wp:attachment":[{"href":"https:\/\/eltrabajo.cl\/portal\/wp-json\/wp\/v2\/media?parent=61471"}],"wp:term":[{"taxonomy":"category","embeddable":true,"href":"https:\/\/eltrabajo.cl\/portal\/wp-json\/wp\/v2\/categories?post=61471"},{"taxonomy":"post_tag","embeddable":true,"href":"https:\/\/eltrabajo.cl\/portal\/wp-json\/wp\/v2\/tags?post=61471"}],"curies":[{"name":"wp","href":"https:\/\/api.w.org\/{rel}","templated":true}]}}