{"id":61474,"date":"2015-08-31T09:30:47","date_gmt":"2015-08-31T12:30:47","guid":{"rendered":"http:\/\/www.eltrabajo.cl\/portal\/?p=61474"},"modified":"2015-08-31T09:30:47","modified_gmt":"2015-08-31T12:30:47","slug":"reanudan-negociaciones-para-construir-hidroelectricas-en-putaendo","status":"publish","type":"post","link":"https:\/\/eltrabajo.cl\/portal\/reanudan-negociaciones-para-construir-hidroelectricas-en-putaendo\/","title":{"rendered":"Reanudan negociaciones para construir hidroel\u00e9ctricas en Putaendo"},"content":{"rendered":"<figure id=\"attachment_61475\" aria-describedby=\"caption-attachment-61475\" style=\"width: 300px\" class=\"wp-caption alignleft\"><a href=\"https:\/\/i0.wp.com\/www.eltrabajo.cl\/portal\/wp-content\/uploads\/2015\/08\/EMPRESA-ALEMANA-HIDROELECTRICAS.jpg\"><img data-recalc-dims=\"1\" loading=\"lazy\" decoding=\"async\" class=\"wp-image-61475 size-medium\" src=\"https:\/\/i0.wp.com\/www.eltrabajo.cl\/portal\/wp-content\/uploads\/2015\/08\/EMPRESA-ALEMANA-HIDROELECTRICAS-300x198.jpg?resize=300%2C198\" alt=\"Durante la tarde del pasado jueves, representantes de la JVRP y de la empresa GPE visitaron el Embalse Chacrillas para estudiar los alcances t\u00e9cnicos y de ingenier\u00eda de este proyecto.\" width=\"300\" height=\"198\" srcset=\"https:\/\/i0.wp.com\/eltrabajo.cl\/portal\/wp-content\/uploads\/2015\/08\/EMPRESA-ALEMANA-HIDROELECTRICAS.jpg?resize=300%2C198&amp;ssl=1 300w, https:\/\/i0.wp.com\/eltrabajo.cl\/portal\/wp-content\/uploads\/2015\/08\/EMPRESA-ALEMANA-HIDROELECTRICAS.jpg?resize=200%2C132&amp;ssl=1 200w, https:\/\/i0.wp.com\/eltrabajo.cl\/portal\/wp-content\/uploads\/2015\/08\/EMPRESA-ALEMANA-HIDROELECTRICAS.jpg?resize=227%2C150&amp;ssl=1 227w, https:\/\/i0.wp.com\/eltrabajo.cl\/portal\/wp-content\/uploads\/2015\/08\/EMPRESA-ALEMANA-HIDROELECTRICAS.jpg?resize=400%2C264&amp;ssl=1 400w, https:\/\/i0.wp.com\/eltrabajo.cl\/portal\/wp-content\/uploads\/2015\/08\/EMPRESA-ALEMANA-HIDROELECTRICAS.jpg?w=530&amp;ssl=1 530w\" sizes=\"auto, (max-width: 300px) 100vw, 300px\" \/><\/a><figcaption id=\"caption-attachment-61475\" class=\"wp-caption-text\">Durante la tarde del pasado jueves, representantes de la JVRP y de la empresa GPE visitaron el Embalse Chacrillas para estudiar los alcances t\u00e9cnicos y de ingenier\u00eda de este proyecto.<\/figcaption><\/figure>\n<p><strong>PUTAENDO<\/strong>.- La empresa alemana GPE y la Junta de Vigilancia del R\u00edo Putaendo han retomado de manera oficial las negociaciones para asociarse con la finalidad de construir dos centrales hidroel\u00e9ctricas en las inmediaciones del Embalse Chacrillas.<br \/>\nRecordemos que ya la empresa alemana hab\u00eda hecho un estudio de pre-factibilidad y hab\u00eda llegado a un acuerdo con la JVRP, sin embargo, el hecho que los derechos de agua del R\u00edo Roc\u00edn estuviesen en poder de Colb\u00fan, dej\u00f3 pr\u00e1cticamente nulo ese preacuerdo.<br \/>\nHoy, estas negociaciones se retomaron, y durante la tarde del pasado jueves, representantes de la Junta de Vigilancia del R\u00edo Putaendo y de la empresa GPE visitaron el Embalse Chacrillas para que los representantes de la empresa alemana se interiorizaran en detalle de los alcances t\u00e9cnicos y de ingenier\u00eda de esta mega obra de riego.<br \/>\nAlejandro Alvers, Ingeniero de Proyectos de la empresa alemana sostuvo que efectivamente las negociaciones se han retomado, m\u00e1s a\u00fan ahora que el tema de las acciones de agua ya est\u00e1 resuelto, indicando que esta visita tuvo por finalidad interiorizarse de los aspectos t\u00e9cnicos del embalse, porque el tema de ingenier\u00eda es muy importante para estos proyectos que vienen, donde ser\u00e1 el directorio de GPE que tomar\u00e1 la decisi\u00f3n en cuanto a construir las centrales hidroel\u00e9ctricas.<br \/>\nEl profesional afirm\u00f3 que la comunidad y los regantes pueden tener seguridad que este tipo de centrales cumplen con las m\u00e1s estrictas normas medioambientales, no contaminan, ocupan el agua y la devuelven limpia al cauce del r\u00edo, por lo que toda el agua que ingrese a las centrales ser\u00e1 devuelta \u00edntegramente para el uso del regad\u00edo, y significar\u00e1 un aporte econ\u00f3mico a los regantes de la comuna.<br \/>\nEn tanto, el Secretario de la JVRP, Hugo Silva, dijo que esta visita fue muy importante, primordialmente en el aspecto t\u00e9cnico, ya que GPE siempre ha presentado la mejor oferta que favorecer\u00e1 a todos los regantes, por lo que es el primer paso hacia varias reuniones m\u00e1s que permitir\u00e1n la futura construcci\u00f3n de una o dos centrales hidroel\u00e9ctricas.<br \/>\nSilva agreg\u00f3 que a\u00fan es prematuro determinar plazos o lugares espec\u00edficos donde podr\u00edan emplazarse las centrales hidroel\u00e9ctricas.<br \/>\n<strong>Patricio Gallardo M.<\/strong><\/p>\n","protected":false},"excerpt":{"rendered":"<p>PUTAENDO.- La empresa alemana GPE y la Junta de Vigilancia del R\u00edo Putaendo han retomado de manera oficial las negociaciones para asociarse con la finalidad de construir dos centrales hidroel\u00e9ctricas en las&#8230;<\/p>\n","protected":false},"author":482,"featured_media":61475,"comment_status":"open","ping_status":"open","sticky":false,"template":"","format":"standard","meta":{"advanced_seo_description":"","jetpack_seo_html_title":"","jetpack_seo_noindex":false,"_jetpack_memberships_contains_paid_content":false,"footnotes":""},"categories":[1],"tags":[],"class_list":["post-61474","post","type-post","status-publish","format-standard","has-post-thumbnail","hentry","category-cronica"],"jetpack_featured_media_url":"https:\/\/i0.wp.com\/eltrabajo.cl\/portal\/wp-content\/uploads\/2015\/08\/EMPRESA-ALEMANA-HIDROELECTRICAS.jpg?fit=530%2C350&ssl=1","jetpack_sharing_enabled":true,"jetpack_likes_enabled":true,"jetpack-related-posts":[],"_links":{"self":[{"href":"https:\/\/eltrabajo.cl\/portal\/wp-json\/wp\/v2\/posts\/61474","targetHints":{"allow":["GET"]}}],"collection":[{"href":"https:\/\/eltrabajo.cl\/portal\/wp-json\/wp\/v2\/posts"}],"about":[{"href":"https:\/\/eltrabajo.cl\/portal\/wp-json\/wp\/v2\/types\/post"}],"author":[{"embeddable":true,"href":"https:\/\/eltrabajo.cl\/portal\/wp-json\/wp\/v2\/users\/482"}],"replies":[{"embeddable":true,"href":"https:\/\/eltrabajo.cl\/portal\/wp-json\/wp\/v2\/comments?post=61474"}],"version-history":[{"count":0,"href":"https:\/\/eltrabajo.cl\/portal\/wp-json\/wp\/v2\/posts\/61474\/revisions"}],"wp:featuredmedia":[{"embeddable":true,"href":"https:\/\/eltrabajo.cl\/portal\/wp-json\/wp\/v2\/media\/61475"}],"wp:attachment":[{"href":"https:\/\/eltrabajo.cl\/portal\/wp-json\/wp\/v2\/media?parent=61474"}],"wp:term":[{"taxonomy":"category","embeddable":true,"href":"https:\/\/eltrabajo.cl\/portal\/wp-json\/wp\/v2\/categories?post=61474"},{"taxonomy":"post_tag","embeddable":true,"href":"https:\/\/eltrabajo.cl\/portal\/wp-json\/wp\/v2\/tags?post=61474"}],"curies":[{"name":"wp","href":"https:\/\/api.w.org\/{rel}","templated":true}]}}