{"id":61477,"date":"2015-08-31T09:31:58","date_gmt":"2015-08-31T12:31:58","guid":{"rendered":"http:\/\/www.eltrabajo.cl\/portal\/?p=61477"},"modified":"2015-08-31T09:33:06","modified_gmt":"2015-08-31T12:33:06","slug":"autoridades-inauguran-mejoramiento-de-multicancha-en-poblacion-yungay","status":"publish","type":"post","link":"https:\/\/eltrabajo.cl\/portal\/autoridades-inauguran-mejoramiento-de-multicancha-en-poblacion-yungay\/","title":{"rendered":"Autoridades inauguran mejoramiento de multicancha en poblaci\u00f3n Yungay"},"content":{"rendered":"<figure id=\"attachment_61478\" aria-describedby=\"caption-attachment-61478\" style=\"width: 300px\" class=\"wp-caption alignleft\"><a href=\"https:\/\/i0.wp.com\/www.eltrabajo.cl\/portal\/wp-content\/uploads\/2015\/08\/multicancha1.jpg\"><img data-recalc-dims=\"1\" loading=\"lazy\" decoding=\"async\" class=\"wp-image-61478 size-medium\" src=\"https:\/\/i0.wp.com\/www.eltrabajo.cl\/portal\/wp-content\/uploads\/2015\/08\/multicancha1-300x197.jpg?resize=300%2C197\" alt=\"Este fin de semana, diversas autoridades inauguraron el esperado mejoramiento de la multicancha de la poblaci\u00f3n Yungay.\" width=\"300\" height=\"197\" srcset=\"https:\/\/i0.wp.com\/eltrabajo.cl\/portal\/wp-content\/uploads\/2015\/08\/multicancha1.jpg?resize=300%2C197&amp;ssl=1 300w, https:\/\/i0.wp.com\/eltrabajo.cl\/portal\/wp-content\/uploads\/2015\/08\/multicancha1.jpg?resize=200%2C131&amp;ssl=1 200w, https:\/\/i0.wp.com\/eltrabajo.cl\/portal\/wp-content\/uploads\/2015\/08\/multicancha1.jpg?resize=228%2C150&amp;ssl=1 228w, https:\/\/i0.wp.com\/eltrabajo.cl\/portal\/wp-content\/uploads\/2015\/08\/multicancha1.jpg?resize=400%2C263&amp;ssl=1 400w, https:\/\/i0.wp.com\/eltrabajo.cl\/portal\/wp-content\/uploads\/2015\/08\/multicancha1.jpg?w=530&amp;ssl=1 530w\" sizes=\"auto, (max-width: 300px) 100vw, 300px\" \/><\/a><figcaption id=\"caption-attachment-61478\" class=\"wp-caption-text\">Este fin de semana, diversas autoridades inauguraron el esperado mejoramiento de la multicancha de la poblaci\u00f3n Yungay.<\/figcaption><\/figure>\n<p>Este s\u00e1bado el alcalde Patricio Freire junto a los vecinos, concejales y consejeros regionales inaugur\u00f3 el mejoramiento de la multicancha de la poblaci\u00f3n Yungay, un proyecto financiado por el Fondo Nacional de Inversi\u00f3n Local y que super\u00f3 los 47 millones de pesos.<br \/>\nEl proyecto era esperado por muchos a\u00f1os por los vecinos de este sector de la comuna, uno de los m\u00e1s antiguos de San Felipe, por lo que plantearon la necesidad al alcalde Patricio Freire, quien instruy\u00f3 a los equipos t\u00e9cnicos del municipio comenzar a trabajar en la iniciativa y as\u00ed presentarla a financiamiento.<br \/>\nEl proyecto consider\u00f3 el reemplazo de la multicancha de asfalto existente por equipamiento deportivo con est\u00e1ndar normativo del Instituto Nacional de Deporte, de hormig\u00f3n armado.<br \/>\nAdem\u00e1s la iniciativa contempl\u00f3 un cierre perimetral con puertas dobles y equipamiento para la pr\u00e1ctica del b\u00e1squetbol, mini f\u00fatbol y voleibol.<br \/>\nAsimismo para que los vecinos puedan utilizar estas dependencias de noche, tanto para la pr\u00e1ctica deportiva como actividades comunitarias, se instalaron luminarias de alta potencia, lo que tambi\u00e9n entrega mayor seguridad al sector.<br \/>\n\u201cEsta multicancha era un sue\u00f1o de los vecinos, su idea era recuperarla, por ello vinimos varias veces a ver el estado en que estaba y a reunirnos con los residentes de este sector. Es as\u00ed que la Secpla elabor\u00f3 un proyecto al que le buscamos el financiamiento a trav\u00e9s del Gobierno Regional y hoy es una realidad. Este es el fruto del trabajo del municipio, en conjunto con los vecinos y con los consejeros regionales y en eso estamos enfocados, en mejorar las condiciones de vida de los vecinos\u201d, dijo el alcalde Patricio Freire.<br \/>\nLa poblaci\u00f3n Yungay es uno de los sectores m\u00e1s antiguos de la comuna y sus vecinos en varias oportunidades, a trav\u00e9s de los a\u00f1os solicitaron el mejoramiento del sector, por ello se mostraron muy felices con las obras ya ejecutadas.<br \/>\n\u201cComo vecino antiguo esto tiene un significado muy grande, hay ni\u00f1os ac\u00e1 que estuvieron abandonados mucho tiempo y yo en los a\u00f1os que llevo ac\u00e1 estando a tres cuadras de la plaza, es el primer alcalde que se pasea con sus concejales sin parafernalia por las calles del barrio y estamos muy agradecidos de eso\u201d, se\u00f1al\u00f3 Jorge Concha, mientras que Cristi\u00e1n S\u00e1ez, presidente de la junta de vecinos se\u00f1al\u00f3 que \u201ces una gran satisfacci\u00f3n tener esta cancha, porque hace muchos a\u00f1os que esta cancha era para basura, porque ven\u00eda gente a dar mal uso a la cancha. Esta es una poblaci\u00f3n emblem\u00e1tica y queremos sacar varios proyectos, estamos muy motivados\u201d, sostuvo el dirigente.<br \/>\nLos concejales tambi\u00e9n destacaron las obras, se\u00f1alando el concejal Juan Manuel Millanao, que \u201cyo tengo 30 a\u00f1os en la poblaci\u00f3n y en reiteradas ocasiones a la administraci\u00f3n le pedimos que se pudiera reponer esta multicancha, esto era un verdadero potrero y nunca pudo ser reconstruida porque siempre se nos argument\u00f3 que esta cancha pertenec\u00eda a otra instituci\u00f3n y por lo tanto el municipio no pod\u00eda invertir, a Dios gracias esto ha salido y nos ha permitido, a los que tenemos ni\u00f1os que puedan utilizar esta cancha para mejorar la calidad de vida\u201d. Por su parte el concejal Dante Rodr\u00edguez se\u00f1al\u00f3 que \u201cyo creo que esto va a significar un repunte al deporte sanfelipe\u00f1o, porque siempre la poblaci\u00f3n Yungay se caracteriz\u00f3 por tener buen f\u00fatbol, fue campe\u00f3n de los barrios de Chile y esto ser\u00e1 un repunte, por eso agradezco al alcalde Patricio Freire por la gesti\u00f3n que \u00e9l hizo para tener esta buena multicancha\u201d mientras que el concejal Rodolfo Silva dijo que \u201caqu\u00ed hubo un trabajo mancomunado en que todas las instituciones funcionaron, funcion\u00f3 la junta de vecinos, el Alcalde, el municipio, el concejo, el Gobierno Regional por eso es un momento de felicidad, esto es un hecho important\u00edsimo que nos llena de alegr\u00eda\u201d.<\/p>\n","protected":false},"excerpt":{"rendered":"<p>Este s\u00e1bado el alcalde Patricio Freire junto a los vecinos, concejales y consejeros regionales inaugur\u00f3 el mejoramiento de la multicancha de la poblaci\u00f3n Yungay, un proyecto financiado por el Fondo Nacional de&#8230;<\/p>\n","protected":false},"author":482,"featured_media":61478,"comment_status":"open","ping_status":"open","sticky":false,"template":"","format":"standard","meta":{"advanced_seo_description":"","jetpack_seo_html_title":"","jetpack_seo_noindex":false,"_jetpack_memberships_contains_paid_content":false,"footnotes":""},"categories":[1],"tags":[],"class_list":["post-61477","post","type-post","status-publish","format-standard","has-post-thumbnail","hentry","category-cronica"],"jetpack_featured_media_url":"https:\/\/i0.wp.com\/eltrabajo.cl\/portal\/wp-content\/uploads\/2015\/08\/multicancha1.jpg?fit=530%2C348&ssl=1","jetpack_sharing_enabled":true,"jetpack_likes_enabled":true,"jetpack-related-posts":[],"_links":{"self":[{"href":"https:\/\/eltrabajo.cl\/portal\/wp-json\/wp\/v2\/posts\/61477","targetHints":{"allow":["GET"]}}],"collection":[{"href":"https:\/\/eltrabajo.cl\/portal\/wp-json\/wp\/v2\/posts"}],"about":[{"href":"https:\/\/eltrabajo.cl\/portal\/wp-json\/wp\/v2\/types\/post"}],"author":[{"embeddable":true,"href":"https:\/\/eltrabajo.cl\/portal\/wp-json\/wp\/v2\/users\/482"}],"replies":[{"embeddable":true,"href":"https:\/\/eltrabajo.cl\/portal\/wp-json\/wp\/v2\/comments?post=61477"}],"version-history":[{"count":0,"href":"https:\/\/eltrabajo.cl\/portal\/wp-json\/wp\/v2\/posts\/61477\/revisions"}],"wp:featuredmedia":[{"embeddable":true,"href":"https:\/\/eltrabajo.cl\/portal\/wp-json\/wp\/v2\/media\/61478"}],"wp:attachment":[{"href":"https:\/\/eltrabajo.cl\/portal\/wp-json\/wp\/v2\/media?parent=61477"}],"wp:term":[{"taxonomy":"category","embeddable":true,"href":"https:\/\/eltrabajo.cl\/portal\/wp-json\/wp\/v2\/categories?post=61477"},{"taxonomy":"post_tag","embeddable":true,"href":"https:\/\/eltrabajo.cl\/portal\/wp-json\/wp\/v2\/tags?post=61477"}],"curies":[{"name":"wp","href":"https:\/\/api.w.org\/{rel}","templated":true}]}}