{"id":61480,"date":"2015-08-31T09:35:12","date_gmt":"2015-08-31T12:35:12","guid":{"rendered":"http:\/\/www.eltrabajo.cl\/portal\/?p=61480"},"modified":"2015-08-31T09:35:12","modified_gmt":"2015-08-31T12:35:12","slug":"cursan-mas-de-30-infracciones-en-nuevo-operativo-contra-carreras-clandestinas-en-santa-maria","status":"publish","type":"post","link":"https:\/\/eltrabajo.cl\/portal\/cursan-mas-de-30-infracciones-en-nuevo-operativo-contra-carreras-clandestinas-en-santa-maria\/","title":{"rendered":"Cursan m\u00e1s de 30 infracciones en nuevo operativo contra carreras clandestinas en Santa Mar\u00eda"},"content":{"rendered":"<figure id=\"attachment_61481\" aria-describedby=\"caption-attachment-61481\" style=\"width: 300px\" class=\"wp-caption alignleft\"><a href=\"https:\/\/i0.wp.com\/www.eltrabajo.cl\/portal\/wp-content\/uploads\/2015\/08\/Carreras-clandestinas.jpg\"><img data-recalc-dims=\"1\" loading=\"lazy\" decoding=\"async\" class=\"wp-image-61481 size-medium\" src=\"https:\/\/i0.wp.com\/www.eltrabajo.cl\/portal\/wp-content\/uploads\/2015\/08\/Carreras-clandestinas-300x198.jpg?resize=300%2C198\" alt=\"Durante el fin de semana se contabiliz\u00f3 un total de 3 detenidos, 34 infracciones al tr\u00e1nsito, 2 autom\u00f3viles retirados de circulaci\u00f3n y 17 gramos de pata base incautada. (Foto referencial)\" width=\"300\" height=\"198\" srcset=\"https:\/\/i0.wp.com\/eltrabajo.cl\/portal\/wp-content\/uploads\/2015\/08\/Carreras-clandestinas.jpg?resize=300%2C198&amp;ssl=1 300w, https:\/\/i0.wp.com\/eltrabajo.cl\/portal\/wp-content\/uploads\/2015\/08\/Carreras-clandestinas.jpg?resize=200%2C132&amp;ssl=1 200w, https:\/\/i0.wp.com\/eltrabajo.cl\/portal\/wp-content\/uploads\/2015\/08\/Carreras-clandestinas.jpg?resize=228%2C150&amp;ssl=1 228w, https:\/\/i0.wp.com\/eltrabajo.cl\/portal\/wp-content\/uploads\/2015\/08\/Carreras-clandestinas.jpg?resize=400%2C263&amp;ssl=1 400w, https:\/\/i0.wp.com\/eltrabajo.cl\/portal\/wp-content\/uploads\/2015\/08\/Carreras-clandestinas.jpg?w=530&amp;ssl=1 530w\" sizes=\"auto, (max-width: 300px) 100vw, 300px\" \/><\/a><figcaption id=\"caption-attachment-61481\" class=\"wp-caption-text\">Durante el fin de semana se contabiliz\u00f3 un total de 3 detenidos, 34 infracciones al tr\u00e1nsito, 2 autom\u00f3viles retirados de circulaci\u00f3n y 17 gramos de pata base incautada. (Foto referencial)<\/figcaption><\/figure>\n<p>La noche de este viernes 28 de agosto nuevamente fue un dolor de cabeza para quienes intentan transformar las calles de la comuna de Santa Mar\u00eda, en pistas de carreras clandestinas, poniendo en riesgo la seguridad de los habitantes de la comuna.<br \/>\nTras el compromiso que realiz\u00f3 el prefecto de Carabineros Aconcagua, coronel Marcelo Dur\u00e1n, con el Consejo Comunal de Seguridad Ciudadana, los efectivos de la Segunda Comisar\u00eda acudieron masivamente a realizar una fiscalizaci\u00f3n que permiti\u00f3 nuevas detenciones y eliminar de circulaci\u00f3n veh\u00edculos ilegalmente modificados.<br \/>\nSeg\u00fan inform\u00f3 el coronel Dur\u00e1n, aqu\u00ed \u201cse ha dado cumplimiento a lo comprometido por Carabineros de Chile, con respecto a combatir con todas las facultades que permite la ley, a aquellos inescrupulosos que, para satisfacer un gusto personal, infringen la ley y act\u00faan imprudentemente exponiendo a inocentes a graves peligros\u201d.<br \/>\nAsimismo, la m\u00e1xima autoridad de la polic\u00eda uniformada en Aconcagua, record\u00f3 que \u201cjunto con Carabineros, tambi\u00e9n otros entes p\u00fablicos y autoridades forman parte de este combate, quienes tambi\u00e9n tienen importantes labores que realizar para erradicar definitivamente esta mala pr\u00e1ctica automovil\u00edstica\u201d.<br \/>\nFinalmente, el oficial entreg\u00f3 el balance de las dos rondas extraordinarias que han realizado los uniformados en Santa Mar\u00eda, contabiliz\u00e1ndose -hasta la madrugada de este s\u00e1bado 29 de agosto- un total de 3 detenidos, 34 infracciones al tr\u00e1nsito, 2 autom\u00f3viles retirados de circulaci\u00f3n y 17 gramos de pata base incautada.<\/p>\n","protected":false},"excerpt":{"rendered":"<p>La noche de este viernes 28 de agosto nuevamente fue un dolor de cabeza para quienes intentan transformar las calles de la comuna de Santa Mar\u00eda, en pistas de carreras clandestinas, poniendo&#8230;<\/p>\n","protected":false},"author":482,"featured_media":61481,"comment_status":"open","ping_status":"open","sticky":false,"template":"","format":"standard","meta":{"advanced_seo_description":"","jetpack_seo_html_title":"","jetpack_seo_noindex":false,"_jetpack_memberships_contains_paid_content":false,"footnotes":""},"categories":[21],"tags":[],"class_list":["post-61480","post","type-post","status-publish","format-standard","has-post-thumbnail","hentry","category-policial"],"jetpack_featured_media_url":"https:\/\/i0.wp.com\/eltrabajo.cl\/portal\/wp-content\/uploads\/2015\/08\/Carreras-clandestinas.jpg?fit=530%2C349&ssl=1","jetpack_sharing_enabled":true,"jetpack_likes_enabled":true,"jetpack-related-posts":[],"_links":{"self":[{"href":"https:\/\/eltrabajo.cl\/portal\/wp-json\/wp\/v2\/posts\/61480","targetHints":{"allow":["GET"]}}],"collection":[{"href":"https:\/\/eltrabajo.cl\/portal\/wp-json\/wp\/v2\/posts"}],"about":[{"href":"https:\/\/eltrabajo.cl\/portal\/wp-json\/wp\/v2\/types\/post"}],"author":[{"embeddable":true,"href":"https:\/\/eltrabajo.cl\/portal\/wp-json\/wp\/v2\/users\/482"}],"replies":[{"embeddable":true,"href":"https:\/\/eltrabajo.cl\/portal\/wp-json\/wp\/v2\/comments?post=61480"}],"version-history":[{"count":0,"href":"https:\/\/eltrabajo.cl\/portal\/wp-json\/wp\/v2\/posts\/61480\/revisions"}],"wp:featuredmedia":[{"embeddable":true,"href":"https:\/\/eltrabajo.cl\/portal\/wp-json\/wp\/v2\/media\/61481"}],"wp:attachment":[{"href":"https:\/\/eltrabajo.cl\/portal\/wp-json\/wp\/v2\/media?parent=61480"}],"wp:term":[{"taxonomy":"category","embeddable":true,"href":"https:\/\/eltrabajo.cl\/portal\/wp-json\/wp\/v2\/categories?post=61480"},{"taxonomy":"post_tag","embeddable":true,"href":"https:\/\/eltrabajo.cl\/portal\/wp-json\/wp\/v2\/tags?post=61480"}],"curies":[{"name":"wp","href":"https:\/\/api.w.org\/{rel}","templated":true}]}}