{"id":61483,"date":"2015-08-31T09:36:24","date_gmt":"2015-08-31T12:36:24","guid":{"rendered":"http:\/\/www.eltrabajo.cl\/portal\/?p=61483"},"modified":"2015-08-31T09:36:24","modified_gmt":"2015-08-31T12:36:24","slug":"se-presenta-big-band-de-la-upla-en-terraza-de-la-plaza-de-armas","status":"publish","type":"post","link":"https:\/\/eltrabajo.cl\/portal\/se-presenta-big-band-de-la-upla-en-terraza-de-la-plaza-de-armas\/","title":{"rendered":"Se presenta Big Band de la Upla en terraza de la Plaza de Armas"},"content":{"rendered":"<figure id=\"attachment_61484\" aria-describedby=\"caption-attachment-61484\" style=\"width: 300px\" class=\"wp-caption alignleft\"><a href=\"https:\/\/i0.wp.com\/www.eltrabajo.cl\/portal\/wp-content\/uploads\/2015\/08\/big-band-upla-plaza-san-felipe.jpg\"><img data-recalc-dims=\"1\" loading=\"lazy\" decoding=\"async\" class=\"wp-image-61484 size-medium\" src=\"https:\/\/i0.wp.com\/www.eltrabajo.cl\/portal\/wp-content\/uploads\/2015\/08\/big-band-upla-plaza-san-felipe-300x198.jpg?resize=300%2C198\" alt=\"El viernes 29 de agosto de 2014, la Big Band de la Universidad de Playa Ancha se presentaba en la reinauguraci\u00f3n de la terraza de la Plaza de Armas. Este viernes volvi\u00f3 a estar en  en conmemoraci\u00f3n del primer a\u00f1o de recuperaci\u00f3n de dicho espacio.\" width=\"300\" height=\"198\" srcset=\"https:\/\/i0.wp.com\/eltrabajo.cl\/portal\/wp-content\/uploads\/2015\/08\/big-band-upla-plaza-san-felipe.jpg?resize=300%2C198&amp;ssl=1 300w, https:\/\/i0.wp.com\/eltrabajo.cl\/portal\/wp-content\/uploads\/2015\/08\/big-band-upla-plaza-san-felipe.jpg?resize=200%2C132&amp;ssl=1 200w, https:\/\/i0.wp.com\/eltrabajo.cl\/portal\/wp-content\/uploads\/2015\/08\/big-band-upla-plaza-san-felipe.jpg?resize=228%2C150&amp;ssl=1 228w, https:\/\/i0.wp.com\/eltrabajo.cl\/portal\/wp-content\/uploads\/2015\/08\/big-band-upla-plaza-san-felipe.jpg?resize=400%2C263&amp;ssl=1 400w, https:\/\/i0.wp.com\/eltrabajo.cl\/portal\/wp-content\/uploads\/2015\/08\/big-band-upla-plaza-san-felipe.jpg?w=530&amp;ssl=1 530w\" sizes=\"auto, (max-width: 300px) 100vw, 300px\" \/><\/a><figcaption id=\"caption-attachment-61484\" class=\"wp-caption-text\">El viernes 29 de agosto de 2014, la Big Band de la Universidad de Playa Ancha se presentaba en la reinauguraci\u00f3n de la terraza de la Plaza de Armas. Este viernes volvi\u00f3 a estar en<br \/> en conmemoraci\u00f3n del primer a\u00f1o de recuperaci\u00f3n de dicho espacio.<\/figcaption><\/figure>\n<p>Con la presentaci\u00f3n de la Big Band de la Universidad de Playa Ancha, el municipio de San Felipe celebr\u00f3 el viernes reci\u00e9n pasado el primer a\u00f1o de la recuperaci\u00f3n de la terraza de la plaza de armas.<br \/>\nCon una impecable presentaci\u00f3n la agrupaci\u00f3n hizo un recorrido por los principales \u00e9xitos musicales de todos los tiempos, ante un numeroso p\u00fablico que lleg\u00f3 hasta la terraza y que interactu\u00f3 con los artistas durante toda su presentaci\u00f3n.<br \/>\n\u201cSiempre nos han tratado muy bien ac\u00e1, el p\u00fablico es muy cari\u00f1oso, es la tercera vez que venimos y felices de volver siempre. Si este es un espacio que se recuper\u00f3 y estuvo perdido por mucho tiempo nosotros felices de venir a celebrar con ustedes\u201d, se\u00f1al\u00f3 Jos\u00e9 Godoy, director de la Big Band.<br \/>\nLa recuperaci\u00f3n de este tradicional lugar de la comuna de San Felipe fue un compromiso adquirido por el alcalde Patricio Freire con los vecinos y lo hizo realidad en el mes de agosto del a\u00f1o pasado, luego de un trabajo que los equipos t\u00e9cnicos del municipio realizaron con los comerciantes que por a\u00f1os ocuparon la terraza, generando un proyecto de pueblito artesanal, que fue una realidad el a\u00f1o pasado y donde finalmente se trasladaron para seguir comercializando sus productos.<br \/>\n\u201cEn esta plaza hay muchos recuerdos, especialmente en la terraza, por ello los sanfelipe\u00f1os quer\u00edan recuperar este espacio, para la cultura, para el arte, para la m\u00fasica como hoy que tenemos a esta importante agrupaci\u00f3n. Hoy estamos felices porque recuperamos un espacio que es de todos los sanfelipe\u00f1os y por eso lo estamos celebrando\u201d, se\u00f1al\u00f3 el alcalde Patricio Freire.<br \/>\nLos vecinos se mostraron muy felices de celebrar la recuperaci\u00f3n de la terraza para todos los sanfelipe\u00f1os y as\u00ed lo se\u00f1al\u00f3 Mar\u00eda Ang\u00e9lica G\u00e1lvez, \u201cesto es espectacular, es hermosa la gesti\u00f3n que hizo el Alcalde, sacar lo que hab\u00eda en la plaza para dar este tipo de espect\u00e1culos\u201d.<br \/>\nUna opini\u00f3n similar manifest\u00f3 Francisco Valenzuela, presidente de la Uni\u00f3n Comunal de Juntas de Vecinos, quien se\u00f1al\u00f3 que \u201cfue una gran presentaci\u00f3n, es una orquesta fuera de serie y es lo que la ciudad se merece, se recuper\u00f3 un espacio que es de todos los sanfelipe\u00f1os y feliz que se ocupe con cultura\u201d.<\/p>\n","protected":false},"excerpt":{"rendered":"<p>Con la presentaci\u00f3n de la Big Band de la Universidad de Playa Ancha, el municipio de San Felipe celebr\u00f3 el viernes reci\u00e9n pasado el primer a\u00f1o de la recuperaci\u00f3n de la terraza&#8230;<\/p>\n","protected":false},"author":482,"featured_media":61484,"comment_status":"open","ping_status":"open","sticky":false,"template":"","format":"standard","meta":{"advanced_seo_description":"","jetpack_seo_html_title":"","jetpack_seo_noindex":false,"_jetpack_memberships_contains_paid_content":false,"footnotes":""},"categories":[1],"tags":[],"class_list":["post-61483","post","type-post","status-publish","format-standard","has-post-thumbnail","hentry","category-cronica"],"jetpack_featured_media_url":"https:\/\/i0.wp.com\/eltrabajo.cl\/portal\/wp-content\/uploads\/2015\/08\/big-band-upla-plaza-san-felipe.jpg?fit=530%2C349&ssl=1","jetpack_sharing_enabled":true,"jetpack_likes_enabled":true,"jetpack-related-posts":[],"_links":{"self":[{"href":"https:\/\/eltrabajo.cl\/portal\/wp-json\/wp\/v2\/posts\/61483","targetHints":{"allow":["GET"]}}],"collection":[{"href":"https:\/\/eltrabajo.cl\/portal\/wp-json\/wp\/v2\/posts"}],"about":[{"href":"https:\/\/eltrabajo.cl\/portal\/wp-json\/wp\/v2\/types\/post"}],"author":[{"embeddable":true,"href":"https:\/\/eltrabajo.cl\/portal\/wp-json\/wp\/v2\/users\/482"}],"replies":[{"embeddable":true,"href":"https:\/\/eltrabajo.cl\/portal\/wp-json\/wp\/v2\/comments?post=61483"}],"version-history":[{"count":0,"href":"https:\/\/eltrabajo.cl\/portal\/wp-json\/wp\/v2\/posts\/61483\/revisions"}],"wp:featuredmedia":[{"embeddable":true,"href":"https:\/\/eltrabajo.cl\/portal\/wp-json\/wp\/v2\/media\/61484"}],"wp:attachment":[{"href":"https:\/\/eltrabajo.cl\/portal\/wp-json\/wp\/v2\/media?parent=61483"}],"wp:term":[{"taxonomy":"category","embeddable":true,"href":"https:\/\/eltrabajo.cl\/portal\/wp-json\/wp\/v2\/categories?post=61483"},{"taxonomy":"post_tag","embeddable":true,"href":"https:\/\/eltrabajo.cl\/portal\/wp-json\/wp\/v2\/tags?post=61483"}],"curies":[{"name":"wp","href":"https:\/\/api.w.org\/{rel}","templated":true}]}}