{"id":61497,"date":"2015-08-31T09:50:46","date_gmt":"2015-08-31T12:50:46","guid":{"rendered":"http:\/\/www.eltrabajo.cl\/portal\/?p=61497"},"modified":"2015-08-31T09:50:46","modified_gmt":"2015-08-31T12:50:46","slug":"san-felipe-llora-partida-de-hijo-ilustre-y-destacado-relator-javier-munoz","status":"publish","type":"post","link":"https:\/\/eltrabajo.cl\/portal\/san-felipe-llora-partida-de-hijo-ilustre-y-destacado-relator-javier-munoz\/","title":{"rendered":"San Felipe llora partida de Hijo Ilustre y destacado relator Javier Mu\u00f1oz"},"content":{"rendered":"<figure id=\"attachment_61498\" aria-describedby=\"caption-attachment-61498\" style=\"width: 300px\" class=\"wp-caption alignleft\"><a href=\"https:\/\/i0.wp.com\/www.eltrabajo.cl\/portal\/wp-content\/uploads\/2015\/08\/JAVIER-MUNOZ.jpg\"><img data-recalc-dims=\"1\" loading=\"lazy\" decoding=\"async\" class=\"wp-image-61498 size-medium\" src=\"https:\/\/i0.wp.com\/www.eltrabajo.cl\/portal\/wp-content\/uploads\/2015\/08\/JAVIER-MUNOZ-300x198.jpg?resize=300%2C198\" alt=\"Javier Mu\u00f1oz Delgado dej\u00f3 un gran legado dentro de las comunicaciones a nivel provincial, nacional e internacional. En el a\u00f1o 2012 el Municipio lo distingui\u00f3 como Hijo Ilustre de San Felipe.\" width=\"300\" height=\"198\" srcset=\"https:\/\/i0.wp.com\/eltrabajo.cl\/portal\/wp-content\/uploads\/2015\/08\/JAVIER-MUNOZ.jpg?resize=300%2C198&amp;ssl=1 300w, https:\/\/i0.wp.com\/eltrabajo.cl\/portal\/wp-content\/uploads\/2015\/08\/JAVIER-MUNOZ.jpg?resize=200%2C132&amp;ssl=1 200w, https:\/\/i0.wp.com\/eltrabajo.cl\/portal\/wp-content\/uploads\/2015\/08\/JAVIER-MUNOZ.jpg?resize=228%2C150&amp;ssl=1 228w, https:\/\/i0.wp.com\/eltrabajo.cl\/portal\/wp-content\/uploads\/2015\/08\/JAVIER-MUNOZ.jpg?resize=400%2C263&amp;ssl=1 400w, https:\/\/i0.wp.com\/eltrabajo.cl\/portal\/wp-content\/uploads\/2015\/08\/JAVIER-MUNOZ.jpg?w=530&amp;ssl=1 530w\" sizes=\"auto, (max-width: 300px) 100vw, 300px\" \/><\/a><figcaption id=\"caption-attachment-61498\" class=\"wp-caption-text\">Javier Mu\u00f1oz Delgado dej\u00f3 un gran legado dentro de las comunicaciones a nivel provincial, nacional e internacional. En el a\u00f1o 2012 el Municipio lo distingui\u00f3 como Hijo Ilustre de San Felipe.<\/figcaption><\/figure>\n<ul>\n<li><strong>Una multitudinaria despedida recibi\u00f3 el connotado comunicador de 43 a\u00f1os de edad, Javier Mu\u00f1oz Delgado, cuya muerte en un tr\u00e1gico accidente automovil\u00edstico la madrugada del s\u00e1bado en la ruta 60 CH, ha convulsionado al Valle de Aconcagua.<\/strong><\/li>\n<\/ul>\n<p>Sin duda el legado de Javier Mu\u00f1oz Delgado, connotado hombre de las comunicaciones y reconocido relator deportivo que se convirti\u00f3 en un pilar fundamental como rostro del Canal del F\u00fatbol y Directv Sports, adem\u00e1s de ser declarado Hijo Ilustre de San Felipe, ser\u00e1 recordado en todos los corazones de los aconcag\u00fcinos, familiares y el mundo deportivo, quienes de una u otra forma compartieron penas y alegr\u00edas que ser\u00e1n orgullosamente recordadas en el tiempo.<br \/>\nPara quienes estamos inmersos en las comunicaciones, es dif\u00edcil escribir una nota period\u00edstica de una tragedia, cuando el protagonista es un amigo, compa\u00f1ero de labores, padre de tres hijos y esposo de una gran mujer como lo es Anita.<br \/>\nDurante este penoso fin de semana, multitudinarias muestras de afecto y apoyo, l\u00e1grimas de tristeza y gran conmoci\u00f3n inundaron los corazones de miles de personas que tuvieron la suerte de poder conocer a esta persona de gran carisma y profesionalismo, siempre coincidiendo en un denominador com\u00fan: Su humildad, un atributo que sin duda le fue abriendo puertas en las comunicaciones. Cuando su perseverancia lo llev\u00f3 a golpear muchas puertas para convertirse en un tremendo profesional deportivo, reconocido a nivel local, nacional e internacional.<br \/>\nEn su cuenta de twitter, Javier alcanz\u00f3 a promocionar la trasmisi\u00f3n en vivo que relatar\u00eda desde Valpara\u00edso entre Santiago Wanderers y Huachipato para el Canal del F\u00fatbol, m\u00e1s conocido como CDF, junto a su compa\u00f1ero de labores, el ex futbolista Patricio Y\u00e1\u00f1ez el pasado viernes 28.<br \/>\nSu inconfundible forma de relatar con la pasi\u00f3n que siempre demostr\u00f3 por el deporte, lo fueron consagrando por muchos a\u00f1os, llegando a ser rostro de la estaci\u00f3n que enorgulleci\u00f3 a San Felipe; era un humilde provinciano que logr\u00f3 abrirse paso en las grandes ligas como comentarista deportivo.<br \/>\nSin embargo, en pantalla se despidi\u00f3 de su colega Patricio Y\u00e1\u00f1ez dejando la invitaci\u00f3n a todos los telespectadores a un pr\u00f3ximo encuentro futbol\u00edstico que relatar\u00edan juntos desde la ciudad de Antofagasta ayer domingo. No obstante, el destino era otro totalmente distinto, tendr\u00eda un lamentable y horroroso accidente automovil\u00edstico que le costar\u00eda la vida.<\/p>\n<p><strong>LAMENTABLE TRAGEDIA<\/strong><br \/>\nJavier Mu\u00f1oz conduc\u00eda su veh\u00edculo marca JAC placa patente GK TG 93 de color gris desde la ciudad porte\u00f1a, para regresar a su morada en la villa LA Escuadra de San Felipe, donde los esperaban su esposa y sus tres hijos. Alrededor de las 03:00 de la madrugada, en la ruta 60 CH a escasos metros de la Municipalidad de Panquehue, el comunicador fue impactado por el conductor de un veh\u00edculo Hyundai Accent placa patente GH KG 66, identificado como Diego Esteban Vera Pizarro, de 24 a\u00f1os de edad domiciliado en el sector El Array\u00e1n de Catemu, quien con 1.3 gramos de alcohol en su sangre y producto de conducir a m\u00e1s de 180 kil\u00f3metros por hora, habr\u00eda impactado de frente el veh\u00edculo donde viajaba Javier, quedando ambos m\u00f3viles pr\u00e1cticamente desintegrados producto del violento choque.<br \/>\nAnte la emergencia, concurri\u00f3 personal de Bomberos para extraer de los retorcidos fierros a los protagonistas de este lamentable accidente. En el caso de Javier Mu\u00f1oz Delgado totalmente herido y con serio riesgo vital fue reanimado por los param\u00e9dicos del Samu quienes lo trasladaron de urgencia al Hospital San Camilo de San Felipe. Al mismo tiempo Diego Vera Pizarro, quien result\u00f3 con algunas lesiones de consideraci\u00f3n, fue derivado de igual forma hasta el mismo centro asistencial.<br \/>\nSin embargo, cerca de las 07:00 de la ma\u00f1ana del s\u00e1bado, Javier Mu\u00f1oz Delgado de 43 a\u00f1os de edad no logr\u00f3 sobrevivir al fatal accidente vehicular. Su voz se apag\u00f3 dejando una familia, amigos, miles de sanfelipe\u00f1os y todo el deporte nacional en el m\u00e1s completo luto.<\/p>\n<p><strong>LEY EMILIA<\/strong><br \/>\nAunque las causas basales del tr\u00e1gico accidente ser\u00e1n materia de investigaci\u00f3n por parte de la Siat de Carabineros, Diego Vera Pizarro fue formalizado en el mismo hospital por el delito de conducci\u00f3n en estado de ebriedad con resultado de muerte, por el Fiscal Eduardo Fajardo, quien confirm\u00f3 que la ingesta de alcohol y el exceso de velocidad son factores que causaron que el conductor perdiera el control.<br \/>\nEl persecutor puntualiz\u00f3 que de acuerdo al intoxilyzer aplicado al chofer, \u00e9ste manejaba con 1,09 gramos de alcohol por mil en la sangre, lo que es tipificado como estado de ebriedad por la normativa legal.<br \/>\n\u201cEl conductor circulaba a cerca de 180 kil\u00f3metros por hora y junto a su estado de ebriedad pierde el control del veh\u00edculo, traspasa el eje central al enfrentar una curva e impacta de lleno y frontalmente al veh\u00edculo de la v\u00edctima\u201d, precis\u00f3 el fiscal.<br \/>\nEn virtud del aumento de las penas para este delito contempladas en la ley Emilia, el joven qued\u00f3 en prisi\u00f3n preventiva por los setenta d\u00edas que el tribunal fij\u00f3 de plazo para la investigaci\u00f3n.<br \/>\nUna vez que el conductor sea dado de alta ingresara a cumplir con esta medida, probablemente en la c\u00e1rcel de San Felipe.<\/p>\n<p><strong>A MEDIA ASTA<\/strong><br \/>\nLa ciudadan\u00eda no lograba dimensionar el accidente. La conmoci\u00f3n se apoder\u00f3 de los corazones de la gente cuando las redes sociales y los medios de comunicaci\u00f3n anunciaban la tr\u00e1gica muerte del destacado comunicador deportivo, Javier Mu\u00f1oz.<br \/>\nBanderas a media asta tras decretarse tres d\u00edas de duelo, globos blancos, autos pintados con el nombre de Javier y una triste comunidad lo recibi\u00f3 en su querida Villa La Escuadra de San Felipe, lugar donde vivi\u00f3 por muchos a\u00f1os junto a su esposa y sus tres hijos en la vivienda signada con el n\u00famero 1191 de la Calle 1. Entre aplausos y l\u00e1grimas derramadas por los vecinos y amigos, sus colegas de prensa lo recibieron para brindarle el \u00faltimo adi\u00f3s en la que fue su morada.<br \/>\nCentenares de personas se agolparon en la entrada de la peque\u00f1a vivienda para despedirse de Javier, tras un enorme cortejo que se desplaz\u00f3 desde el Servicio M\u00e9dico Legal en direcci\u00f3n a avenida Yungay hasta posarse en su vivienda en La Escuadra.<br \/>\nEn medio de la multitud de quienes conocieron y compartieron gratificantes experiencias junto a Javier Mu\u00f1oz, su compa\u00f1ero de labores del CDF, Patricio Y\u00e1\u00f1ez, quien tras entregar las condolencias a la familia del colega, destac\u00f3 al relator como \u201cUn profesional \u00edntegro, una persona que nos levantaba el \u00e1nimo, estas son cosas que uno no comprende en la vida, pero que lamentablemente suceden. Con el hermoso recuerdo de su alegr\u00eda y ser positivo permanentemente me voy a quedar, independientemente de su capacidad que lo hac\u00eda fant\u00e1stico me voy a quedar por su amor y cari\u00f1o, algo que siempre lo estaba manifestando, algo inexplicable\u201d, replic\u00f3 el ex futbolista a Diario El Trabajo.<br \/>\nCerca de las 20:00 horas el cuerpo de Javier Mu\u00f1oz Delgado fue trasladado la Catedral de San Felipe para ser velado en medio de una miles de asistentes entre familiares, amigos, autoridades locales y nacionales adem\u00e1s de quienes pertenecen al mundo deportivo.<br \/>\nA las 16:30 horas de ayer domingo, tras una emotiva misa en su memoria, el cortejo f\u00fanebre se desplaz\u00f3 por distintas arterias de la comuna de San Felipe para dirigirse hasta su tierra natal en el sector de El Tambo. Ante miles de sanfelipe\u00f1os Javier fue despedido en el Cementerio Municipal, lugar donde descansar\u00e1 en paz.<br \/>\n<strong>Pablo Salinas Sald\u00edas<\/strong><\/p>\n<div class=\"tiled-gallery type-rectangular tiled-gallery-unresized\" data-original-width=\"640\" data-carousel-extra='null' itemscope itemtype=\"http:\/\/schema.org\/ImageGallery\" > <div class=\"gallery-row\" style=\"width: 640px; height: 283px;\" data-original-width=\"640\" data-original-height=\"283\" > <div class=\"gallery-group images-1\" style=\"width: 428px; height: 283px;\" data-original-width=\"428\" data-original-height=\"283\" > <div class=\"tiled-gallery-item tiled-gallery-item-large\" itemprop=\"associatedMedia\" itemscope itemtype=\"http:\/\/schema.org\/ImageObject\"> <a href=\"https:\/\/eltrabajo.cl\/portal\/san-felipe-llora-partida-de-hijo-ilustre-y-destacado-relator-javier-munoz\/accidente-2-5\/\" border=\"0\" itemprop=\"url\"> <meta itemprop=\"width\" content=\"424\"> <meta itemprop=\"height\" content=\"279\"> <img decoding=\"async\" class=\"\" data-attachment-id=\"61499\" data-orig-file=\"https:\/\/eltrabajo.cl\/portal\/wp-content\/uploads\/2015\/08\/Accidente-21.jpg\" data-orig-size=\"530,349\" data-comments-opened=\"1\" data-image-meta=\"{&quot;aperture&quot;:&quot;0&quot;,&quot;credit&quot;:&quot;&quot;,&quot;camera&quot;:&quot;&quot;,&quot;caption&quot;:&quot;&quot;,&quot;created_timestamp&quot;:&quot;0&quot;,&quot;copyright&quot;:&quot;&quot;,&quot;focal_length&quot;:&quot;0&quot;,&quot;iso&quot;:&quot;0&quot;,&quot;shutter_speed&quot;:&quot;0&quot;,&quot;title&quot;:&quot;&quot;,&quot;orientation&quot;:&quot;0&quot;}\" data-image-title=\"Accidente 2\" data-image-description=\"&lt;p&gt;El conductor ebrio de este autom\u00f3vil qued\u00f3 con lesiones menores, siendo formalizado por este delito con resultado de muerte en la ruta 60 CH en Panquehue.&lt;\/p&gt; \" data-medium-file=\"https:\/\/i0.wp.com\/eltrabajo.cl\/portal\/wp-content\/uploads\/2015\/08\/Accidente-21.jpg?fit=300%2C198&#038;ssl=1\" data-large-file=\"https:\/\/i0.wp.com\/eltrabajo.cl\/portal\/wp-content\/uploads\/2015\/08\/Accidente-21.jpg?fit=530%2C349&#038;ssl=1\" src=\"https:\/\/i0.wp.com\/eltrabajo.cl\/portal\/wp-content\/uploads\/2015\/08\/Accidente-21.jpg?w=424&#038;h=279&#038;ssl=1\" srcset=\"https:\/\/i0.wp.com\/eltrabajo.cl\/portal\/wp-content\/uploads\/2015\/08\/Accidente-21.jpg?w=530&amp;ssl=1 530w, https:\/\/i0.wp.com\/eltrabajo.cl\/portal\/wp-content\/uploads\/2015\/08\/Accidente-21.jpg?resize=200%2C132&amp;ssl=1 200w, https:\/\/i0.wp.com\/eltrabajo.cl\/portal\/wp-content\/uploads\/2015\/08\/Accidente-21.jpg?resize=300%2C198&amp;ssl=1 300w, https:\/\/i0.wp.com\/eltrabajo.cl\/portal\/wp-content\/uploads\/2015\/08\/Accidente-21.jpg?resize=228%2C150&amp;ssl=1 228w, https:\/\/i0.wp.com\/eltrabajo.cl\/portal\/wp-content\/uploads\/2015\/08\/Accidente-21.jpg?resize=400%2C263&amp;ssl=1 400w\" width=\"424\" height=\"279\" loading=\"lazy\" data-original-width=\"424\" data-original-height=\"279\" itemprop=\"http:\/\/schema.org\/image\" title=\"Accidente 2\" alt=\"El conductor ebrio de este autom\u00f3vil qued\u00f3 con lesiones menores, siendo formalizado por este delito con resultado de muerte en la ruta 60 CH en Panquehue.\" style=\"width: 424px; height: 279px;\" \/> <\/a> <div class=\"tiled-gallery-caption\" itemprop=\"caption description\"> El conductor ebrio de este autom\u00f3vil qued\u00f3 con lesiones menores, siendo formalizado por este delito con resultado de muerte en la ruta 60 CH en Panquehue. <\/div> <\/div> <\/div> <!-- close group --> <div class=\"gallery-group images-2\" style=\"width: 212px; height: 283px;\" data-original-width=\"212\" data-original-height=\"283\" > <div class=\"tiled-gallery-item tiled-gallery-item-small\" itemprop=\"associatedMedia\" itemscope itemtype=\"http:\/\/schema.org\/ImageObject\"> <a href=\"https:\/\/eltrabajo.cl\/portal\/san-felipe-llora-partida-de-hijo-ilustre-y-destacado-relator-javier-munoz\/auto-javier-volcado\/\" border=\"0\" itemprop=\"url\"> <meta itemprop=\"width\" content=\"208\"> <meta itemprop=\"height\" content=\"137\"> <img decoding=\"async\" class=\"\" data-attachment-id=\"61500\" data-orig-file=\"https:\/\/eltrabajo.cl\/portal\/wp-content\/uploads\/2015\/08\/auto-javier-volcado.jpg\" data-orig-size=\"530,349\" data-comments-opened=\"1\" data-image-meta=\"{&quot;aperture&quot;:&quot;0&quot;,&quot;credit&quot;:&quot;&quot;,&quot;camera&quot;:&quot;&quot;,&quot;caption&quot;:&quot;&quot;,&quot;created_timestamp&quot;:&quot;0&quot;,&quot;copyright&quot;:&quot;&quot;,&quot;focal_length&quot;:&quot;0&quot;,&quot;iso&quot;:&quot;0&quot;,&quot;shutter_speed&quot;:&quot;0&quot;,&quot;title&quot;:&quot;&quot;,&quot;orientation&quot;:&quot;0&quot;}\" data-image-title=\"auto javier volcado\" data-image-description=\"&lt;p&gt;Tras sufrir el violento impacto, el autom\u00f3vil de Javier Mu\u00f1oz termin\u00f3 volcado de costado.&lt;\/p&gt; \" data-medium-file=\"https:\/\/i0.wp.com\/eltrabajo.cl\/portal\/wp-content\/uploads\/2015\/08\/auto-javier-volcado.jpg?fit=300%2C198&#038;ssl=1\" data-large-file=\"https:\/\/i0.wp.com\/eltrabajo.cl\/portal\/wp-content\/uploads\/2015\/08\/auto-javier-volcado.jpg?fit=530%2C349&#038;ssl=1\" src=\"https:\/\/i0.wp.com\/eltrabajo.cl\/portal\/wp-content\/uploads\/2015\/08\/auto-javier-volcado.jpg?w=208&#038;h=137&#038;ssl=1\" srcset=\"https:\/\/i0.wp.com\/eltrabajo.cl\/portal\/wp-content\/uploads\/2015\/08\/auto-javier-volcado.jpg?w=530&amp;ssl=1 530w, https:\/\/i0.wp.com\/eltrabajo.cl\/portal\/wp-content\/uploads\/2015\/08\/auto-javier-volcado.jpg?resize=200%2C132&amp;ssl=1 200w, https:\/\/i0.wp.com\/eltrabajo.cl\/portal\/wp-content\/uploads\/2015\/08\/auto-javier-volcado.jpg?resize=300%2C198&amp;ssl=1 300w, https:\/\/i0.wp.com\/eltrabajo.cl\/portal\/wp-content\/uploads\/2015\/08\/auto-javier-volcado.jpg?resize=228%2C150&amp;ssl=1 228w, https:\/\/i0.wp.com\/eltrabajo.cl\/portal\/wp-content\/uploads\/2015\/08\/auto-javier-volcado.jpg?resize=400%2C263&amp;ssl=1 400w\" width=\"208\" height=\"137\" loading=\"lazy\" data-original-width=\"208\" data-original-height=\"137\" itemprop=\"http:\/\/schema.org\/image\" title=\"auto javier volcado\" alt=\"Tras sufrir el violento impacto, el autom\u00f3vil de Javier Mu\u00f1oz termin\u00f3 volcado de costado.\" style=\"width: 208px; height: 137px;\" \/> <\/a> <div class=\"tiled-gallery-caption\" itemprop=\"caption description\"> Tras sufrir el violento impacto, el autom\u00f3vil de Javier Mu\u00f1oz termin\u00f3 volcado de costado. <\/div> <\/div> <div class=\"tiled-gallery-item tiled-gallery-item-small\" itemprop=\"associatedMedia\" itemscope itemtype=\"http:\/\/schema.org\/ImageObject\"> <a href=\"https:\/\/eltrabajo.cl\/portal\/san-felipe-llora-partida-de-hijo-ilustre-y-destacado-relator-javier-munoz\/auto-javier-volcado1\/\" border=\"0\" itemprop=\"url\"> <meta itemprop=\"width\" content=\"208\"> <meta itemprop=\"height\" content=\"138\"> <img decoding=\"async\" class=\"\" data-attachment-id=\"61501\" data-orig-file=\"https:\/\/eltrabajo.cl\/portal\/wp-content\/uploads\/2015\/08\/auto-javier-volcado1.jpg\" data-orig-size=\"530,350\" data-comments-opened=\"1\" data-image-meta=\"{&quot;aperture&quot;:&quot;0&quot;,&quot;credit&quot;:&quot;&quot;,&quot;camera&quot;:&quot;&quot;,&quot;caption&quot;:&quot;&quot;,&quot;created_timestamp&quot;:&quot;0&quot;,&quot;copyright&quot;:&quot;&quot;,&quot;focal_length&quot;:&quot;0&quot;,&quot;iso&quot;:&quot;0&quot;,&quot;shutter_speed&quot;:&quot;0&quot;,&quot;title&quot;:&quot;&quot;,&quot;orientation&quot;:&quot;0&quot;}\" data-image-title=\"auto javier volcado1\" data-image-description=\"&lt;p&gt;El autom\u00f3vil en que se desplazaba Javier Mu\u00f1oz qued\u00f3 en estas condiciones tras el impacto con otro m\u00f3vil conducido por un joven de 24 a\u00f1os en estado de ebriedad aparentemente.&lt;\/p&gt; \" data-medium-file=\"https:\/\/i0.wp.com\/eltrabajo.cl\/portal\/wp-content\/uploads\/2015\/08\/auto-javier-volcado1.jpg?fit=300%2C198&#038;ssl=1\" data-large-file=\"https:\/\/i0.wp.com\/eltrabajo.cl\/portal\/wp-content\/uploads\/2015\/08\/auto-javier-volcado1.jpg?fit=530%2C350&#038;ssl=1\" src=\"https:\/\/i0.wp.com\/eltrabajo.cl\/portal\/wp-content\/uploads\/2015\/08\/auto-javier-volcado1.jpg?w=208&#038;h=138&#038;ssl=1\" srcset=\"https:\/\/i0.wp.com\/eltrabajo.cl\/portal\/wp-content\/uploads\/2015\/08\/auto-javier-volcado1.jpg?w=530&amp;ssl=1 530w, https:\/\/i0.wp.com\/eltrabajo.cl\/portal\/wp-content\/uploads\/2015\/08\/auto-javier-volcado1.jpg?resize=200%2C132&amp;ssl=1 200w, https:\/\/i0.wp.com\/eltrabajo.cl\/portal\/wp-content\/uploads\/2015\/08\/auto-javier-volcado1.jpg?resize=300%2C198&amp;ssl=1 300w, https:\/\/i0.wp.com\/eltrabajo.cl\/portal\/wp-content\/uploads\/2015\/08\/auto-javier-volcado1.jpg?resize=227%2C150&amp;ssl=1 227w, https:\/\/i0.wp.com\/eltrabajo.cl\/portal\/wp-content\/uploads\/2015\/08\/auto-javier-volcado1.jpg?resize=400%2C264&amp;ssl=1 400w\" width=\"208\" height=\"138\" loading=\"lazy\" data-original-width=\"208\" data-original-height=\"138\" itemprop=\"http:\/\/schema.org\/image\" title=\"auto javier volcado1\" alt=\"El autom\u00f3vil en que se desplazaba Javier Mu\u00f1oz qued\u00f3 en estas condiciones tras el impacto con otro m\u00f3vil conducido por un joven de 24 a\u00f1os en estado de ebriedad aparentemente.\" style=\"width: 208px; height: 138px;\" \/> <\/a> <div class=\"tiled-gallery-caption\" itemprop=\"caption description\"> El autom\u00f3vil en que se desplazaba Javier Mu\u00f1oz qued\u00f3 en estas condiciones tras el impacto con otro m\u00f3vil conducido por un joven de 24 a\u00f1os en estado de ebriedad aparentemente. <\/div> <\/div> <\/div> <!-- close group --> <\/div> <!-- close row --> <div class=\"gallery-row\" style=\"width: 640px; height: 212px;\" data-original-width=\"640\" data-original-height=\"212\" > <div class=\"gallery-group images-1\" style=\"width: 320px; height: 212px;\" data-original-width=\"320\" data-original-height=\"212\" > <div class=\"tiled-gallery-item tiled-gallery-item-large\" itemprop=\"associatedMedia\" itemscope itemtype=\"http:\/\/schema.org\/ImageObject\"> <a href=\"https:\/\/eltrabajo.cl\/portal\/san-felipe-llora-partida-de-hijo-ilustre-y-destacado-relator-javier-munoz\/velocimetro\/\" border=\"0\" itemprop=\"url\"> <meta itemprop=\"width\" content=\"316\"> <meta itemprop=\"height\" content=\"208\"> <img decoding=\"async\" class=\"\" data-attachment-id=\"61503\" data-orig-file=\"https:\/\/eltrabajo.cl\/portal\/wp-content\/uploads\/2015\/08\/Veloc\u00edmetro.jpg\" data-orig-size=\"530,349\" data-comments-opened=\"1\" data-image-meta=\"{&quot;aperture&quot;:&quot;0&quot;,&quot;credit&quot;:&quot;&quot;,&quot;camera&quot;:&quot;&quot;,&quot;caption&quot;:&quot;&quot;,&quot;created_timestamp&quot;:&quot;0&quot;,&quot;copyright&quot;:&quot;&quot;,&quot;focal_length&quot;:&quot;0&quot;,&quot;iso&quot;:&quot;0&quot;,&quot;shutter_speed&quot;:&quot;0&quot;,&quot;title&quot;:&quot;&quot;,&quot;orientation&quot;:&quot;0&quot;}\" data-image-title=\"Veloc\u00edmetro\" data-image-description=\"&lt;p&gt;El veloc\u00edmetro del autom\u00f3vil conducido por Diego Vera Pizarro indic\u00f3 que se desplazaba a m\u00e1s de 180 Km, siendo materia de investigaci\u00f3n por parte de la Siat de Carabineros de San Felipe.&lt;\/p&gt; \" data-medium-file=\"https:\/\/i0.wp.com\/eltrabajo.cl\/portal\/wp-content\/uploads\/2015\/08\/Veloc%C3%ADmetro.jpg?fit=300%2C198&#038;ssl=1\" data-large-file=\"https:\/\/i0.wp.com\/eltrabajo.cl\/portal\/wp-content\/uploads\/2015\/08\/Veloc%C3%ADmetro.jpg?fit=530%2C349&#038;ssl=1\" src=\"https:\/\/i0.wp.com\/eltrabajo.cl\/portal\/wp-content\/uploads\/2015\/08\/Veloc%C3%ADmetro.jpg?w=316&#038;h=208&#038;ssl=1\" width=\"316\" height=\"208\" loading=\"lazy\" data-original-width=\"316\" data-original-height=\"208\" itemprop=\"http:\/\/schema.org\/image\" title=\"Veloc\u00edmetro\" alt=\"El veloc\u00edmetro del autom\u00f3vil conducido por Diego Vera Pizarro indic\u00f3 que se desplazaba a m\u00e1s de 180 Km, siendo materia de investigaci\u00f3n por parte de la Siat de Carabineros de San Felipe.\" style=\"width: 316px; height: 208px;\" \/> <\/a> <div class=\"tiled-gallery-caption\" itemprop=\"caption description\"> El veloc\u00edmetro del autom\u00f3vil conducido por Diego Vera Pizarro indic\u00f3 que se desplazaba a m\u00e1s de 180 Km, siendo materia de investigaci\u00f3n por parte de la Siat de Carabineros de San Felipe. <\/div> <\/div> <\/div> <!-- close group --> <div class=\"gallery-group images-1\" style=\"width: 320px; height: 212px;\" data-original-width=\"320\" data-original-height=\"212\" > <div class=\"tiled-gallery-item tiled-gallery-item-large\" itemprop=\"associatedMedia\" itemscope itemtype=\"http:\/\/schema.org\/ImageObject\"> <a href=\"https:\/\/eltrabajo.cl\/portal\/san-felipe-llora-partida-de-hijo-ilustre-y-destacado-relator-javier-munoz\/patricio-yanez\/\" border=\"0\" itemprop=\"url\"> <meta itemprop=\"width\" content=\"316\"> <meta itemprop=\"height\" content=\"208\"> <img decoding=\"async\" class=\"\" data-attachment-id=\"61502\" data-orig-file=\"https:\/\/eltrabajo.cl\/portal\/wp-content\/uploads\/2015\/08\/Patricio-Yanez.jpg\" data-orig-size=\"530,349\" data-comments-opened=\"1\" data-image-meta=\"{&quot;aperture&quot;:&quot;0&quot;,&quot;credit&quot;:&quot;&quot;,&quot;camera&quot;:&quot;&quot;,&quot;caption&quot;:&quot;&quot;,&quot;created_timestamp&quot;:&quot;0&quot;,&quot;copyright&quot;:&quot;&quot;,&quot;focal_length&quot;:&quot;0&quot;,&quot;iso&quot;:&quot;0&quot;,&quot;shutter_speed&quot;:&quot;0&quot;,&quot;title&quot;:&quot;&quot;,&quot;orientation&quot;:&quot;0&quot;}\" data-image-title=\"Patricio Yanez\" data-image-description=\"&lt;p&gt;El ex futbolista y relator deportivo, Patricio Y\u00e1\u00f1ez estuvo relatando un partido de f\u00fatbol en Valpara\u00edso junto a Javier Mu\u00f1oz, horas previas al fatal accidente. &lt;\/p&gt; \" data-medium-file=\"https:\/\/i0.wp.com\/eltrabajo.cl\/portal\/wp-content\/uploads\/2015\/08\/Patricio-Yanez.jpg?fit=300%2C198&#038;ssl=1\" data-large-file=\"https:\/\/i0.wp.com\/eltrabajo.cl\/portal\/wp-content\/uploads\/2015\/08\/Patricio-Yanez.jpg?fit=530%2C349&#038;ssl=1\" src=\"https:\/\/i0.wp.com\/eltrabajo.cl\/portal\/wp-content\/uploads\/2015\/08\/Patricio-Yanez.jpg?w=316&#038;h=208&#038;ssl=1\" srcset=\"https:\/\/i0.wp.com\/eltrabajo.cl\/portal\/wp-content\/uploads\/2015\/08\/Patricio-Yanez.jpg?w=530&amp;ssl=1 530w, https:\/\/i0.wp.com\/eltrabajo.cl\/portal\/wp-content\/uploads\/2015\/08\/Patricio-Yanez.jpg?resize=200%2C132&amp;ssl=1 200w, https:\/\/i0.wp.com\/eltrabajo.cl\/portal\/wp-content\/uploads\/2015\/08\/Patricio-Yanez.jpg?resize=300%2C198&amp;ssl=1 300w, https:\/\/i0.wp.com\/eltrabajo.cl\/portal\/wp-content\/uploads\/2015\/08\/Patricio-Yanez.jpg?resize=228%2C150&amp;ssl=1 228w, https:\/\/i0.wp.com\/eltrabajo.cl\/portal\/wp-content\/uploads\/2015\/08\/Patricio-Yanez.jpg?resize=400%2C263&amp;ssl=1 400w\" width=\"316\" height=\"208\" loading=\"lazy\" data-original-width=\"316\" data-original-height=\"208\" itemprop=\"http:\/\/schema.org\/image\" title=\"Patricio Yanez\" alt=\"El ex futbolista y relator deportivo, Patricio Y\u00e1\u00f1ez estuvo relatando un partido de f\u00fatbol en Valpara\u00edso junto a Javier Mu\u00f1oz, horas previas al fatal accidente.\" style=\"width: 316px; height: 208px;\" \/> <\/a> <div class=\"tiled-gallery-caption\" itemprop=\"caption description\"> El ex futbolista y relator deportivo, Patricio Y\u00e1\u00f1ez estuvo relatando un partido de f\u00fatbol en Valpara\u00edso junto a Javier Mu\u00f1oz, horas previas al fatal accidente. <\/div> <\/div> <\/div> <!-- close group --> <\/div> <!-- close row --> <\/div>\n","protected":false},"excerpt":{"rendered":"<p>Una multitudinaria despedida recibi\u00f3 el connotado comunicador de 43 a\u00f1os de edad, Javier Mu\u00f1oz Delgado, cuya muerte en un tr\u00e1gico accidente automovil\u00edstico la madrugada del s\u00e1bado en la ruta 60 CH, ha&#8230;<\/p>\n","protected":false},"author":482,"featured_media":61498,"comment_status":"open","ping_status":"open","sticky":false,"template":"","format":"standard","meta":{"advanced_seo_description":"","jetpack_seo_html_title":"","jetpack_seo_noindex":false,"_jetpack_memberships_contains_paid_content":false,"footnotes":""},"categories":[15],"tags":[],"class_list":["post-61497","post","type-post","status-publish","format-standard","has-post-thumbnail","hentry","category-comunidad"],"jetpack_featured_media_url":"https:\/\/i0.wp.com\/eltrabajo.cl\/portal\/wp-content\/uploads\/2015\/08\/JAVIER-MUNOZ.jpg?fit=530%2C349&ssl=1","jetpack_sharing_enabled":true,"jetpack_likes_enabled":true,"jetpack-related-posts":[],"_links":{"self":[{"href":"https:\/\/eltrabajo.cl\/portal\/wp-json\/wp\/v2\/posts\/61497","targetHints":{"allow":["GET"]}}],"collection":[{"href":"https:\/\/eltrabajo.cl\/portal\/wp-json\/wp\/v2\/posts"}],"about":[{"href":"https:\/\/eltrabajo.cl\/portal\/wp-json\/wp\/v2\/types\/post"}],"author":[{"embeddable":true,"href":"https:\/\/eltrabajo.cl\/portal\/wp-json\/wp\/v2\/users\/482"}],"replies":[{"embeddable":true,"href":"https:\/\/eltrabajo.cl\/portal\/wp-json\/wp\/v2\/comments?post=61497"}],"version-history":[{"count":0,"href":"https:\/\/eltrabajo.cl\/portal\/wp-json\/wp\/v2\/posts\/61497\/revisions"}],"wp:featuredmedia":[{"embeddable":true,"href":"https:\/\/eltrabajo.cl\/portal\/wp-json\/wp\/v2\/media\/61498"}],"wp:attachment":[{"href":"https:\/\/eltrabajo.cl\/portal\/wp-json\/wp\/v2\/media?parent=61497"}],"wp:term":[{"taxonomy":"category","embeddable":true,"href":"https:\/\/eltrabajo.cl\/portal\/wp-json\/wp\/v2\/categories?post=61497"},{"taxonomy":"post_tag","embeddable":true,"href":"https:\/\/eltrabajo.cl\/portal\/wp-json\/wp\/v2\/tags?post=61497"}],"curies":[{"name":"wp","href":"https:\/\/api.w.org\/{rel}","templated":true}]}}