{"id":61523,"date":"2015-09-01T09:19:02","date_gmt":"2015-09-01T12:19:02","guid":{"rendered":"http:\/\/www.eltrabajo.cl\/portal\/?p=61523"},"modified":"2015-09-01T09:19:02","modified_gmt":"2015-09-01T12:19:02","slug":"lanzan-web-oficial-para-difusion-turistica-de-aconcagua","status":"publish","type":"post","link":"https:\/\/eltrabajo.cl\/portal\/lanzan-web-oficial-para-difusion-turistica-de-aconcagua\/","title":{"rendered":"Lanzan web oficial para difusi\u00f3n tur\u00edstica de Aconcagua"},"content":{"rendered":"<figure id=\"attachment_61524\" aria-describedby=\"caption-attachment-61524\" style=\"width: 300px\" class=\"wp-caption alignleft\"><a href=\"https:\/\/i0.wp.com\/www.eltrabajo.cl\/portal\/wp-content\/uploads\/2015\/09\/Manuel-Rivera.jpg\"><img data-recalc-dims=\"1\" loading=\"lazy\" decoding=\"async\" class=\"wp-image-61524 size-medium\" src=\"https:\/\/i0.wp.com\/www.eltrabajo.cl\/portal\/wp-content\/uploads\/2015\/09\/Manuel-Rivera-300x198.jpg?resize=300%2C198\" alt=\"Manuel Rivera, presidente del Directorio de la Corporaci\u00f3n Pro Aconcagua\" width=\"300\" height=\"198\" srcset=\"https:\/\/i0.wp.com\/eltrabajo.cl\/portal\/wp-content\/uploads\/2015\/09\/Manuel-Rivera.jpg?resize=300%2C198&amp;ssl=1 300w, https:\/\/i0.wp.com\/eltrabajo.cl\/portal\/wp-content\/uploads\/2015\/09\/Manuel-Rivera.jpg?resize=200%2C132&amp;ssl=1 200w, https:\/\/i0.wp.com\/eltrabajo.cl\/portal\/wp-content\/uploads\/2015\/09\/Manuel-Rivera.jpg?resize=227%2C150&amp;ssl=1 227w, https:\/\/i0.wp.com\/eltrabajo.cl\/portal\/wp-content\/uploads\/2015\/09\/Manuel-Rivera.jpg?resize=400%2C264&amp;ssl=1 400w, https:\/\/i0.wp.com\/eltrabajo.cl\/portal\/wp-content\/uploads\/2015\/09\/Manuel-Rivera.jpg?w=530&amp;ssl=1 530w\" sizes=\"auto, (max-width: 300px) 100vw, 300px\" \/><\/a><figcaption id=\"caption-attachment-61524\" class=\"wp-caption-text\">Manuel Rivera, presidente del Directorio de la Corporaci\u00f3n Pro Aconcagua<\/figcaption><\/figure>\n<ul>\n<li><strong>A trav\u00e9s de www.aconcaguatravel.cl, los habitantes de Chile y el mundo podr\u00e1n conocer la gran diversidad de lugares, historias y actividades presentes en las provincias de Los Andes y San Felipe<\/strong><\/li>\n<\/ul>\n<p>Con el objetivo de colaborar con el desarrollo de las provincias de Los Andes y San Felipe, la Corporaci\u00f3n Pro Aconcagua mediante su proyecto, Aconcagua Turismo 2020, ha buscado desarrollar una oferta Tur\u00edstica diversa, sostenible, sustentable y colaborativa que ayude a mejorar y aumentar los flujos de turistas que visiten el Valle de Aconcagua.<br \/>\nEn el marco de las acciones de gesti\u00f3n y promoci\u00f3n del destino, se cre\u00f3 el sitio web oficial del destino tur\u00edstico Valle de Aconcagua www.aconcaguatravel, el cual permitir\u00e1 presentar a Chile y al Mundo la gran diversidad de lugares, historias y actividades presentes en la zona.<br \/>\nQuien visite este nuevo sitio web encontrar\u00e1 tres secciones o pilares de contenido y trabajo a trav\u00e9s de los cuales podr\u00e1 encontrar toda la informaci\u00f3n necesaria para planificar su visita al Valle de Aconcagua. Entre estas secciones se encuentran: las experiencias tur\u00edsticas del Valle de Aconcagua y actividades y programas tur\u00edsticos de la zona.<br \/>\nPara Manuel Rivera, Presidente del Directorio de la Corporaci\u00f3n Pro Aconcagua, destac\u00f3 los beneficios en el \u00e1rea del turismo de las provincias de Los Andes y San Felipe, que traer\u00e1 esta p\u00e1gina web.<br \/>\n\u201cEstamos muy motivados y agradecidos de que este programa Turismo 2020 financiado por Corfo y que hoy ya es parte del ADN de lo que ha seguido haciendo la Corporaci\u00f3n Pro Aconcagua, tenga un resultado concreto que es parte de los compromisos que se hab\u00edan establecido y que es el lanzamiento de la p\u00e1gina web que permitir\u00e1 concretar que todos los operadores y servicios que viven en torno al turismo puedan estar agrupados en una plataforma virtual. Es muy importante que los turistas conozcan el Valle de Aconcagua, sus tradiciones y arquitectura. La idea es ser conocidos y reconocidos por la calidad de las personas y la calidad de los servicios tur\u00edsticos con los que contamos\u201d, sostuvo Manuel Rivera.<br \/>\nTambi\u00e9n la Gobernadora de Los Andes, Mar\u00eda Victoria Rodr\u00edguez, destac\u00f3 la creaci\u00f3n de este sitio web.<br \/>\n\u201cEste es un gran proyecto de la Corporaci\u00f3n Pro Aconcagua, que ha liderado un trabajo con aportes del Gobierno de Chile y de los empresarios locales, que a trav\u00e9s de un proceso de trabajo con las diez comunas que componen las dos provincias de San Felipe y Los Andes, se construye un programa de turismo que promueve Aconcagua como destino. Hoy con esta p\u00e1gina web todo comienza, porque estos son los instrumentos que necesitamos para darnos a conocer fuera de los l\u00edmites del Valle de Aconcagua\u201d.<br \/>\nDe esta forma Aconcaguatravel ser\u00e1 la puerta de entrada de los turistas hacia el Valle de Aconcagua, donde podr\u00e1n conocer los s atributos y caracter\u00edsticas de esta tierra, sus actividades y personas. Ser un destino reconocido por su cultura, Historia, Sabores, Vinos, Actividades y naturaleza.<\/p>\n","protected":false},"excerpt":{"rendered":"<p>A trav\u00e9s de www.aconcaguatravel.cl, los habitantes de Chile y el mundo podr\u00e1n conocer la gran diversidad de lugares, historias y actividades presentes en las provincias de Los Andes y San Felipe Con&#8230;<\/p>\n","protected":false},"author":482,"featured_media":61524,"comment_status":"open","ping_status":"open","sticky":false,"template":"","format":"standard","meta":{"advanced_seo_description":"","jetpack_seo_html_title":"","jetpack_seo_noindex":false,"_jetpack_memberships_contains_paid_content":false,"footnotes":""},"categories":[1],"tags":[],"class_list":["post-61523","post","type-post","status-publish","format-standard","has-post-thumbnail","hentry","category-cronica"],"jetpack_featured_media_url":"https:\/\/i0.wp.com\/eltrabajo.cl\/portal\/wp-content\/uploads\/2015\/09\/Manuel-Rivera.jpg?fit=530%2C350&ssl=1","jetpack_sharing_enabled":true,"jetpack_likes_enabled":true,"jetpack-related-posts":[],"_links":{"self":[{"href":"https:\/\/eltrabajo.cl\/portal\/wp-json\/wp\/v2\/posts\/61523","targetHints":{"allow":["GET"]}}],"collection":[{"href":"https:\/\/eltrabajo.cl\/portal\/wp-json\/wp\/v2\/posts"}],"about":[{"href":"https:\/\/eltrabajo.cl\/portal\/wp-json\/wp\/v2\/types\/post"}],"author":[{"embeddable":true,"href":"https:\/\/eltrabajo.cl\/portal\/wp-json\/wp\/v2\/users\/482"}],"replies":[{"embeddable":true,"href":"https:\/\/eltrabajo.cl\/portal\/wp-json\/wp\/v2\/comments?post=61523"}],"version-history":[{"count":0,"href":"https:\/\/eltrabajo.cl\/portal\/wp-json\/wp\/v2\/posts\/61523\/revisions"}],"wp:featuredmedia":[{"embeddable":true,"href":"https:\/\/eltrabajo.cl\/portal\/wp-json\/wp\/v2\/media\/61524"}],"wp:attachment":[{"href":"https:\/\/eltrabajo.cl\/portal\/wp-json\/wp\/v2\/media?parent=61523"}],"wp:term":[{"taxonomy":"category","embeddable":true,"href":"https:\/\/eltrabajo.cl\/portal\/wp-json\/wp\/v2\/categories?post=61523"},{"taxonomy":"post_tag","embeddable":true,"href":"https:\/\/eltrabajo.cl\/portal\/wp-json\/wp\/v2\/tags?post=61523"}],"curies":[{"name":"wp","href":"https:\/\/api.w.org\/{rel}","templated":true}]}}