{"id":61526,"date":"2015-09-01T09:20:20","date_gmt":"2015-09-01T12:20:20","guid":{"rendered":"http:\/\/www.eltrabajo.cl\/portal\/?p=61526"},"modified":"2015-09-01T09:20:20","modified_gmt":"2015-09-01T12:20:20","slug":"efectuan-charla-sobre-medidas-preventivas-para-ataques-de-animales-silvestres","status":"publish","type":"post","link":"https:\/\/eltrabajo.cl\/portal\/efectuan-charla-sobre-medidas-preventivas-para-ataques-de-animales-silvestres\/","title":{"rendered":"Efect\u00faan charla sobre medidas preventivas para ataques de animales silvestres"},"content":{"rendered":"<figure id=\"attachment_61527\" aria-describedby=\"caption-attachment-61527\" style=\"width: 300px\" class=\"wp-caption alignleft\"><a href=\"https:\/\/i0.wp.com\/www.eltrabajo.cl\/portal\/wp-content\/uploads\/2015\/09\/CHARLA-PRODESAL.jpg\"><img data-recalc-dims=\"1\" loading=\"lazy\" decoding=\"async\" class=\"wp-image-61527 size-medium\" src=\"https:\/\/i0.wp.com\/www.eltrabajo.cl\/portal\/wp-content\/uploads\/2015\/09\/CHARLA-PRODESAL-300x198.jpg?resize=300%2C198\" alt=\"Prodesal Llay Llay efectu\u00f3 una charla en el sector de Las Blancas con el fin de prevenir ataques de animales silvestres.\" width=\"300\" height=\"198\" srcset=\"https:\/\/i0.wp.com\/eltrabajo.cl\/portal\/wp-content\/uploads\/2015\/09\/CHARLA-PRODESAL.jpg?resize=300%2C198&amp;ssl=1 300w, https:\/\/i0.wp.com\/eltrabajo.cl\/portal\/wp-content\/uploads\/2015\/09\/CHARLA-PRODESAL.jpg?resize=200%2C132&amp;ssl=1 200w, https:\/\/i0.wp.com\/eltrabajo.cl\/portal\/wp-content\/uploads\/2015\/09\/CHARLA-PRODESAL.jpg?resize=227%2C150&amp;ssl=1 227w, https:\/\/i0.wp.com\/eltrabajo.cl\/portal\/wp-content\/uploads\/2015\/09\/CHARLA-PRODESAL.jpg?resize=400%2C264&amp;ssl=1 400w, https:\/\/i0.wp.com\/eltrabajo.cl\/portal\/wp-content\/uploads\/2015\/09\/CHARLA-PRODESAL.jpg?w=530&amp;ssl=1 530w\" sizes=\"auto, (max-width: 300px) 100vw, 300px\" \/><\/a><figcaption id=\"caption-attachment-61527\" class=\"wp-caption-text\">Prodesal Llay Llay efectu\u00f3 una charla en el sector de Las Blancas con el fin de prevenir ataques de animales silvestres.<\/figcaption><\/figure>\n<p><strong>LLAY LLAY.<\/strong>&#8211; Para facilitar la participaci\u00f3n de los usuarios, el Programa Prodesal realiz\u00f3 una charla en casa de Manuel Olmos Figueroa, en el sector Las Blancas. La tem\u00e1tica trat\u00f3 sobre medidas de prevenci\u00f3n de ataques de animales silvestres y trazabilidad.<br \/>\nLa Oficina Prodesal Llay Llay funciona en convenio entre Indap y la Municipalidad del Viento Viento; y sus jefes t\u00e9cnicos Ra\u00fal Vega Rivera y Guillermo V\u00e1squez Oliveiros han puesto en pr\u00e1ctica la pol\u00edtica de acercar la informaci\u00f3n a los usuarios \u201cque muchas veces no asisten a las charlas o actividades que se realizan en el centro de la comuna, por ser de sectores lejanos\u201d.<br \/>\nLos usuarios intervenidos son los m\u00e1s afectados por los ataques de pumas, zorros y perros asilvestrados a su ganado. Sus planteles caprinos est\u00e1n emplazados en lugares aislados c\u00f3mo Las Blancas, El Tab\u00f3n, Enrique Meiggs y Las Achupallas.<br \/>\nEl objetivo principal de fue entregar conocimientos a los 14 participantes; acerca de la Normativa de Protecci\u00f3n de Animales Silvestres como pumas y zorros y, incorporaci\u00f3n de medidas preventivas de ataques<br \/>\nLa actividad cont\u00f3 con la presencia de autoridades del Servicio Agr\u00edcola Ganadero (SAG): Gonzalo Vargas de Campo Morgado y Gustavo Fuentes. Tambi\u00e9n estuvo el encargado provincial de trazabilidad o rastreabilidad animal, Guillermo S\u00e1nchez.<br \/>\nLa trazabilidad o rastreabilidad, seg\u00fan la descripci\u00f3n del portal del SAG www.sag.cl, \u201ces la capacidad de mantener identificados los animales a lo largo de las cadenas de producci\u00f3n, comercializaci\u00f3n y transformaci\u00f3n, con el fin de realizar investigaciones epidemiol\u00f3gicas o establecer acciones correctivas en beneficio de la comunidad consumidora\u201d.<\/p>\n","protected":false},"excerpt":{"rendered":"<p>LLAY LLAY.&#8211; Para facilitar la participaci\u00f3n de los usuarios, el Programa Prodesal realiz\u00f3 una charla en casa de Manuel Olmos Figueroa, en el sector Las Blancas. La tem\u00e1tica trat\u00f3 sobre medidas de&#8230;<\/p>\n","protected":false},"author":482,"featured_media":61527,"comment_status":"open","ping_status":"open","sticky":false,"template":"","format":"standard","meta":{"advanced_seo_description":"","jetpack_seo_html_title":"","jetpack_seo_noindex":false,"_jetpack_memberships_contains_paid_content":false,"footnotes":""},"categories":[15],"tags":[],"class_list":["post-61526","post","type-post","status-publish","format-standard","has-post-thumbnail","hentry","category-comunidad"],"jetpack_featured_media_url":"https:\/\/i0.wp.com\/eltrabajo.cl\/portal\/wp-content\/uploads\/2015\/09\/CHARLA-PRODESAL.jpg?fit=530%2C350&ssl=1","jetpack_sharing_enabled":true,"jetpack_likes_enabled":true,"jetpack-related-posts":[],"_links":{"self":[{"href":"https:\/\/eltrabajo.cl\/portal\/wp-json\/wp\/v2\/posts\/61526","targetHints":{"allow":["GET"]}}],"collection":[{"href":"https:\/\/eltrabajo.cl\/portal\/wp-json\/wp\/v2\/posts"}],"about":[{"href":"https:\/\/eltrabajo.cl\/portal\/wp-json\/wp\/v2\/types\/post"}],"author":[{"embeddable":true,"href":"https:\/\/eltrabajo.cl\/portal\/wp-json\/wp\/v2\/users\/482"}],"replies":[{"embeddable":true,"href":"https:\/\/eltrabajo.cl\/portal\/wp-json\/wp\/v2\/comments?post=61526"}],"version-history":[{"count":0,"href":"https:\/\/eltrabajo.cl\/portal\/wp-json\/wp\/v2\/posts\/61526\/revisions"}],"wp:featuredmedia":[{"embeddable":true,"href":"https:\/\/eltrabajo.cl\/portal\/wp-json\/wp\/v2\/media\/61527"}],"wp:attachment":[{"href":"https:\/\/eltrabajo.cl\/portal\/wp-json\/wp\/v2\/media?parent=61526"}],"wp:term":[{"taxonomy":"category","embeddable":true,"href":"https:\/\/eltrabajo.cl\/portal\/wp-json\/wp\/v2\/categories?post=61526"},{"taxonomy":"post_tag","embeddable":true,"href":"https:\/\/eltrabajo.cl\/portal\/wp-json\/wp\/v2\/tags?post=61526"}],"curies":[{"name":"wp","href":"https:\/\/api.w.org\/{rel}","templated":true}]}}