{"id":61529,"date":"2015-09-01T09:21:27","date_gmt":"2015-09-01T12:21:27","guid":{"rendered":"http:\/\/www.eltrabajo.cl\/portal\/?p=61529"},"modified":"2015-09-01T09:21:27","modified_gmt":"2015-09-01T12:21:27","slug":"en-escuela-la-higuera-realizan-evento-de-programa-pueblos-originarios","status":"publish","type":"post","link":"https:\/\/eltrabajo.cl\/portal\/en-escuela-la-higuera-realizan-evento-de-programa-pueblos-originarios\/","title":{"rendered":"En Escuela La Higuera realizan evento de programa Pueblos Originarios"},"content":{"rendered":"<figure id=\"attachment_61530\" aria-describedby=\"caption-attachment-61530\" style=\"width: 300px\" class=\"wp-caption alignleft\"><a href=\"https:\/\/i0.wp.com\/www.eltrabajo.cl\/portal\/wp-content\/uploads\/2015\/09\/Evento-pueblos-originarios-Santa-Maria-2.jpg\"><img data-recalc-dims=\"1\" loading=\"lazy\" decoding=\"async\" class=\"wp-image-61530 size-medium\" src=\"https:\/\/i0.wp.com\/www.eltrabajo.cl\/portal\/wp-content\/uploads\/2015\/09\/Evento-pueblos-originarios-Santa-Maria-2-300x198.jpg?resize=300%2C198\" alt=\"En Santa Mar\u00eda, junto a diversas autoridades, se realiz\u00f3 un evento del programa Pueblos Originarios en la Escuela La Higuera.\" width=\"300\" height=\"198\" srcset=\"https:\/\/i0.wp.com\/eltrabajo.cl\/portal\/wp-content\/uploads\/2015\/09\/Evento-pueblos-originarios-Santa-Maria-2.jpg?resize=300%2C198&amp;ssl=1 300w, https:\/\/i0.wp.com\/eltrabajo.cl\/portal\/wp-content\/uploads\/2015\/09\/Evento-pueblos-originarios-Santa-Maria-2.jpg?resize=200%2C132&amp;ssl=1 200w, https:\/\/i0.wp.com\/eltrabajo.cl\/portal\/wp-content\/uploads\/2015\/09\/Evento-pueblos-originarios-Santa-Maria-2.jpg?resize=227%2C150&amp;ssl=1 227w, https:\/\/i0.wp.com\/eltrabajo.cl\/portal\/wp-content\/uploads\/2015\/09\/Evento-pueblos-originarios-Santa-Maria-2.jpg?resize=400%2C264&amp;ssl=1 400w, https:\/\/i0.wp.com\/eltrabajo.cl\/portal\/wp-content\/uploads\/2015\/09\/Evento-pueblos-originarios-Santa-Maria-2.jpg?w=530&amp;ssl=1 530w\" sizes=\"auto, (max-width: 300px) 100vw, 300px\" \/><\/a><figcaption id=\"caption-attachment-61530\" class=\"wp-caption-text\">En Santa Mar\u00eda, junto a diversas autoridades, se realiz\u00f3 un evento del programa Pueblos Originarios en la Escuela La Higuera.<\/figcaption><\/figure>\n<ul>\n<li><strong>En Santa Mar\u00eda 15% de la poblaci\u00f3n es de origen Pehuenche.<\/strong><\/li>\n<\/ul>\n<p>Hasta la comunidad de La Higuera al interior de la comuna de Santa Mar\u00eda, se trasladaron las autoridades provinciales y deportivas de la regi\u00f3n, para participar del evento del programa Pueblos Originarios en la Escuela La Higuera. El evento cont\u00f3 con la presencia del gobernador Provincial Eduardo Le\u00f3n, el Seremi del Deporte Daniel Duclos, la encargada nacional del programa Mar\u00eda Consuelo Padilla y el alcalde de Santa Mar\u00eda Claudio Zurita.<br \/>\nDurante la actividad se realiz\u00f3 una rogativa a cargo del lonco Manuel Currilem, presentaciones de bailes t\u00edpicos y un encuentro de palin entre la Escuela La Higuera y la Escuela Comunidad de Valle Hermoso de La Ligua.<br \/>\nEl Seremi del Deporte Daniel Duclos destac\u00f3 la importancia de difundir las tradiciones mapuches en la regi\u00f3n. \u201cEn esta comuna se encuentra uno de los cinco talleres que se est\u00e1n ejecutando en este programa pionero, en donde realzamos las pr\u00e1cticas deportivas de nuestros pueblos originarios. Esperamos seguir difundiendo el car\u00e1cter deportivo, social de los pueblos originarios en la regi\u00f3n y pr\u00f3ximamente esperamos poder celebrar en Valpara\u00edso un encuentro de palin y convocar a otros colegios\u201d<br \/>\nWalter Currilem educador tradicional y monitor de palin nos cuenta sobre el funcionamiento del taller. \u201cEl promedio son 23 a 24 ni\u00f1os. El palin se utilizaba cuando nac\u00eda un ni\u00f1o y se esperaba que cumpliera cuatro a\u00f1os y se le regalaba un wi\u00f1o (palo). Esto para que cuando \u00e9l creciera y saliera de comunidad, volviera nuevamente. Con el palin se med\u00eda la fuerza de los pe\u00f1e y sirvi\u00f3 en la resistencia contra los espa\u00f1oles\u201d.<br \/>\nEl alcalde de Santa Mar\u00eda, Claudio Zurita, destac\u00f3 la importancia que le da el municipio a las tradiciones ancestrales. \u201cEstoy muy contento por esta actividad y agradecer la visita de las autoridades. Este colegio le pusimos un sello intercultural en lo deportivo, lenguaje y social. En Santa Mar\u00eda el 15% de la poblaci\u00f3n es mapuche o descendiente de mapuche-pehuenche. Este colegio va a rescatar todas las tradiciones como el idioma y el palin\u201d.<br \/>\nEl programa pueblos originarios tiene una inversi\u00f3n de 37 millones y talleres de palin en las comunas de La Ligua, Quilpu\u00e9, San Antonio y Santa Mar\u00eda. En la Isla de Pascua se est\u00e1n ejecutando 10 talleres y se realizar\u00e1n 4 eventos. Las disciplinas que se ejecutan son principalmente canoa, surf de pie, pesca y triatl\u00f3n internacional.<\/p>\n","protected":false},"excerpt":{"rendered":"<p>En Santa Mar\u00eda 15% de la poblaci\u00f3n es de origen Pehuenche. Hasta la comunidad de La Higuera al interior de la comuna de Santa Mar\u00eda, se trasladaron las autoridades provinciales y deportivas&#8230;<\/p>\n","protected":false},"author":482,"featured_media":61530,"comment_status":"open","ping_status":"open","sticky":false,"template":"","format":"standard","meta":{"advanced_seo_description":"","jetpack_seo_html_title":"","jetpack_seo_noindex":false,"_jetpack_memberships_contains_paid_content":false,"footnotes":""},"categories":[15],"tags":[],"class_list":["post-61529","post","type-post","status-publish","format-standard","has-post-thumbnail","hentry","category-comunidad"],"jetpack_featured_media_url":"https:\/\/i0.wp.com\/eltrabajo.cl\/portal\/wp-content\/uploads\/2015\/09\/Evento-pueblos-originarios-Santa-Maria-2.jpg?fit=530%2C350&ssl=1","jetpack_sharing_enabled":true,"jetpack_likes_enabled":true,"jetpack-related-posts":[],"_links":{"self":[{"href":"https:\/\/eltrabajo.cl\/portal\/wp-json\/wp\/v2\/posts\/61529","targetHints":{"allow":["GET"]}}],"collection":[{"href":"https:\/\/eltrabajo.cl\/portal\/wp-json\/wp\/v2\/posts"}],"about":[{"href":"https:\/\/eltrabajo.cl\/portal\/wp-json\/wp\/v2\/types\/post"}],"author":[{"embeddable":true,"href":"https:\/\/eltrabajo.cl\/portal\/wp-json\/wp\/v2\/users\/482"}],"replies":[{"embeddable":true,"href":"https:\/\/eltrabajo.cl\/portal\/wp-json\/wp\/v2\/comments?post=61529"}],"version-history":[{"count":0,"href":"https:\/\/eltrabajo.cl\/portal\/wp-json\/wp\/v2\/posts\/61529\/revisions"}],"wp:featuredmedia":[{"embeddable":true,"href":"https:\/\/eltrabajo.cl\/portal\/wp-json\/wp\/v2\/media\/61530"}],"wp:attachment":[{"href":"https:\/\/eltrabajo.cl\/portal\/wp-json\/wp\/v2\/media?parent=61529"}],"wp:term":[{"taxonomy":"category","embeddable":true,"href":"https:\/\/eltrabajo.cl\/portal\/wp-json\/wp\/v2\/categories?post=61529"},{"taxonomy":"post_tag","embeddable":true,"href":"https:\/\/eltrabajo.cl\/portal\/wp-json\/wp\/v2\/tags?post=61529"}],"curies":[{"name":"wp","href":"https:\/\/api.w.org\/{rel}","templated":true}]}}