{"id":61537,"date":"2015-09-01T09:26:27","date_gmt":"2015-09-01T12:26:27","guid":{"rendered":"http:\/\/www.eltrabajo.cl\/portal\/?p=61537"},"modified":"2015-09-01T09:26:27","modified_gmt":"2015-09-01T12:26:27","slug":"escuela-industrial-campeon-regional-escolar-de-futbol-masculino-sub-14","status":"publish","type":"post","link":"https:\/\/eltrabajo.cl\/portal\/escuela-industrial-campeon-regional-escolar-de-futbol-masculino-sub-14\/","title":{"rendered":"Escuela Industrial campe\u00f3n regional escolar de f\u00fatbol masculino sub 14"},"content":{"rendered":"<figure id=\"attachment_61538\" aria-describedby=\"caption-attachment-61538\" style=\"width: 300px\" class=\"wp-caption alignleft\"><a href=\"https:\/\/i0.wp.com\/www.eltrabajo.cl\/portal\/wp-content\/uploads\/2015\/09\/escuela-industrial-san-felipe.jpg\"><img data-recalc-dims=\"1\" loading=\"lazy\" decoding=\"async\" class=\"wp-image-61538 size-medium\" src=\"https:\/\/i0.wp.com\/www.eltrabajo.cl\/portal\/wp-content\/uploads\/2015\/09\/escuela-industrial-san-felipe-300x198.jpg?resize=300%2C198\" alt=\"En la final la Escuela Industrial de San Felipe se impuso a Liceo Mixto de Los Andes.\" width=\"300\" height=\"198\" srcset=\"https:\/\/i0.wp.com\/eltrabajo.cl\/portal\/wp-content\/uploads\/2015\/09\/escuela-industrial-san-felipe.jpg?resize=300%2C198&amp;ssl=1 300w, https:\/\/i0.wp.com\/eltrabajo.cl\/portal\/wp-content\/uploads\/2015\/09\/escuela-industrial-san-felipe.jpg?resize=200%2C132&amp;ssl=1 200w, https:\/\/i0.wp.com\/eltrabajo.cl\/portal\/wp-content\/uploads\/2015\/09\/escuela-industrial-san-felipe.jpg?resize=228%2C150&amp;ssl=1 228w, https:\/\/i0.wp.com\/eltrabajo.cl\/portal\/wp-content\/uploads\/2015\/09\/escuela-industrial-san-felipe.jpg?resize=400%2C263&amp;ssl=1 400w, https:\/\/i0.wp.com\/eltrabajo.cl\/portal\/wp-content\/uploads\/2015\/09\/escuela-industrial-san-felipe.jpg?w=530&amp;ssl=1 530w\" sizes=\"auto, (max-width: 300px) 100vw, 300px\" \/><\/a><figcaption id=\"caption-attachment-61538\" class=\"wp-caption-text\">En la final la Escuela Industrial de San Felipe se impuso a Liceo Mixto de Los Andes.<\/figcaption><\/figure>\n<ul>\n<li><strong>Representar\u00e1 a la regi\u00f3n en el nacional escolar de Coquimbo<\/strong><\/li>\n<\/ul>\n<p>La Escuela Industrial Guillermo Richards Cuevas de San Felipe, se coron\u00f3 campe\u00f3n regional escolar de f\u00fatbol masculino, tras superar con claridad en la final al Liceo Mixto de Los Andes por 3-1 en partido disputado en el complejo de funcionarios municipales de Vi\u00f1a del Mar.<br \/>\nLos sanfelipe\u00f1os hab\u00edan derrotado en la semi final al Liceo Industrial de La Calera y en el partido decisivo dominaron de principio a fin al elenco andino y se ganaron el derecho a representar a la regi\u00f3n de Valpara\u00edso en el nacional escolar de Coquimbo.<br \/>\nJuan Urbina, una de las figuras del equipo campe\u00f3n, se\u00f1al\u00f3 que fue \u00abbonito este campeonato, gracias a Dios pudimos ganar y jugamos bien. Agradecer a los profesores que nos acompa\u00f1aron\u00bb.<br \/>\nSergio Brito, defensa central de los sanfelipe\u00f1os, agreg\u00f3: \u00abEst\u00e1bamos muy cansados porque jugamos dos partidos en el d\u00eda, as\u00ed que tuvimos que esforzarnos hasta el final. Nunca antes hab\u00eda vivido ir a un nacional, as\u00ed que iremos con todo a buscar el t\u00edtulo\u00bb.<br \/>\nV\u00edctor Z\u00fa\u00f1iga, director t\u00e9cnico de la Escuela Industrial de San Felipe, se mostr\u00f3 muy contento ya que hace casi 20 a\u00f1os fue campe\u00f3n nacional dirigiendo a esta misma escuela y tambi\u00e9n en la Cuarta Regi\u00f3n. \u00abEst\u00e1bamos preparados y afortunadamente tuve la suerte de ser campe\u00f3n nacional alguna vez. Este equipo pintaba para campe\u00f3n y creo que vamos a dar dura pelea en el nacional. En el a\u00f1o 97 sal\u00ed campe\u00f3n justamente en La Serena. La Escuela Industrial se caracteriza porque sus directivos siempre acompa\u00f1an a sus selecciones\u00bb.<br \/>\nEl tercer lugar fue para el Liceo Industrial de La Calera, que super\u00f3 al Mar\u00eda Auxiliadora de Vi\u00f1a del Mar por tres a uno. El nacional escolar se disputar\u00e1 del 7 al 13 de septiembre en Coquimbo.<\/p>\n","protected":false},"excerpt":{"rendered":"<p>Representar\u00e1 a la regi\u00f3n en el nacional escolar de Coquimbo La Escuela Industrial Guillermo Richards Cuevas de San Felipe, se coron\u00f3 campe\u00f3n regional escolar de f\u00fatbol masculino, tras superar con claridad en&#8230;<\/p>\n","protected":false},"author":482,"featured_media":61538,"comment_status":"open","ping_status":"open","sticky":false,"template":"","format":"standard","meta":{"advanced_seo_description":"","jetpack_seo_html_title":"","jetpack_seo_noindex":false,"_jetpack_memberships_contains_paid_content":false,"footnotes":""},"categories":[15],"tags":[],"class_list":["post-61537","post","type-post","status-publish","format-standard","has-post-thumbnail","hentry","category-comunidad"],"jetpack_featured_media_url":"https:\/\/i0.wp.com\/eltrabajo.cl\/portal\/wp-content\/uploads\/2015\/09\/escuela-industrial-san-felipe.jpg?fit=530%2C349&ssl=1","jetpack_sharing_enabled":true,"jetpack_likes_enabled":true,"jetpack-related-posts":[],"_links":{"self":[{"href":"https:\/\/eltrabajo.cl\/portal\/wp-json\/wp\/v2\/posts\/61537","targetHints":{"allow":["GET"]}}],"collection":[{"href":"https:\/\/eltrabajo.cl\/portal\/wp-json\/wp\/v2\/posts"}],"about":[{"href":"https:\/\/eltrabajo.cl\/portal\/wp-json\/wp\/v2\/types\/post"}],"author":[{"embeddable":true,"href":"https:\/\/eltrabajo.cl\/portal\/wp-json\/wp\/v2\/users\/482"}],"replies":[{"embeddable":true,"href":"https:\/\/eltrabajo.cl\/portal\/wp-json\/wp\/v2\/comments?post=61537"}],"version-history":[{"count":0,"href":"https:\/\/eltrabajo.cl\/portal\/wp-json\/wp\/v2\/posts\/61537\/revisions"}],"wp:featuredmedia":[{"embeddable":true,"href":"https:\/\/eltrabajo.cl\/portal\/wp-json\/wp\/v2\/media\/61538"}],"wp:attachment":[{"href":"https:\/\/eltrabajo.cl\/portal\/wp-json\/wp\/v2\/media?parent=61537"}],"wp:term":[{"taxonomy":"category","embeddable":true,"href":"https:\/\/eltrabajo.cl\/portal\/wp-json\/wp\/v2\/categories?post=61537"},{"taxonomy":"post_tag","embeddable":true,"href":"https:\/\/eltrabajo.cl\/portal\/wp-json\/wp\/v2\/tags?post=61537"}],"curies":[{"name":"wp","href":"https:\/\/api.w.org\/{rel}","templated":true}]}}