{"id":61540,"date":"2015-09-01T09:28:00","date_gmt":"2015-09-01T12:28:00","guid":{"rendered":"http:\/\/www.eltrabajo.cl\/portal\/?p=61540"},"modified":"2015-09-01T09:28:00","modified_gmt":"2015-09-01T12:28:00","slug":"apoderada-de-jardin-infantil-denuncia-negligencia-por-lesion-que-sufrio-su-hija","status":"publish","type":"post","link":"https:\/\/eltrabajo.cl\/portal\/apoderada-de-jardin-infantil-denuncia-negligencia-por-lesion-que-sufrio-su-hija\/","title":{"rendered":"Apoderada de jard\u00edn infantil denuncia negligencia por lesi\u00f3n que sufri\u00f3 su hija"},"content":{"rendered":"<figure id=\"attachment_61541\" aria-describedby=\"caption-attachment-61541\" style=\"width: 300px\" class=\"wp-caption alignleft\"><a href=\"https:\/\/i0.wp.com\/www.eltrabajo.cl\/portal\/wp-content\/uploads\/2015\/09\/CARLA-FARIAS-DENUNCIA-JARDIN-INFANTIL.jpg\"><img data-recalc-dims=\"1\" loading=\"lazy\" decoding=\"async\" class=\"wp-image-61541 size-medium\" src=\"https:\/\/i0.wp.com\/www.eltrabajo.cl\/portal\/wp-content\/uploads\/2015\/09\/CARLA-FARIAS-DENUNCIA-JARDIN-INFANTIL-300x197.jpg?resize=300%2C197\" alt=\"Carla Far\u00edas, madre de la menor, acusa de negligencia al jard\u00edn luego que su peque\u00f1a hija sufriera una lesi\u00f3n en el transporte escolar del establecimiento.\" width=\"300\" height=\"197\" srcset=\"https:\/\/i0.wp.com\/eltrabajo.cl\/portal\/wp-content\/uploads\/2015\/09\/CARLA-FARIAS-DENUNCIA-JARDIN-INFANTIL.jpg?resize=300%2C197&amp;ssl=1 300w, https:\/\/i0.wp.com\/eltrabajo.cl\/portal\/wp-content\/uploads\/2015\/09\/CARLA-FARIAS-DENUNCIA-JARDIN-INFANTIL.jpg?resize=200%2C131&amp;ssl=1 200w, https:\/\/i0.wp.com\/eltrabajo.cl\/portal\/wp-content\/uploads\/2015\/09\/CARLA-FARIAS-DENUNCIA-JARDIN-INFANTIL.jpg?resize=228%2C150&amp;ssl=1 228w, https:\/\/i0.wp.com\/eltrabajo.cl\/portal\/wp-content\/uploads\/2015\/09\/CARLA-FARIAS-DENUNCIA-JARDIN-INFANTIL.jpg?resize=400%2C263&amp;ssl=1 400w, https:\/\/i0.wp.com\/eltrabajo.cl\/portal\/wp-content\/uploads\/2015\/09\/CARLA-FARIAS-DENUNCIA-JARDIN-INFANTIL.jpg?w=530&amp;ssl=1 530w\" sizes=\"auto, (max-width: 300px) 100vw, 300px\" \/><\/a><figcaption id=\"caption-attachment-61541\" class=\"wp-caption-text\">Carla Far\u00edas, madre de la menor, acusa de negligencia al jard\u00edn luego que su peque\u00f1a hija sufriera una lesi\u00f3n en el transporte escolar del establecimiento.<\/figcaption><\/figure>\n<p><strong>PUTAENDO<\/strong>.- Una grave denuncia en contra de la Sala Cuna y Jard\u00edn Infantil Pakar\u00edn, efectu\u00f3 Carla Far\u00edas Arancibia, quien acusa de negligencia al establecimiento luego que su peque\u00f1a hija de un a\u00f1o ocho meses resultara con una delicada lesi\u00f3n en el transporte escolar del recinto.<br \/>\nLa denunciante asegura que el 2 de julio del presente a\u00f1o, su hija fue dejada en su casa luego de asistir a la jornada diaria del Jard\u00edn Infantil Pakar\u00edn de El T\u00e1rtaro, donde fue recibida por la abuela de la menor de edad, quien se percat\u00f3 que la peque\u00f1a ven\u00eda llorando y presentaba una notoria protuberancia en su frente, raz\u00f3n por la cual la menor fue trasladada hasta el Servicio de Urgencia del Hospital San Antonio donde le realizaron radiograf\u00edas y descartaron una lesi\u00f3n de mayor consideraci\u00f3n, sin embargo, debi\u00f3 permanecer en reposo y con el golpe en evaluaci\u00f3n.<br \/>\nCarla Far\u00edas sostiene que cuando pidi\u00f3 una explicaci\u00f3n a la directora del Jard\u00edn Infantil Pakar\u00edn, esta \u00faltima entr\u00f3 en varias contradicciones y no supo relatar bien c\u00f3mo eventualmente a bordo del transporte escolar su hija termin\u00f3 con esa lesi\u00f3n en la frente.<\/p>\n<figure id=\"attachment_61542\" aria-describedby=\"caption-attachment-61542\" style=\"width: 300px\" class=\"wp-caption alignright\"><a href=\"https:\/\/i0.wp.com\/www.eltrabajo.cl\/portal\/wp-content\/uploads\/2015\/09\/DENUNCIA-JARDIN-INFANTIL.jpg\"><img data-recalc-dims=\"1\" loading=\"lazy\" decoding=\"async\" class=\"wp-image-61542 size-medium\" src=\"https:\/\/i0.wp.com\/www.eltrabajo.cl\/portal\/wp-content\/uploads\/2015\/09\/DENUNCIA-JARDIN-INFANTIL-300x197.jpg?resize=300%2C197\" alt=\"La menor de un a\u00f1o ocho meses qued\u00f3 con una lesi\u00f3n en la frente que la oblig\u00f3 a tener reposo y con el golpe en evaluaci\u00f3n\" width=\"300\" height=\"197\" srcset=\"https:\/\/i0.wp.com\/eltrabajo.cl\/portal\/wp-content\/uploads\/2015\/09\/DENUNCIA-JARDIN-INFANTIL.jpg?resize=300%2C197&amp;ssl=1 300w, https:\/\/i0.wp.com\/eltrabajo.cl\/portal\/wp-content\/uploads\/2015\/09\/DENUNCIA-JARDIN-INFANTIL.jpg?resize=200%2C131&amp;ssl=1 200w, https:\/\/i0.wp.com\/eltrabajo.cl\/portal\/wp-content\/uploads\/2015\/09\/DENUNCIA-JARDIN-INFANTIL.jpg?resize=228%2C150&amp;ssl=1 228w, https:\/\/i0.wp.com\/eltrabajo.cl\/portal\/wp-content\/uploads\/2015\/09\/DENUNCIA-JARDIN-INFANTIL.jpg?resize=400%2C263&amp;ssl=1 400w, https:\/\/i0.wp.com\/eltrabajo.cl\/portal\/wp-content\/uploads\/2015\/09\/DENUNCIA-JARDIN-INFANTIL.jpg?w=530&amp;ssl=1 530w\" sizes=\"auto, (max-width: 300px) 100vw, 300px\" \/><\/a><figcaption id=\"caption-attachment-61542\" class=\"wp-caption-text\">La menor de un a\u00f1o ocho meses qued\u00f3 con una lesi\u00f3n en la frente que la oblig\u00f3 a tener reposo y con el golpe en evaluaci\u00f3n<\/figcaption><\/figure>\n<p>La denunciante indic\u00f3 que acudi\u00f3 al Departamento de Educaci\u00f3n de Putaendo (Daem) y estamp\u00f3 la denuncia correspondiente, no obstante, precis\u00f3 que hasta la fecha y a pesar del compromiso del Director del Daem, no ha sido llamada ni considerada para informarle sobre los avances del sumario, a lo que se suma el hecho que le habr\u00edan cancelado la matr\u00edcula a su hija por haber faltado durante varios d\u00edas al Jard\u00edn Infantil, lo que calific\u00f3 como una discriminaci\u00f3n, debido a que la menor no fue enviada al establecimiento porque se encontraba en reposo, y luego por el temor que pudiese ocurrir un hecho de similares caracter\u00edsticas.<br \/>\nFar\u00edas puntualiz\u00f3 que incluso cuando decidi\u00f3 enviarla nuevamente al Jard\u00edn Pakar\u00edn, se qued\u00f3 esperando el transporte escolar que nunca pas\u00f3 por su vivienda, y s\u00f3lo cuando llam\u00f3 a la directora del recinto se enter\u00f3 que el cupo de su hija hab\u00eda sido entregado a otra menor.<br \/>\nConsultamos al Director del Daem de Putaendo, Patricio Moreno, quien clarific\u00f3 que efectivamente la menor de edad al no asistir durante un tiempo prolongado al Jard\u00edn Infantil Pakar\u00edn, y de acuerdo a la reglamentaci\u00f3n Junji, su cupo fue dado de baja y entregado a otra menor, asegurando que esta medida se adopt\u00f3 una vez que agotaron los medios para que la peque\u00f1a retomara su asistencia con normalidad, expresando adem\u00e1s que si hasta el momento no se ha reunido con la madre denunciante es porque el sumario a\u00fan est\u00e1 en curso, aunque reconoci\u00f3 que efectivamente el procedimiento fue mal adoptado por parte de la direcci\u00f3n del Jard\u00edn Infantil Pakarin.<br \/>\nAnte esta denuncia, en forma paralela, Elizabeth Menares, madre de una menor de edad que tambi\u00e9n asist\u00eda al Jard\u00edn Infantil Pakar\u00edn, y quien en enero de este a\u00f1o denunci\u00f3 que su hija fue agredida aparentemente por una funcionaria del establecimiento, critic\u00f3 duramente el actuar de la Municipalidad de Putaendo, manifestando que luego de ocho meses desde que ella hizo la denuncia por el caso de su hija, y a pesar de los compromisos adquiridos por el Daem y por el propio alcalde Guillermo Reyes, hasta la fecha nunca le han dado una explicaci\u00f3n, jam\u00e1s le informaron del sumario y toda la ayuda en cuanto a psic\u00f3logos para su hija ofrecida por el Daem nunca se concret\u00f3, por lo que debi\u00f3 costear de su bolsillo los gastos de la consulta de un psic\u00f3logo.<br \/>\n<strong>Patricio Gallardo M.<\/strong><\/p>\n","protected":false},"excerpt":{"rendered":"<p>PUTAENDO.- Una grave denuncia en contra de la Sala Cuna y Jard\u00edn Infantil Pakar\u00edn, efectu\u00f3 Carla Far\u00edas Arancibia, quien acusa de negligencia al establecimiento luego que su peque\u00f1a hija de un a\u00f1o&#8230;<\/p>\n","protected":false},"author":482,"featured_media":61541,"comment_status":"open","ping_status":"open","sticky":false,"template":"","format":"standard","meta":{"advanced_seo_description":"","jetpack_seo_html_title":"","jetpack_seo_noindex":false,"_jetpack_memberships_contains_paid_content":false,"footnotes":""},"categories":[1],"tags":[],"class_list":["post-61540","post","type-post","status-publish","format-standard","has-post-thumbnail","hentry","category-cronica"],"jetpack_featured_media_url":"https:\/\/i0.wp.com\/eltrabajo.cl\/portal\/wp-content\/uploads\/2015\/09\/CARLA-FARIAS-DENUNCIA-JARDIN-INFANTIL.jpg?fit=530%2C348&ssl=1","jetpack_sharing_enabled":true,"jetpack_likes_enabled":true,"jetpack-related-posts":[],"_links":{"self":[{"href":"https:\/\/eltrabajo.cl\/portal\/wp-json\/wp\/v2\/posts\/61540","targetHints":{"allow":["GET"]}}],"collection":[{"href":"https:\/\/eltrabajo.cl\/portal\/wp-json\/wp\/v2\/posts"}],"about":[{"href":"https:\/\/eltrabajo.cl\/portal\/wp-json\/wp\/v2\/types\/post"}],"author":[{"embeddable":true,"href":"https:\/\/eltrabajo.cl\/portal\/wp-json\/wp\/v2\/users\/482"}],"replies":[{"embeddable":true,"href":"https:\/\/eltrabajo.cl\/portal\/wp-json\/wp\/v2\/comments?post=61540"}],"version-history":[{"count":0,"href":"https:\/\/eltrabajo.cl\/portal\/wp-json\/wp\/v2\/posts\/61540\/revisions"}],"wp:featuredmedia":[{"embeddable":true,"href":"https:\/\/eltrabajo.cl\/portal\/wp-json\/wp\/v2\/media\/61541"}],"wp:attachment":[{"href":"https:\/\/eltrabajo.cl\/portal\/wp-json\/wp\/v2\/media?parent=61540"}],"wp:term":[{"taxonomy":"category","embeddable":true,"href":"https:\/\/eltrabajo.cl\/portal\/wp-json\/wp\/v2\/categories?post=61540"},{"taxonomy":"post_tag","embeddable":true,"href":"https:\/\/eltrabajo.cl\/portal\/wp-json\/wp\/v2\/tags?post=61540"}],"curies":[{"name":"wp","href":"https:\/\/api.w.org\/{rel}","templated":true}]}}