{"id":61544,"date":"2015-09-01T09:30:36","date_gmt":"2015-09-01T12:30:36","guid":{"rendered":"http:\/\/www.eltrabajo.cl\/portal\/?p=61544"},"modified":"2015-09-01T09:30:36","modified_gmt":"2015-09-01T12:30:36","slug":"iglesias-catolica-y-evangelicas-debaten-sobre-nueva-ley-de-aborto","status":"publish","type":"post","link":"https:\/\/eltrabajo.cl\/portal\/iglesias-catolica-y-evangelicas-debaten-sobre-nueva-ley-de-aborto\/","title":{"rendered":"Iglesias Cat\u00f3lica y Evang\u00e9licas debaten sobre nueva ley de aborto"},"content":{"rendered":"<figure id=\"attachment_61545\" aria-describedby=\"caption-attachment-61545\" style=\"width: 300px\" class=\"wp-caption alignleft\"><a href=\"https:\/\/i0.wp.com\/www.eltrabajo.cl\/portal\/wp-content\/uploads\/2015\/09\/acosta-Busnter-jensen.jpg\"><img data-recalc-dims=\"1\" loading=\"lazy\" decoding=\"async\" class=\"wp-image-61545 size-medium\" src=\"https:\/\/i0.wp.com\/www.eltrabajo.cl\/portal\/wp-content\/uploads\/2015\/09\/acosta-Busnter-jensen-300x198.jpg?resize=300%2C198\" alt=\"Los panelistas, Dr. Jorge Acosta, magister en bio\u00e9tica;  Elizabeth Bunster,  asistente social; Dr. Luis Jensen, ginec\u00f3logo.\" width=\"300\" height=\"198\" srcset=\"https:\/\/i0.wp.com\/eltrabajo.cl\/portal\/wp-content\/uploads\/2015\/09\/acosta-Busnter-jensen.jpg?resize=300%2C198&amp;ssl=1 300w, https:\/\/i0.wp.com\/eltrabajo.cl\/portal\/wp-content\/uploads\/2015\/09\/acosta-Busnter-jensen.jpg?resize=200%2C132&amp;ssl=1 200w, https:\/\/i0.wp.com\/eltrabajo.cl\/portal\/wp-content\/uploads\/2015\/09\/acosta-Busnter-jensen.jpg?resize=228%2C150&amp;ssl=1 228w, https:\/\/i0.wp.com\/eltrabajo.cl\/portal\/wp-content\/uploads\/2015\/09\/acosta-Busnter-jensen.jpg?resize=400%2C263&amp;ssl=1 400w, https:\/\/i0.wp.com\/eltrabajo.cl\/portal\/wp-content\/uploads\/2015\/09\/acosta-Busnter-jensen.jpg?w=530&amp;ssl=1 530w\" sizes=\"auto, (max-width: 300px) 100vw, 300px\" \/><\/a><figcaption id=\"caption-attachment-61545\" class=\"wp-caption-text\">Los panelistas, Dr. Jorge Acosta, magister en bio\u00e9tica; Elizabeth Bunster, asistente social; Dr. Luis Jensen, ginec\u00f3logo.<\/figcaption><\/figure>\n<ul>\n<li><strong>M\u00e1s de 150 personas participaron en el evento.<\/strong><\/li>\n<\/ul>\n<p>Una jornada de reflexi\u00f3n y debate en torno al proyecto de ley de aborto en tres causales que ha propuesto el Gobierno, realiz\u00f3 el pasado s\u00e1bado la Parroquia de La Asunci\u00f3n de Los Andes. El seminario se transform\u00f3 en un espacio para conocer los reales alcances del proyecto y una mirada desde el mundo cat\u00f3lico.<br \/>\nEl evento se realiz\u00f3 en el Auditorium del Instituto Chacabuco y cont\u00f3 con una gran concurrencia de diferentes comunidades de la ciudad de Los Andes, de las Iglesias Cat\u00f3lica y Evang\u00e9licas, quienes pudieron escuchar las exposiciones de destacados profesionales en los \u00e1mbitos de la Bio\u00e9tica, la Ginecolog\u00eda (Dr. Luis Jensen) y el Trabajo Social. El desarrollo del seminario se realiz\u00f3 en el contexto de respeto y consideraci\u00f3n por las personas que viven la realidad del aborto, quienes casi siempre se ven enfrentadas a situaciones de gran sufrimiento y las expone a decisiones extremadamente dif\u00edciles.<\/p>\n<figure id=\"attachment_61546\" aria-describedby=\"caption-attachment-61546\" style=\"width: 300px\" class=\"wp-caption alignright\"><a href=\"https:\/\/i0.wp.com\/www.eltrabajo.cl\/portal\/wp-content\/uploads\/2015\/09\/publico-seminario-aborto.jpg\"><img data-recalc-dims=\"1\" loading=\"lazy\" decoding=\"async\" class=\"wp-image-61546 size-medium\" src=\"https:\/\/i0.wp.com\/www.eltrabajo.cl\/portal\/wp-content\/uploads\/2015\/09\/publico-seminario-aborto-300x197.jpg?resize=300%2C197\" alt=\"Diferentes comunidades de Los Andes, de las Iglesias Cat\u00f3lica y Evang\u00e9licas, asistieron al seminario sobre el aborto.\" width=\"300\" height=\"197\" srcset=\"https:\/\/i0.wp.com\/eltrabajo.cl\/portal\/wp-content\/uploads\/2015\/09\/publico-seminario-aborto.jpg?resize=300%2C197&amp;ssl=1 300w, https:\/\/i0.wp.com\/eltrabajo.cl\/portal\/wp-content\/uploads\/2015\/09\/publico-seminario-aborto.jpg?resize=200%2C131&amp;ssl=1 200w, https:\/\/i0.wp.com\/eltrabajo.cl\/portal\/wp-content\/uploads\/2015\/09\/publico-seminario-aborto.jpg?resize=228%2C150&amp;ssl=1 228w, https:\/\/i0.wp.com\/eltrabajo.cl\/portal\/wp-content\/uploads\/2015\/09\/publico-seminario-aborto.jpg?resize=400%2C263&amp;ssl=1 400w, https:\/\/i0.wp.com\/eltrabajo.cl\/portal\/wp-content\/uploads\/2015\/09\/publico-seminario-aborto.jpg?w=530&amp;ssl=1 530w\" sizes=\"auto, (max-width: 300px) 100vw, 300px\" \/><\/a><figcaption id=\"caption-attachment-61546\" class=\"wp-caption-text\">Diferentes comunidades de Los Andes, de las Iglesias Cat\u00f3lica y Evang\u00e9licas, asistieron al seminario sobre el aborto.<\/figcaption><\/figure>\n<p>Una de las expositoras del evento, que fue transmitido por Radio Encuentro, fue la asistente social Elizabeth Busnter, directora del Proyecto Esperanza, el que se encarga de hacer un acompa\u00f1amiento pastoral, confidencial y gratuito, con herramientas psicoterap\u00e9uticas, a mujeres y hombres que han experimentado la p\u00e9rdida de un hijo antes de nacer, especialmente provocado por un aborto. La profesional se refiri\u00f3 principalmente a las secuelas y los s\u00edntomas post aborto en mujeres y hombres.<br \/>\nPor su parte, el Dr. Jorge Acosta, integrante del Instituto Res P\u00fablica, se\u00f1al\u00f3 que \u201choy oponerse al aborto no es popular. El aborto es la salida f\u00e1cil, porque el problema esencial es que hoy se ha instalado un debate falso y fr\u00edvolo, que no va al fondo del problema\u00bb.<\/p>\n","protected":false},"excerpt":{"rendered":"<p>M\u00e1s de 150 personas participaron en el evento. Una jornada de reflexi\u00f3n y debate en torno al proyecto de ley de aborto en tres causales que ha propuesto el Gobierno, realiz\u00f3 el&#8230;<\/p>\n","protected":false},"author":482,"featured_media":61545,"comment_status":"open","ping_status":"open","sticky":false,"template":"","format":"standard","meta":{"advanced_seo_description":"","jetpack_seo_html_title":"","jetpack_seo_noindex":false,"_jetpack_memberships_contains_paid_content":false,"footnotes":""},"categories":[1],"tags":[],"class_list":["post-61544","post","type-post","status-publish","format-standard","has-post-thumbnail","hentry","category-cronica"],"jetpack_featured_media_url":"https:\/\/i0.wp.com\/eltrabajo.cl\/portal\/wp-content\/uploads\/2015\/09\/acosta-Busnter-jensen.jpg?fit=530%2C349&ssl=1","jetpack_sharing_enabled":true,"jetpack_likes_enabled":true,"jetpack-related-posts":[],"_links":{"self":[{"href":"https:\/\/eltrabajo.cl\/portal\/wp-json\/wp\/v2\/posts\/61544","targetHints":{"allow":["GET"]}}],"collection":[{"href":"https:\/\/eltrabajo.cl\/portal\/wp-json\/wp\/v2\/posts"}],"about":[{"href":"https:\/\/eltrabajo.cl\/portal\/wp-json\/wp\/v2\/types\/post"}],"author":[{"embeddable":true,"href":"https:\/\/eltrabajo.cl\/portal\/wp-json\/wp\/v2\/users\/482"}],"replies":[{"embeddable":true,"href":"https:\/\/eltrabajo.cl\/portal\/wp-json\/wp\/v2\/comments?post=61544"}],"version-history":[{"count":0,"href":"https:\/\/eltrabajo.cl\/portal\/wp-json\/wp\/v2\/posts\/61544\/revisions"}],"wp:featuredmedia":[{"embeddable":true,"href":"https:\/\/eltrabajo.cl\/portal\/wp-json\/wp\/v2\/media\/61545"}],"wp:attachment":[{"href":"https:\/\/eltrabajo.cl\/portal\/wp-json\/wp\/v2\/media?parent=61544"}],"wp:term":[{"taxonomy":"category","embeddable":true,"href":"https:\/\/eltrabajo.cl\/portal\/wp-json\/wp\/v2\/categories?post=61544"},{"taxonomy":"post_tag","embeddable":true,"href":"https:\/\/eltrabajo.cl\/portal\/wp-json\/wp\/v2\/tags?post=61544"}],"curies":[{"name":"wp","href":"https:\/\/api.w.org\/{rel}","templated":true}]}}