{"id":61551,"date":"2015-09-01T09:33:59","date_gmt":"2015-09-01T12:33:59","guid":{"rendered":"http:\/\/www.eltrabajo.cl\/portal\/?p=61551"},"modified":"2015-09-01T23:17:17","modified_gmt":"2015-09-02T02:17:17","slug":"indignacion-provoca-selfie-que-se-habria-tomado-conductor-involucrado-en-muerte-del-querido-relator-javier-munoz","status":"publish","type":"post","link":"https:\/\/eltrabajo.cl\/portal\/indignacion-provoca-selfie-que-se-habria-tomado-conductor-involucrado-en-muerte-del-querido-relator-javier-munoz\/","title":{"rendered":"Indignaci\u00f3n provoca selfie que se habr\u00eda tomado conductor involucrado en muerte del querido relator Javier Mu\u00f1oz"},"content":{"rendered":"<figure id=\"attachment_61552\" aria-describedby=\"caption-attachment-61552\" style=\"width: 300px\" class=\"wp-caption alignleft\"><a href=\"https:\/\/i0.wp.com\/www.eltrabajo.cl\/portal\/wp-content\/uploads\/2015\/09\/SELFIE-IMPUTADO.jpg\"><img data-recalc-dims=\"1\" loading=\"lazy\" decoding=\"async\" class=\"wp-image-61552 size-medium\" src=\"https:\/\/i0.wp.com\/www.eltrabajo.cl\/portal\/wp-content\/uploads\/2015\/09\/SELFIE-IMPUTADO-300x197.jpg?resize=300%2C197\" alt=\"Esta imagen fue difundida intensamente por las redes sociales, en donde se ve aparentemente el d\u00eda viernes al joven que caus\u00f3 el accidente, conduciendo su auto y luciendo cerveza horas previas al fatal desenlace.\" width=\"300\" height=\"197\" srcset=\"https:\/\/i0.wp.com\/eltrabajo.cl\/portal\/wp-content\/uploads\/2015\/09\/SELFIE-IMPUTADO.jpg?resize=300%2C197&amp;ssl=1 300w, https:\/\/i0.wp.com\/eltrabajo.cl\/portal\/wp-content\/uploads\/2015\/09\/SELFIE-IMPUTADO.jpg?resize=200%2C131&amp;ssl=1 200w, https:\/\/i0.wp.com\/eltrabajo.cl\/portal\/wp-content\/uploads\/2015\/09\/SELFIE-IMPUTADO.jpg?resize=228%2C150&amp;ssl=1 228w, https:\/\/i0.wp.com\/eltrabajo.cl\/portal\/wp-content\/uploads\/2015\/09\/SELFIE-IMPUTADO.jpg?resize=400%2C263&amp;ssl=1 400w, https:\/\/i0.wp.com\/eltrabajo.cl\/portal\/wp-content\/uploads\/2015\/09\/SELFIE-IMPUTADO.jpg?w=530&amp;ssl=1 530w\" sizes=\"auto, (max-width: 300px) 100vw, 300px\" \/><\/a><figcaption id=\"caption-attachment-61552\" class=\"wp-caption-text\">Esta imagen fue difundida intensamente por las redes sociales, en donde se ve aparentemente el d\u00eda viernes al joven que caus\u00f3 el accidente, conduciendo su auto y luciendo cerveza horas previas al fatal desenlace.<\/figcaption><\/figure>\n<ul>\n<li><strong>Las redes sociales no perdonaron la fotograf\u00eda publicada en la aparente cuenta personal de Facebook del imputado que horas m\u00e1s tarde fue bloqueada tras el aborrecimiento que recibi\u00f3 por la muerte del destacado relator deportivo Javier Mu\u00f1oz Delgado.<\/strong><\/li>\n<\/ul>\n<p>Rabia e impotencia se ha generado en las redes sociales, debido a las supuestas fotograf\u00edas que individualizar\u00edan al conductor de 24 a\u00f1os de edad que colision\u00f3 a m\u00e1s de 180 km\/h. el veh\u00edculo en que se movilizaba el fallecido Hijo Ilustre y relator deportivo Javier Mu\u00f1oz Delgado. Su publicaci\u00f3n en internet habr\u00eda sido el mismo d\u00eda de los hechos, aunque la foto habr\u00eda sido tomada con anterioridad, en donde Diego Vera Pizarro aparece\u00a0conduciendo con una botella de cerveza en sus manos.<br \/>\nAunque la cuenta personal del aludido conductor fue bloqueada, los cibernautas indagaron para identificar al conductor catemino involucrado en el fatal accidente de Javier Mu\u00f1oz, extrayendo fotograf\u00edas en que se ve bebiendo alcohol y en otras exhibiendo el mismo autom\u00f3vil marca Hyundai que conduc\u00eda al momento de provocar la tragedia.<br \/>\nR\u00e1pidamente las fotograf\u00edas comenzaron a viralizarse en las redes sociales, en se\u00f1al de repudio por la responsabilidad que se le atribuye al joven que conduc\u00eda a exceso de velocidad y bajo los efectos del alcohol. Las consignas que se manifiestan en internet, se\u00f1alan que debe hacerse justicia ante la negligencia que caus\u00f3 el accidente de tr\u00e1nsito que enlut\u00f3 a todo San Felipe y dej\u00f3 a un pa\u00eds conmocionado por la noticia.<br \/>\nLo cierto es que Diego Esteban Vera Pizarro, a consecuencia del accidente, result\u00f3 con un traumatismo enc\u00e9falo craneano, m\u00faltiples heridas diagnosticadas por el m\u00e9dico de turno de car\u00e1cter grave, seg\u00fan lo consigna el parte policial de Carabineros.<br \/>\nEl pasado d\u00eda s\u00e1bado, el Fiscal Eduardo Fajardo formaliz\u00f3 al imputado en el mismo Hospital San Camilo, por conducci\u00f3n en estado de ebriedad con resultado de muerte, quedando bajo la cautelar de prisi\u00f3n preventiva dentro de los pr\u00f3ximos 90 d\u00edas para la investigaci\u00f3n del caso.<br \/>\nEl imputado que es residente en la comuna de Catemu, se encuentra en recuperaci\u00f3n de las lesiones en ese centro asistencial y ser\u00e1 custodiado por personal de Gendarmer\u00eda hasta ser dado de alta, donde deber\u00e1 ser trasladado hasta el Centro de Cumplimiento Penitenciario para cumplir la cautelar en la c\u00e1rcel, a la espera de juicio por este grave delito.<br \/>\nPor su parte la Comisario de Carabineros, Mayor Maureen Espinoza, confirm\u00f3 a Diario El Trabajo que el imputado conduc\u00eda bajo los efectos del alcohol al momento del accidente, se\u00f1alando que adem\u00e1s este individuo manten\u00eda vigente una causa por conducir ebrio el pasado mes de junio de este a\u00f1o.<br \/>\n\u201cEl Imputado pasa detenido por accidente de tr\u00e1nsito con resultado de muerte y seg\u00fan las circunstancias preliminares que lo estable la Siat de Carabineros, se establece que este conductor imputado Diego Esteban Vera Pizarro, de 24 a\u00f1os de edad, adem\u00e1s conduc\u00eda con una boleta de citaci\u00f3n vencida en el mes de junio, lo hac\u00eda en estado de ebriedad, a una velocidad no razonable y prudente, velocidad que no se ha estimado y que deber\u00e1 ser confirmado tras las pericias. Al tomar la curva pierde el control del m\u00f3vil obstruyendo el paso del tr\u00e1nsito en contrario de forma tal que colisiona al veh\u00edculo conducido por nuestro vecino lamentablemente fallecido\u201d.<br \/>\n<strong>&#8211; \u00bfCu\u00e1les son las lesiones del imputado?<\/strong><br \/>\n<strong>&#8211;<\/strong> Seg\u00fan la constataci\u00f3n de lesiones en el servicio de urgencias del Hospital San Camilo, ingres\u00f3 con un Traumatismo enc\u00e9falo craneano, heridas cortantes m\u00faltiples y ebriedad manifiesta de car\u00e1cter grave, quedando hospitalizado desde el d\u00eda s\u00e1bado.<br \/>\n<strong>&#8211; \u00bfEl conductor mantiene antecedentes delictuales?<\/strong><br \/>\n<strong>&#8211;<\/strong> \u00c9l mantiene una causa por una conducci\u00f3n bajo la influencia del alcohol del Juzgado de Garant\u00eda de La Calera, la mantiene desde el d\u00eda 7 de junio del 2015, todos los antecedentes fueron informados a la Fiscal\u00eda sobre la denuncia de estos hechos.<br \/>\n<strong>Pablo Salinas Sald\u00edas<\/strong><\/p>\n","protected":false},"excerpt":{"rendered":"<p>Las redes sociales no perdonaron la fotograf\u00eda publicada en la aparente cuenta personal de Facebook del imputado que horas m\u00e1s tarde fue bloqueada tras el aborrecimiento que recibi\u00f3 por la muerte del&#8230;<\/p>\n","protected":false},"author":482,"featured_media":61552,"comment_status":"open","ping_status":"open","sticky":false,"template":"","format":"standard","meta":{"advanced_seo_description":"","jetpack_seo_html_title":"","jetpack_seo_noindex":false,"_jetpack_memberships_contains_paid_content":false,"footnotes":""},"categories":[21],"tags":[],"class_list":["post-61551","post","type-post","status-publish","format-standard","has-post-thumbnail","hentry","category-policial"],"jetpack_featured_media_url":"https:\/\/i0.wp.com\/eltrabajo.cl\/portal\/wp-content\/uploads\/2015\/09\/SELFIE-IMPUTADO.jpg?fit=530%2C348&ssl=1","jetpack_sharing_enabled":true,"jetpack_likes_enabled":true,"jetpack-related-posts":[],"_links":{"self":[{"href":"https:\/\/eltrabajo.cl\/portal\/wp-json\/wp\/v2\/posts\/61551","targetHints":{"allow":["GET"]}}],"collection":[{"href":"https:\/\/eltrabajo.cl\/portal\/wp-json\/wp\/v2\/posts"}],"about":[{"href":"https:\/\/eltrabajo.cl\/portal\/wp-json\/wp\/v2\/types\/post"}],"author":[{"embeddable":true,"href":"https:\/\/eltrabajo.cl\/portal\/wp-json\/wp\/v2\/users\/482"}],"replies":[{"embeddable":true,"href":"https:\/\/eltrabajo.cl\/portal\/wp-json\/wp\/v2\/comments?post=61551"}],"version-history":[{"count":0,"href":"https:\/\/eltrabajo.cl\/portal\/wp-json\/wp\/v2\/posts\/61551\/revisions"}],"wp:featuredmedia":[{"embeddable":true,"href":"https:\/\/eltrabajo.cl\/portal\/wp-json\/wp\/v2\/media\/61552"}],"wp:attachment":[{"href":"https:\/\/eltrabajo.cl\/portal\/wp-json\/wp\/v2\/media?parent=61551"}],"wp:term":[{"taxonomy":"category","embeddable":true,"href":"https:\/\/eltrabajo.cl\/portal\/wp-json\/wp\/v2\/categories?post=61551"},{"taxonomy":"post_tag","embeddable":true,"href":"https:\/\/eltrabajo.cl\/portal\/wp-json\/wp\/v2\/tags?post=61551"}],"curies":[{"name":"wp","href":"https:\/\/api.w.org\/{rel}","templated":true}]}}