{"id":61554,"date":"2015-09-01T09:35:20","date_gmt":"2015-09-01T12:35:20","guid":{"rendered":"http:\/\/www.eltrabajo.cl\/portal\/?p=61554"},"modified":"2015-09-01T09:35:20","modified_gmt":"2015-09-01T12:35:20","slug":"adulto-mayor-fallece-de-un-infarto-tras-desplomarse-en-calle-coimas","status":"publish","type":"post","link":"https:\/\/eltrabajo.cl\/portal\/adulto-mayor-fallece-de-un-infarto-tras-desplomarse-en-calle-coimas\/","title":{"rendered":"Adulto mayor fallece de un infarto tras desplomarse en calle Coimas"},"content":{"rendered":"<figure id=\"attachment_61555\" aria-describedby=\"caption-attachment-61555\" style=\"width: 300px\" class=\"wp-caption alignleft\"><a href=\"https:\/\/i0.wp.com\/www.eltrabajo.cl\/portal\/wp-content\/uploads\/2015\/09\/Cuerpo1.jpg\"><img data-recalc-dims=\"1\" loading=\"lazy\" decoding=\"async\" class=\"wp-image-61555 size-medium\" src=\"https:\/\/i0.wp.com\/www.eltrabajo.cl\/portal\/wp-content\/uploads\/2015\/09\/Cuerpo1-300x197.jpg?resize=300%2C197\" alt=\"El adulto mayor falleci\u00f3 instant\u00e1neamente en calle Coimas a pasos de la Plaza de Armas de San Felipe causando conmoci\u00f3n entre los transe\u00fantes que lo asistieron. Al lugar se traslad\u00f3 personal de la PDI para las diligencias investigativas tras los sucesos.\" width=\"300\" height=\"197\" srcset=\"https:\/\/i0.wp.com\/eltrabajo.cl\/portal\/wp-content\/uploads\/2015\/09\/Cuerpo1.jpg?resize=300%2C197&amp;ssl=1 300w, https:\/\/i0.wp.com\/eltrabajo.cl\/portal\/wp-content\/uploads\/2015\/09\/Cuerpo1.jpg?resize=200%2C131&amp;ssl=1 200w, https:\/\/i0.wp.com\/eltrabajo.cl\/portal\/wp-content\/uploads\/2015\/09\/Cuerpo1.jpg?resize=228%2C150&amp;ssl=1 228w, https:\/\/i0.wp.com\/eltrabajo.cl\/portal\/wp-content\/uploads\/2015\/09\/Cuerpo1.jpg?resize=400%2C263&amp;ssl=1 400w, https:\/\/i0.wp.com\/eltrabajo.cl\/portal\/wp-content\/uploads\/2015\/09\/Cuerpo1.jpg?w=530&amp;ssl=1 530w\" sizes=\"auto, (max-width: 300px) 100vw, 300px\" \/><\/a><figcaption id=\"caption-attachment-61555\" class=\"wp-caption-text\">El adulto mayor falleci\u00f3 instant\u00e1neamente en calle Coimas a pasos de la Plaza de Armas de San Felipe causando conmoci\u00f3n entre los transe\u00fantes que lo asistieron. Al lugar se traslad\u00f3 personal de la PDI para las diligencias investigativas tras los sucesos.<\/figcaption><\/figure>\n<ul>\n<li><strong>Personal de la PDI realiz\u00f3 las diligencias correspondientes a establecer en primera instancia la sorpresiva y fulminante muerte que sufri\u00f3 un vecino de 79 a\u00f1os identificado como Oscar Osorio Caro en plena v\u00eda p\u00fablica.<\/strong><\/li>\n<\/ul>\n<p>Consternaci\u00f3n provoc\u00f3 entre los transe\u00fantes que se desplazaban por calle Coimas, a pasos de la Plaza de Armas de San Felipe, al advertir que un adulto mayor de 79 a\u00f1os de edad se desplom\u00f3, falleciendo instant\u00e1neamente al sufrir un paro cardiorrespiratorio, seg\u00fan la primera hip\u00f3tesis de la Polic\u00eda de Investigaciones.<br \/>\nLa situaci\u00f3n que alarm\u00f3 a los vecinos ocurri\u00f3 a eso de las 15:30 horas de ayer lunes, cuando el adulto mayor identificado como Oscar Osorio Caro, domiciliado en la comuna de San Felipe, se desplazaba por dicha arteria cuando sorpresivamente perdi\u00f3 el conocimiento cayendo directamente al suelo.<br \/>\nEn esos instantes, los transe\u00fantes que circulaban por ese lugar comenzaron a asistirlo, requiriendo auxilio al personal del Samu que concurrieron al lugar para aplicar mecanismos de reanimaci\u00f3n al paciente, sin embargo los profesionales constataron la muerte del adulto mayor.<br \/>\nEl protocolo oblig\u00f3 a dar paso a las diligencias de la Brigada de Homicidios de la Polic\u00eda de Investigaciones de Los Andes, quienes confirmaron el deceso del adulto mayor, aparentemente por un infarto, descartando la intervenci\u00f3n de terceras personas.<br \/>\nAs\u00ed lo inform\u00f3 a Diario El Trabajo, el Comisario Gino Guti\u00e9rrez: \u201cEl adulto mayor fue asistido por transe\u00fantes, se descarta la participaci\u00f3n de terceras personas. El cuerpo no presenta lesiones atribuibles a terceros; al lugar llegaron familiares y podr\u00eda corresponder a una enfermedad, la cual deber\u00eda establecer el Servicio M\u00e9dico Legal para determinar la causa basal precisa. En primera instancia podr\u00eda tratarse de un infarto que deber\u00e1 ser cotejada tras la autopsia, pero corresponder\u00eda a un paro card\u00edaco, alguna insuficiencia respiratoria o hemorragia interna producto de una enfermedad\u201d, precis\u00f3 el oficial policial.<br \/>\nEfectivos de la PDI contactaron a los familiares de la v\u00edctima quienes bastante consternados por la p\u00e9rdida irreparable del adulto mayor, entregaron algunos antecedentes a la polic\u00eda indicando que el occiso no estaba siendo tratado m\u00e9dicamente de alguna dolencia.<br \/>\nEl cuerpo del adulto mayor fue derivado al Servicio M\u00e9dico Legal para la pr\u00e1ctica de la correspondiente autopsia de rigor.<br \/>\n<strong>Pablo Salinas Sald\u00edas<\/strong><\/p>\n","protected":false},"excerpt":{"rendered":"<p>Personal de la PDI realiz\u00f3 las diligencias correspondientes a establecer en primera instancia la sorpresiva y fulminante muerte que sufri\u00f3 un vecino de 79 a\u00f1os identificado como Oscar Osorio Caro en plena&#8230;<\/p>\n","protected":false},"author":482,"featured_media":61555,"comment_status":"open","ping_status":"open","sticky":false,"template":"","format":"standard","meta":{"advanced_seo_description":"","jetpack_seo_html_title":"","jetpack_seo_noindex":false,"_jetpack_memberships_contains_paid_content":false,"footnotes":""},"categories":[21],"tags":[],"class_list":["post-61554","post","type-post","status-publish","format-standard","has-post-thumbnail","hentry","category-policial"],"jetpack_featured_media_url":"https:\/\/i0.wp.com\/eltrabajo.cl\/portal\/wp-content\/uploads\/2015\/09\/Cuerpo1.jpg?fit=530%2C348&ssl=1","jetpack_sharing_enabled":true,"jetpack_likes_enabled":true,"jetpack-related-posts":[],"_links":{"self":[{"href":"https:\/\/eltrabajo.cl\/portal\/wp-json\/wp\/v2\/posts\/61554","targetHints":{"allow":["GET"]}}],"collection":[{"href":"https:\/\/eltrabajo.cl\/portal\/wp-json\/wp\/v2\/posts"}],"about":[{"href":"https:\/\/eltrabajo.cl\/portal\/wp-json\/wp\/v2\/types\/post"}],"author":[{"embeddable":true,"href":"https:\/\/eltrabajo.cl\/portal\/wp-json\/wp\/v2\/users\/482"}],"replies":[{"embeddable":true,"href":"https:\/\/eltrabajo.cl\/portal\/wp-json\/wp\/v2\/comments?post=61554"}],"version-history":[{"count":0,"href":"https:\/\/eltrabajo.cl\/portal\/wp-json\/wp\/v2\/posts\/61554\/revisions"}],"wp:featuredmedia":[{"embeddable":true,"href":"https:\/\/eltrabajo.cl\/portal\/wp-json\/wp\/v2\/media\/61555"}],"wp:attachment":[{"href":"https:\/\/eltrabajo.cl\/portal\/wp-json\/wp\/v2\/media?parent=61554"}],"wp:term":[{"taxonomy":"category","embeddable":true,"href":"https:\/\/eltrabajo.cl\/portal\/wp-json\/wp\/v2\/categories?post=61554"},{"taxonomy":"post_tag","embeddable":true,"href":"https:\/\/eltrabajo.cl\/portal\/wp-json\/wp\/v2\/tags?post=61554"}],"curies":[{"name":"wp","href":"https:\/\/api.w.org\/{rel}","templated":true}]}}