{"id":61557,"date":"2015-09-01T09:39:55","date_gmt":"2015-09-01T12:39:55","guid":{"rendered":"http:\/\/www.eltrabajo.cl\/portal\/?p=61557"},"modified":"2015-09-01T09:39:55","modified_gmt":"2015-09-01T12:39:55","slug":"los-iracundos-visitan-por-vez-primera-el-valle-aconcagua","status":"publish","type":"post","link":"https:\/\/eltrabajo.cl\/portal\/los-iracundos-visitan-por-vez-primera-el-valle-aconcagua\/","title":{"rendered":"Los Iracundos visitan por vez primera el Valle Aconcagua"},"content":{"rendered":"<figure id=\"attachment_61558\" aria-describedby=\"caption-attachment-61558\" style=\"width: 300px\" class=\"wp-caption alignleft\"><a href=\"https:\/\/i0.wp.com\/www.eltrabajo.cl\/portal\/wp-content\/uploads\/2015\/09\/Iracundos1.jpg\"><img data-recalc-dims=\"1\" loading=\"lazy\" decoding=\"async\" class=\"wp-image-61558 size-medium\" src=\"https:\/\/i0.wp.com\/www.eltrabajo.cl\/portal\/wp-content\/uploads\/2015\/09\/Iracundos1-300x198.jpg?resize=300%2C198\" alt=\"IRACUNDOS ACTUALES.- Leonardo Franco como guitarrista permanente; Gianni Pibeta como primera voz (tiene apenas 19 a\u00f1os); Ad\u00e1n Franco, sobrino de Eduardo y 2\u00aa guitarra; Rub\u00e9n Aguilera es el tecladista; Sergio Sotomayor como baterista; \u00c1lvaro Paggi de bajista y Jorge Diluzio como sonidista.\" width=\"300\" height=\"198\" srcset=\"https:\/\/i0.wp.com\/eltrabajo.cl\/portal\/wp-content\/uploads\/2015\/09\/Iracundos1.jpg?resize=300%2C198&amp;ssl=1 300w, https:\/\/i0.wp.com\/eltrabajo.cl\/portal\/wp-content\/uploads\/2015\/09\/Iracundos1.jpg?resize=200%2C132&amp;ssl=1 200w, https:\/\/i0.wp.com\/eltrabajo.cl\/portal\/wp-content\/uploads\/2015\/09\/Iracundos1.jpg?resize=228%2C150&amp;ssl=1 228w, https:\/\/i0.wp.com\/eltrabajo.cl\/portal\/wp-content\/uploads\/2015\/09\/Iracundos1.jpg?resize=400%2C263&amp;ssl=1 400w, https:\/\/i0.wp.com\/eltrabajo.cl\/portal\/wp-content\/uploads\/2015\/09\/Iracundos1.jpg?w=530&amp;ssl=1 530w\" sizes=\"auto, (max-width: 300px) 100vw, 300px\" \/><\/a><figcaption id=\"caption-attachment-61558\" class=\"wp-caption-text\">IRACUNDOS ACTUALES.- Leonardo Franco como guitarrista permanente; Gianni Pibeta como primera voz (tiene apenas 19 a\u00f1os); Ad\u00e1n Franco, sobrino de Eduardo y 2\u00aa guitarra; Rub\u00e9n Aguilera es el tecladista; Sergio Sotomayor como baterista; \u00c1lvaro Paggi de bajista y Jorge Diluzio como sonidista.<\/figcaption><\/figure>\n<p>Por primera vez en su larga carrera art\u00edstica y con miras a hacer un cierre por Chile, de cara a su pr\u00f3xima gira por Am\u00e9rica Central, se presentaron la madrugada de este domingo en Casa Grande de Putaendo, el grupo musical quiz\u00e1 m\u00e1s importante de Latinoam\u00e9rica, Los Iracundos, proyecto art\u00edstico que se consolid\u00f3 como una banda de m\u00fasica popular y balada rom\u00e1ntica, originaria de la ciudad uruguaya de Paysand\u00fa.<br \/>\nOriginalmente, estuvo integrada por seis m\u00fasicos oriundos de Paysand\u00fa.<br \/>\nEl grupo se form\u00f3 en 1958 en Paysand\u00fa, Uruguay, y contaba con seis miembros. Inicialmente se autodenominaron los Blue Kings ya que en esa \u00e9poca estaban de moda los nombres en ingl\u00e9s; pero un profesor de m\u00fasica del colegio donde ellos asist\u00edan les dijo que optaran por un nombre en espa\u00f1ol, luego adoptaron el nombre de Los Iracundos, debido al ingreso a la poderosa disquera RCA V\u00edctor a Suram\u00e9rica.<\/p>\n<p><strong>LOS IRACUNDOS\u00a0PASADO Y PRESENTE<\/strong><br \/>\nEduardo Franco, \u2018Franco\u2019 (vocalista, compositor, arreglista fallecido); su hermano Leonardo Franco, \u2018Leoni\u2019 (primera guitarra); Juan Carlos Vel\u00e1zquez, \u2018Juano\u2019 (bater\u00eda); Juan Bosco Z\u00e1balo, \u2018Bosco\u2019 (segunda guitarra, fallecido); Hugo Burgue\u00f1o, \u2018Burgu\u00e9s\u2019 (bajo electr\u00f3nico, compositor y coros) y Jes\u00fas Mar\u00eda Febrero, \u2018Febro\u2019 (teclados, fallecido), fueron los seis integrantes originales del grupo.<br \/>\nLos integrantes del grupo actual est\u00e1n Leonardo Franco como guitarrista permanente; Gianni Pibeta como primera voz (tiene apenas 19 a\u00f1os); Ad\u00e1n Franco, sobrino de Eduardo y 2\u00aa guitarra; Rub\u00e9n Aguilera es el tecladista; Sergio Sotomayor como baterista; \u00c1lvaro Paggi de bajista y Jorge Diluzio.<br \/>\nDiario El Trabajo sostuvo una entrevista Exclusiva con dos integrantes del prestigioso grupo, primero hablamos con Leonardo Franco.<\/p>\n<p><strong>HOY CON LEONARDO<\/strong><br \/>\nEsta es la corta, pero directa entrevista ofrecida por Leonardo a Diario El Trabajo.<br \/>\n<strong>&#8211; Gracias por visitar Aconcagua, \u00bfcu\u00e1l es el mayor logro de Los Iracundos en este medio siglo de existencia?<\/strong><br \/>\n<strong>&#8211;<\/strong> El mejor logro de nuestra banda es haber podido llegar a todos los escenarios de Am\u00e9rica a lo largo de estos 50 a\u00f1os de trabajo, medio siglo de actuar para nuestro p\u00fablico con mucha alegr\u00eda.<br \/>\n<strong>&#8211; \u00bfQu\u00e9 pesan m\u00e1s, los a\u00f1os, o los \u00e9xitos a lo largo de su historia?<\/strong><br \/>\n<strong>&#8211;<\/strong> Nada pesa. La historia de Los Iracundos es muy larga como para poder contarla en dos minutos. Creo que cada vez estamos mejorando, es gracias a esos grandes temas que nos hicieron famosos que logramos gran aceptaci\u00f3n en tantos pa\u00edses.<br \/>\n<strong>&#8211; \u00bfQu\u00e9 viene para el pr\u00f3ximo a\u00f1o?<\/strong><br \/>\n<strong>&#8211;<\/strong> Para 2016 ya estamos preparando dos \u00e1lbumes, uno de ellos es \u201850 A\u00f1os de Los Iracundos N\u00ba2\u2019, y el otro es un \u00e1lbum in\u00e9dito, esperamos que tengan mucha aceptaci\u00f3n.<br \/>\n<strong>&#8211; \u00bfPalabras para los aconcag\u00fcinos que siempre tarareamos sus canciones?<\/strong><br \/>\n<strong>&#8211;<\/strong> Agradecer a tantos millones de personas que a lo largo de nuestra historia la preferencia que han tenido por nuestra m\u00fasica, a los aconcag\u00fcinos tambi\u00e9n quiero darles las gracias, sabemos que aqu\u00ed en Chile se nos quiere mucho, pues el tema Puerto Montt nos represent\u00f3 mucho r\u00e9dito en este bendito pa\u00eds.<\/p>\n<p><strong>UNA GRAN FAMILIA<\/strong><br \/>\nJorge Diluzio, el integrante con 45 a\u00f1os como sonidista de Los Iracundos, tambi\u00e9n supo agradecer a los aconcag\u00fcinos su preferencia.<br \/>\n\u00abHa sido una experiencia \u00fanica, dorada y para no olvidarse, con Los Iracundos he conocido Roma y muchos otros pa\u00edses, nuestra mejor \u00e9poca fue durante la d\u00e9cada de 1980, en un fin de semana llegamos a presentarnos siete veces. No tengo palabras para agradecer la bendici\u00f3n de ser parte de esta gran familia de artistas\u00bb, explic\u00f3 Diluzio a Diario El Trabajo.<br \/>\nLos artistas fueron anunciados durante varias horas, hasta que el p\u00fablico aclam\u00f3 a voces su presencia en el escenario, mismo que vibr\u00f3 con fuerza cuando Juan Hern\u00e1ndez, presentador oficial de Casa Grande, los anunci\u00f3 magistralmente.<\/p>\n<p><strong>S\u00d3LO CASA GRANDE<\/strong><br \/>\nOrlando Bustamante, due\u00f1o de Casa Grande, explic\u00f3 a nuestro medio que \u00abla idea de traer grupos de peso como Los Iracundos a nuestra provincia, la tom\u00e9 porque s\u00f3lo as\u00ed podemos seguir siendo l\u00edderes a nivel empresarial en lo referente al mundo de los espect\u00e1culos en nuestra zona, pues hay que reconocer que la competencia es dura, nuestros clientes se lo merecen y despu\u00e9s de las Fiestas Patrias daremos otras grandes sorpresas\u00bb, dijo el empresario.<br \/>\n<strong>Roberto Gonz\u00e1lez Short<\/strong><br \/>\n<strong>rgonzalez@eltrabajo.cl<\/strong><\/p>\n<div class=\"tiled-gallery type-rectangular tiled-gallery-unresized\" data-original-width=\"640\" data-carousel-extra='null' itemscope itemtype=\"http:\/\/schema.org\/ImageGallery\" > <div class=\"gallery-row\" style=\"width: 640px; height: 282px;\" data-original-width=\"640\" data-original-height=\"282\" > <div class=\"gallery-group images-1\" style=\"width: 427px; height: 282px;\" data-original-width=\"427\" data-original-height=\"282\" > <div class=\"tiled-gallery-item tiled-gallery-item-large\" itemprop=\"associatedMedia\" itemscope itemtype=\"http:\/\/schema.org\/ImageObject\"> <a href=\"https:\/\/eltrabajo.cl\/portal\/los-iracundos-visitan-por-vez-primera-el-valle-aconcagua\/leonardo-franco\/\" border=\"0\" itemprop=\"url\"> <meta itemprop=\"width\" content=\"423\"> <meta itemprop=\"height\" content=\"278\"> <img decoding=\"async\" class=\"\" data-attachment-id=\"61562\" data-orig-file=\"https:\/\/eltrabajo.cl\/portal\/wp-content\/uploads\/2015\/09\/Leonardo-Franco.jpg\" data-orig-size=\"530,348\" data-comments-opened=\"1\" data-image-meta=\"{&quot;aperture&quot;:&quot;0&quot;,&quot;credit&quot;:&quot;&quot;,&quot;camera&quot;:&quot;&quot;,&quot;caption&quot;:&quot;&quot;,&quot;created_timestamp&quot;:&quot;0&quot;,&quot;copyright&quot;:&quot;&quot;,&quot;focal_length&quot;:&quot;0&quot;,&quot;iso&quot;:&quot;0&quot;,&quot;shutter_speed&quot;:&quot;0&quot;,&quot;title&quot;:&quot;&quot;,&quot;orientation&quot;:&quot;0&quot;}\" data-image-title=\"Leonardo Franco\" data-image-description=\"&lt;p&gt;Leonardo Franco, fundador de Los Iracundos.&lt;\/p&gt; \" data-medium-file=\"https:\/\/i0.wp.com\/eltrabajo.cl\/portal\/wp-content\/uploads\/2015\/09\/Leonardo-Franco.jpg?fit=300%2C197&#038;ssl=1\" data-large-file=\"https:\/\/i0.wp.com\/eltrabajo.cl\/portal\/wp-content\/uploads\/2015\/09\/Leonardo-Franco.jpg?fit=530%2C348&#038;ssl=1\" src=\"https:\/\/i0.wp.com\/eltrabajo.cl\/portal\/wp-content\/uploads\/2015\/09\/Leonardo-Franco.jpg?w=423&#038;h=278&#038;ssl=1\" srcset=\"https:\/\/i0.wp.com\/eltrabajo.cl\/portal\/wp-content\/uploads\/2015\/09\/Leonardo-Franco.jpg?w=530&amp;ssl=1 530w, https:\/\/i0.wp.com\/eltrabajo.cl\/portal\/wp-content\/uploads\/2015\/09\/Leonardo-Franco.jpg?resize=200%2C131&amp;ssl=1 200w, https:\/\/i0.wp.com\/eltrabajo.cl\/portal\/wp-content\/uploads\/2015\/09\/Leonardo-Franco.jpg?resize=300%2C197&amp;ssl=1 300w, https:\/\/i0.wp.com\/eltrabajo.cl\/portal\/wp-content\/uploads\/2015\/09\/Leonardo-Franco.jpg?resize=228%2C150&amp;ssl=1 228w, https:\/\/i0.wp.com\/eltrabajo.cl\/portal\/wp-content\/uploads\/2015\/09\/Leonardo-Franco.jpg?resize=400%2C263&amp;ssl=1 400w\" width=\"423\" height=\"278\" loading=\"lazy\" data-original-width=\"423\" data-original-height=\"278\" itemprop=\"http:\/\/schema.org\/image\" title=\"Leonardo Franco\" alt=\"Leonardo Franco, fundador de Los Iracundos.\" style=\"width: 423px; height: 278px;\" \/> <\/a> <div class=\"tiled-gallery-caption\" itemprop=\"caption description\"> Leonardo Franco, fundador de Los Iracundos. <\/div> <\/div> <\/div> <!-- close group --> <div class=\"gallery-group images-2\" style=\"width: 213px; height: 282px;\" data-original-width=\"213\" data-original-height=\"282\" > <div class=\"tiled-gallery-item tiled-gallery-item-small\" itemprop=\"associatedMedia\" itemscope itemtype=\"http:\/\/schema.org\/ImageObject\"> <a href=\"https:\/\/eltrabajo.cl\/portal\/los-iracundos-visitan-por-vez-primera-el-valle-aconcagua\/diluzio1\/\" border=\"0\" itemprop=\"url\"> <meta itemprop=\"width\" content=\"209\"> <meta itemprop=\"height\" content=\"137\"> <img decoding=\"async\" class=\"\" data-attachment-id=\"61559\" data-orig-file=\"https:\/\/eltrabajo.cl\/portal\/wp-content\/uploads\/2015\/09\/Diluzio1.jpg\" data-orig-size=\"530,348\" data-comments-opened=\"1\" data-image-meta=\"{&quot;aperture&quot;:&quot;0&quot;,&quot;credit&quot;:&quot;&quot;,&quot;camera&quot;:&quot;&quot;,&quot;caption&quot;:&quot;&quot;,&quot;created_timestamp&quot;:&quot;0&quot;,&quot;copyright&quot;:&quot;&quot;,&quot;focal_length&quot;:&quot;0&quot;,&quot;iso&quot;:&quot;0&quot;,&quot;shutter_speed&quot;:&quot;0&quot;,&quot;title&quot;:&quot;&quot;,&quot;orientation&quot;:&quot;0&quot;}\" data-image-title=\"Diluzio1\" data-image-description=\"&lt;p&gt;Jorge Diluzio, sonidista de Los Iracundos desde hace 45 a\u00f1os.&lt;\/p&gt; \" data-medium-file=\"https:\/\/i0.wp.com\/eltrabajo.cl\/portal\/wp-content\/uploads\/2015\/09\/Diluzio1.jpg?fit=300%2C197&#038;ssl=1\" data-large-file=\"https:\/\/i0.wp.com\/eltrabajo.cl\/portal\/wp-content\/uploads\/2015\/09\/Diluzio1.jpg?fit=530%2C348&#038;ssl=1\" src=\"https:\/\/i0.wp.com\/eltrabajo.cl\/portal\/wp-content\/uploads\/2015\/09\/Diluzio1.jpg?w=209&#038;h=137&#038;ssl=1\" srcset=\"https:\/\/i0.wp.com\/eltrabajo.cl\/portal\/wp-content\/uploads\/2015\/09\/Diluzio1.jpg?w=530&amp;ssl=1 530w, https:\/\/i0.wp.com\/eltrabajo.cl\/portal\/wp-content\/uploads\/2015\/09\/Diluzio1.jpg?resize=200%2C131&amp;ssl=1 200w, https:\/\/i0.wp.com\/eltrabajo.cl\/portal\/wp-content\/uploads\/2015\/09\/Diluzio1.jpg?resize=300%2C197&amp;ssl=1 300w, https:\/\/i0.wp.com\/eltrabajo.cl\/portal\/wp-content\/uploads\/2015\/09\/Diluzio1.jpg?resize=228%2C150&amp;ssl=1 228w, https:\/\/i0.wp.com\/eltrabajo.cl\/portal\/wp-content\/uploads\/2015\/09\/Diluzio1.jpg?resize=400%2C263&amp;ssl=1 400w\" width=\"209\" height=\"137\" loading=\"lazy\" data-original-width=\"209\" data-original-height=\"137\" itemprop=\"http:\/\/schema.org\/image\" title=\"Diluzio1\" alt=\"Jorge Diluzio, sonidista de Los Iracundos desde hace 45 a\u00f1os.\" style=\"width: 209px; height: 137px;\" \/> <\/a> <div class=\"tiled-gallery-caption\" itemprop=\"caption description\"> Jorge Diluzio, sonidista de Los Iracundos desde hace 45 a\u00f1os. <\/div> <\/div> <div class=\"tiled-gallery-item tiled-gallery-item-small\" itemprop=\"associatedMedia\" itemscope itemtype=\"http:\/\/schema.org\/ImageObject\"> <a href=\"https:\/\/eltrabajo.cl\/portal\/los-iracundos-visitan-por-vez-primera-el-valle-aconcagua\/juan-hernandez\/\" border=\"0\" itemprop=\"url\"> <meta itemprop=\"width\" content=\"209\"> <meta itemprop=\"height\" content=\"137\"> <img decoding=\"async\" class=\"\" data-attachment-id=\"61561\" data-orig-file=\"https:\/\/eltrabajo.cl\/portal\/wp-content\/uploads\/2015\/09\/Juan-Hernandez.jpg\" data-orig-size=\"530,348\" data-comments-opened=\"1\" data-image-meta=\"{&quot;aperture&quot;:&quot;0&quot;,&quot;credit&quot;:&quot;&quot;,&quot;camera&quot;:&quot;&quot;,&quot;caption&quot;:&quot;&quot;,&quot;created_timestamp&quot;:&quot;0&quot;,&quot;copyright&quot;:&quot;&quot;,&quot;focal_length&quot;:&quot;0&quot;,&quot;iso&quot;:&quot;0&quot;,&quot;shutter_speed&quot;:&quot;0&quot;,&quot;title&quot;:&quot;&quot;,&quot;orientation&quot;:&quot;0&quot;}\" data-image-title=\"Juan Hernandez\" data-image-description=\"&lt;p&gt;Juan Hern\u00e1ndez, presentador oficial de Casa Grande Putaendo.&lt;\/p&gt; \" data-medium-file=\"https:\/\/i0.wp.com\/eltrabajo.cl\/portal\/wp-content\/uploads\/2015\/09\/Juan-Hernandez.jpg?fit=300%2C197&#038;ssl=1\" data-large-file=\"https:\/\/i0.wp.com\/eltrabajo.cl\/portal\/wp-content\/uploads\/2015\/09\/Juan-Hernandez.jpg?fit=530%2C348&#038;ssl=1\" src=\"https:\/\/i0.wp.com\/eltrabajo.cl\/portal\/wp-content\/uploads\/2015\/09\/Juan-Hernandez.jpg?w=209&#038;h=137&#038;ssl=1\" srcset=\"https:\/\/i0.wp.com\/eltrabajo.cl\/portal\/wp-content\/uploads\/2015\/09\/Juan-Hernandez.jpg?w=530&amp;ssl=1 530w, https:\/\/i0.wp.com\/eltrabajo.cl\/portal\/wp-content\/uploads\/2015\/09\/Juan-Hernandez.jpg?resize=200%2C131&amp;ssl=1 200w, https:\/\/i0.wp.com\/eltrabajo.cl\/portal\/wp-content\/uploads\/2015\/09\/Juan-Hernandez.jpg?resize=300%2C197&amp;ssl=1 300w, https:\/\/i0.wp.com\/eltrabajo.cl\/portal\/wp-content\/uploads\/2015\/09\/Juan-Hernandez.jpg?resize=228%2C150&amp;ssl=1 228w, https:\/\/i0.wp.com\/eltrabajo.cl\/portal\/wp-content\/uploads\/2015\/09\/Juan-Hernandez.jpg?resize=400%2C263&amp;ssl=1 400w\" width=\"209\" height=\"137\" loading=\"lazy\" data-original-width=\"209\" data-original-height=\"137\" itemprop=\"http:\/\/schema.org\/image\" title=\"Juan Hernandez\" alt=\"Juan Hern\u00e1ndez, presentador oficial de Casa Grande Putaendo.\" style=\"width: 209px; height: 137px;\" \/> <\/a> <div class=\"tiled-gallery-caption\" itemprop=\"caption description\"> Juan Hern\u00e1ndez, presentador oficial de Casa Grande Putaendo. <\/div> <\/div> <\/div> <!-- close group --> <\/div> <!-- close row --> <div class=\"gallery-row\" style=\"width: 640px; height: 422px;\" data-original-width=\"640\" data-original-height=\"422\" > <div class=\"gallery-group images-1\" style=\"width: 640px; height: 422px;\" data-original-width=\"640\" data-original-height=\"422\" > <div class=\"tiled-gallery-item tiled-gallery-item-large\" itemprop=\"associatedMedia\" itemscope itemtype=\"http:\/\/schema.org\/ImageObject\"> <a href=\"https:\/\/eltrabajo.cl\/portal\/los-iracundos-visitan-por-vez-primera-el-valle-aconcagua\/iracundos2\/\" border=\"0\" itemprop=\"url\"> <meta itemprop=\"width\" content=\"636\"> <meta itemprop=\"height\" content=\"418\"> <img decoding=\"async\" class=\"\" data-attachment-id=\"61560\" data-orig-file=\"https:\/\/eltrabajo.cl\/portal\/wp-content\/uploads\/2015\/09\/Iracundos2.jpg\" data-orig-size=\"530,348\" data-comments-opened=\"1\" data-image-meta=\"{&quot;aperture&quot;:&quot;0&quot;,&quot;credit&quot;:&quot;&quot;,&quot;camera&quot;:&quot;&quot;,&quot;caption&quot;:&quot;&quot;,&quot;created_timestamp&quot;:&quot;0&quot;,&quot;copyright&quot;:&quot;&quot;,&quot;focal_length&quot;:&quot;0&quot;,&quot;iso&quot;:&quot;0&quot;,&quot;shutter_speed&quot;:&quot;0&quot;,&quot;title&quot;:&quot;&quot;,&quot;orientation&quot;:&quot;0&quot;}\" data-image-title=\"Iracundos2\" data-image-description=\"&lt;p&gt;LOS FUNDADORES.- Eduardo Franco, \u2018Franco\u2019 (vocalista, compositor, arreglista fallecido), su hermano Leonardo Franco, \u2018Leoni\u2019 (primera guitarra), Juan Carlos Vel\u00e1zquez, \u2018Juano\u2019 (bater\u00eda), Juan Bosco Z\u00e1balo, \u2018Bosco\u2019 (segunda guitarra, fallecido), Hugo Burgue\u00f1o, \u2018Burgu\u00e9s\u2019 (bajo electr\u00f3nico, compositor y coros) y Jes\u00fas Mar\u00eda Febrero, \u2018Febro\u2019 (teclados, fallecido), fueron los seis integrantes originales del grupo.&lt;\/p&gt; \" data-medium-file=\"https:\/\/i0.wp.com\/eltrabajo.cl\/portal\/wp-content\/uploads\/2015\/09\/Iracundos2.jpg?fit=300%2C197&#038;ssl=1\" data-large-file=\"https:\/\/i0.wp.com\/eltrabajo.cl\/portal\/wp-content\/uploads\/2015\/09\/Iracundos2.jpg?fit=530%2C348&#038;ssl=1\" src=\"https:\/\/i0.wp.com\/eltrabajo.cl\/portal\/wp-content\/uploads\/2015\/09\/Iracundos2.jpg?w=636&#038;h=418&#038;ssl=1\" srcset=\"https:\/\/i0.wp.com\/eltrabajo.cl\/portal\/wp-content\/uploads\/2015\/09\/Iracundos2.jpg?w=530&amp;ssl=1 530w, https:\/\/i0.wp.com\/eltrabajo.cl\/portal\/wp-content\/uploads\/2015\/09\/Iracundos2.jpg?resize=200%2C131&amp;ssl=1 200w, https:\/\/i0.wp.com\/eltrabajo.cl\/portal\/wp-content\/uploads\/2015\/09\/Iracundos2.jpg?resize=300%2C197&amp;ssl=1 300w, https:\/\/i0.wp.com\/eltrabajo.cl\/portal\/wp-content\/uploads\/2015\/09\/Iracundos2.jpg?resize=228%2C150&amp;ssl=1 228w, https:\/\/i0.wp.com\/eltrabajo.cl\/portal\/wp-content\/uploads\/2015\/09\/Iracundos2.jpg?resize=400%2C263&amp;ssl=1 400w\" width=\"636\" height=\"418\" loading=\"lazy\" data-original-width=\"636\" data-original-height=\"418\" itemprop=\"http:\/\/schema.org\/image\" title=\"Iracundos2\" alt=\"LOS FUNDADORES.- Eduardo Franco, \u2018Franco\u2019 (vocalista, compositor, arreglista fallecido), su hermano Leonardo Franco, \u2018Leoni\u2019 (primera guitarra), Juan Carlos Vel\u00e1zquez, \u2018Juano\u2019 (bater\u00eda), Juan Bosco Z\u00e1balo, \u2018Bosco\u2019 (segunda guitarra, fallecido), Hugo Burgue\u00f1o, \u2018Burgu\u00e9s\u2019 (bajo electr\u00f3nico, compositor y coros) y Jes\u00fas Mar\u00eda Febrero, \u2018Febro\u2019 (teclados, fallecido), fueron los seis integrantes originales del grupo.\" style=\"width: 636px; height: 418px;\" \/> <\/a> <div class=\"tiled-gallery-caption\" itemprop=\"caption description\"> LOS FUNDADORES.- Eduardo Franco, \u2018Franco\u2019 (vocalista, compositor, arreglista fallecido), su hermano Leonardo Franco, \u2018Leoni\u2019 (primera guitarra), Juan Carlos Vel\u00e1zquez, \u2018Juano\u2019 (bater\u00eda), Juan Bosco Z\u00e1balo, \u2018Bosco\u2019 (segunda guitarra, fallecido), Hugo Burgue\u00f1o, \u2018Burgu\u00e9s\u2019 (bajo electr\u00f3nico, compositor y coros) y Jes\u00fas Mar\u00eda Febrero, \u2018Febro\u2019 (teclados, fallecido), fueron los seis integrantes originales del grupo. <\/div> <\/div> <\/div> <!-- close group --> <\/div> <!-- close row --> <\/div>\n","protected":false},"excerpt":{"rendered":"<p>Por primera vez en su larga carrera art\u00edstica y con miras a hacer un cierre por Chile, de cara a su pr\u00f3xima gira por Am\u00e9rica Central, se presentaron la madrugada de este&#8230;<\/p>\n","protected":false},"author":482,"featured_media":61558,"comment_status":"open","ping_status":"open","sticky":false,"template":"","format":"standard","meta":{"advanced_seo_description":"","jetpack_seo_html_title":"","jetpack_seo_noindex":false,"_jetpack_memberships_contains_paid_content":false,"footnotes":""},"categories":[15],"tags":[],"class_list":["post-61557","post","type-post","status-publish","format-standard","has-post-thumbnail","hentry","category-comunidad"],"jetpack_featured_media_url":"https:\/\/i0.wp.com\/eltrabajo.cl\/portal\/wp-content\/uploads\/2015\/09\/Iracundos1.jpg?fit=530%2C349&ssl=1","jetpack_sharing_enabled":true,"jetpack_likes_enabled":true,"jetpack-related-posts":[],"_links":{"self":[{"href":"https:\/\/eltrabajo.cl\/portal\/wp-json\/wp\/v2\/posts\/61557","targetHints":{"allow":["GET"]}}],"collection":[{"href":"https:\/\/eltrabajo.cl\/portal\/wp-json\/wp\/v2\/posts"}],"about":[{"href":"https:\/\/eltrabajo.cl\/portal\/wp-json\/wp\/v2\/types\/post"}],"author":[{"embeddable":true,"href":"https:\/\/eltrabajo.cl\/portal\/wp-json\/wp\/v2\/users\/482"}],"replies":[{"embeddable":true,"href":"https:\/\/eltrabajo.cl\/portal\/wp-json\/wp\/v2\/comments?post=61557"}],"version-history":[{"count":0,"href":"https:\/\/eltrabajo.cl\/portal\/wp-json\/wp\/v2\/posts\/61557\/revisions"}],"wp:featuredmedia":[{"embeddable":true,"href":"https:\/\/eltrabajo.cl\/portal\/wp-json\/wp\/v2\/media\/61558"}],"wp:attachment":[{"href":"https:\/\/eltrabajo.cl\/portal\/wp-json\/wp\/v2\/media?parent=61557"}],"wp:term":[{"taxonomy":"category","embeddable":true,"href":"https:\/\/eltrabajo.cl\/portal\/wp-json\/wp\/v2\/categories?post=61557"},{"taxonomy":"post_tag","embeddable":true,"href":"https:\/\/eltrabajo.cl\/portal\/wp-json\/wp\/v2\/tags?post=61557"}],"curies":[{"name":"wp","href":"https:\/\/api.w.org\/{rel}","templated":true}]}}