{"id":61567,"date":"2015-09-02T09:26:27","date_gmt":"2015-09-02T12:26:27","guid":{"rendered":"http:\/\/www.eltrabajo.cl\/portal\/?p=61567"},"modified":"2015-09-02T09:26:27","modified_gmt":"2015-09-02T12:26:27","slug":"inician-programa-de-formacion-de-monitores-en-prevencion-de-violencia-contra-la-mujer","status":"publish","type":"post","link":"https:\/\/eltrabajo.cl\/portal\/inician-programa-de-formacion-de-monitores-en-prevencion-de-violencia-contra-la-mujer\/","title":{"rendered":"Inician programa de formaci\u00f3n de monitores en prevenci\u00f3n de violencia contra la mujer"},"content":{"rendered":"<figure id=\"attachment_61568\" aria-describedby=\"caption-attachment-61568\" style=\"width: 300px\" class=\"wp-caption alignleft\"><a href=\"https:\/\/i0.wp.com\/www.eltrabajo.cl\/portal\/wp-content\/uploads\/2015\/09\/Inicio-curso-monitores-Los-Andes.jpg\"><img data-recalc-dims=\"1\" loading=\"lazy\" decoding=\"async\" class=\"wp-image-61568 size-medium\" src=\"https:\/\/i0.wp.com\/www.eltrabajo.cl\/portal\/wp-content\/uploads\/2015\/09\/Inicio-curso-monitores-Los-Andes-300x198.jpg?resize=300%2C198\" alt=\"La gobernadora Mar\u00eda Victoria Rodr\u00edguez particip\u00f3 del inicio del curso de formaci\u00f3n de monitores comunitarios en prevenci\u00f3n de violencias contra las mujeres.\" width=\"300\" height=\"198\" srcset=\"https:\/\/i0.wp.com\/eltrabajo.cl\/portal\/wp-content\/uploads\/2015\/09\/Inicio-curso-monitores-Los-Andes.jpg?resize=300%2C198&amp;ssl=1 300w, https:\/\/i0.wp.com\/eltrabajo.cl\/portal\/wp-content\/uploads\/2015\/09\/Inicio-curso-monitores-Los-Andes.jpg?resize=200%2C132&amp;ssl=1 200w, https:\/\/i0.wp.com\/eltrabajo.cl\/portal\/wp-content\/uploads\/2015\/09\/Inicio-curso-monitores-Los-Andes.jpg?resize=227%2C150&amp;ssl=1 227w, https:\/\/i0.wp.com\/eltrabajo.cl\/portal\/wp-content\/uploads\/2015\/09\/Inicio-curso-monitores-Los-Andes.jpg?resize=400%2C264&amp;ssl=1 400w, https:\/\/i0.wp.com\/eltrabajo.cl\/portal\/wp-content\/uploads\/2015\/09\/Inicio-curso-monitores-Los-Andes.jpg?w=530&amp;ssl=1 530w\" sizes=\"auto, (max-width: 300px) 100vw, 300px\" \/><\/a><figcaption id=\"caption-attachment-61568\" class=\"wp-caption-text\">La gobernadora Mar\u00eda Victoria Rodr\u00edguez particip\u00f3 del inicio del curso de formaci\u00f3n de monitores comunitarios en prevenci\u00f3n de violencias contra las mujeres.<\/figcaption><\/figure>\n<p><strong>LOS ANDES.<\/strong>&#8211; El Centro de la Mujer dio inicio al curso de formaci\u00f3n de monitores comunitarios en prevenci\u00f3n de violencias contra las mujeres en la gobernaci\u00f3n provincial, este curso est\u00e1 dirigido a dirigentes y referentes sociales de las cuatro comunas de la provincia, destacando la participaci\u00f3n de las Uniones comunales de las juntas de vecinos, adulto mayor, cruz roja, uni\u00f3n comunal de mujeres entre otras.<br \/>\nCabe recordar que en mayo del a\u00f1o 2014 el Estado de Chile suscribi\u00f3 la Declaraci\u00f3n de Pachuca, en la que se compromete a fortalecer los esfuerzos para prevenir la violencia contra las mujeres. Es por ello, que dentro del programa de gobierno de la Presidenta Michelle Bachelet, se instaura la Agenda de g\u00e9nero (2014-2018) la cual incluye la instalaci\u00f3n de este programa de formaci\u00f3n.<br \/>\nEs importante se\u00f1alar que la provincia de Los Andes es una de las primeras en cumplir la realizaci\u00f3n de este mandato presidencial, el cual se realizar\u00e1 en cuatro jornadas.<br \/>\nLa gobernadora provincial de Los Andes, Mar\u00eda Victoria Rodr\u00edguez se\u00f1al\u00f3 que \u201cestamos iniciando las jornadas de capacitaci\u00f3n y formaci\u00f3n de monitores comunitarios con el fin de prevenir la violencia contra las mujeres, fomentando la participaci\u00f3n ciudadana y promoviendo la preocupaci\u00f3n social, tal como lo ha se\u00f1alado la Presidenta\u201d.<br \/>\nLa violencia contra las mujeres, no es un problema solo del estado, sino que de la sociedad en su conjunto y para poder erradicarla es necesario el compromiso de todas y todos, para as\u00ed generar un cambio en los patrones culturales que no solo normalizan la violencia sino que adem\u00e1s posibilita las desigualdades entre hombres y mujeres.<\/p>\n","protected":false},"excerpt":{"rendered":"<p>LOS ANDES.&#8211; El Centro de la Mujer dio inicio al curso de formaci\u00f3n de monitores comunitarios en prevenci\u00f3n de violencias contra las mujeres en la gobernaci\u00f3n provincial, este curso est\u00e1 dirigido a&#8230;<\/p>\n","protected":false},"author":482,"featured_media":61568,"comment_status":"open","ping_status":"open","sticky":false,"template":"","format":"standard","meta":{"advanced_seo_description":"","jetpack_seo_html_title":"","jetpack_seo_noindex":false,"_jetpack_memberships_contains_paid_content":false,"footnotes":""},"categories":[1],"tags":[],"class_list":["post-61567","post","type-post","status-publish","format-standard","has-post-thumbnail","hentry","category-cronica"],"jetpack_featured_media_url":"https:\/\/i0.wp.com\/eltrabajo.cl\/portal\/wp-content\/uploads\/2015\/09\/Inicio-curso-monitores-Los-Andes.jpg?fit=530%2C350&ssl=1","jetpack_sharing_enabled":true,"jetpack_likes_enabled":true,"jetpack-related-posts":[],"_links":{"self":[{"href":"https:\/\/eltrabajo.cl\/portal\/wp-json\/wp\/v2\/posts\/61567","targetHints":{"allow":["GET"]}}],"collection":[{"href":"https:\/\/eltrabajo.cl\/portal\/wp-json\/wp\/v2\/posts"}],"about":[{"href":"https:\/\/eltrabajo.cl\/portal\/wp-json\/wp\/v2\/types\/post"}],"author":[{"embeddable":true,"href":"https:\/\/eltrabajo.cl\/portal\/wp-json\/wp\/v2\/users\/482"}],"replies":[{"embeddable":true,"href":"https:\/\/eltrabajo.cl\/portal\/wp-json\/wp\/v2\/comments?post=61567"}],"version-history":[{"count":0,"href":"https:\/\/eltrabajo.cl\/portal\/wp-json\/wp\/v2\/posts\/61567\/revisions"}],"wp:featuredmedia":[{"embeddable":true,"href":"https:\/\/eltrabajo.cl\/portal\/wp-json\/wp\/v2\/media\/61568"}],"wp:attachment":[{"href":"https:\/\/eltrabajo.cl\/portal\/wp-json\/wp\/v2\/media?parent=61567"}],"wp:term":[{"taxonomy":"category","embeddable":true,"href":"https:\/\/eltrabajo.cl\/portal\/wp-json\/wp\/v2\/categories?post=61567"},{"taxonomy":"post_tag","embeddable":true,"href":"https:\/\/eltrabajo.cl\/portal\/wp-json\/wp\/v2\/tags?post=61567"}],"curies":[{"name":"wp","href":"https:\/\/api.w.org\/{rel}","templated":true}]}}