{"id":61570,"date":"2015-09-02T09:27:48","date_gmt":"2015-09-02T12:27:48","guid":{"rendered":"http:\/\/www.eltrabajo.cl\/portal\/?p=61570"},"modified":"2015-09-02T09:27:48","modified_gmt":"2015-09-02T12:27:48","slug":"rehabilitan-tranque-en-piguchen-que-beneficiara-a-140-agricultores","status":"publish","type":"post","link":"https:\/\/eltrabajo.cl\/portal\/rehabilitan-tranque-en-piguchen-que-beneficiara-a-140-agricultores\/","title":{"rendered":"Rehabilitan tranque en Piguch\u00e9n que beneficiar\u00e1 a 140 agricultores"},"content":{"rendered":"<figure id=\"attachment_61571\" aria-describedby=\"caption-attachment-61571\" style=\"width: 300px\" class=\"wp-caption alignleft\"><a href=\"https:\/\/i0.wp.com\/www.eltrabajo.cl\/portal\/wp-content\/uploads\/2015\/09\/tranque-piguchen.jpg\"><img data-recalc-dims=\"1\" loading=\"lazy\" decoding=\"async\" class=\"wp-image-61571 size-medium\" src=\"https:\/\/i0.wp.com\/www.eltrabajo.cl\/portal\/wp-content\/uploads\/2015\/09\/tranque-piguchen-300x198.jpg?resize=300%2C198\" alt=\"A la ceremonia de inauguraci\u00f3n del tranque asistieron diversas autoridades locales y provinciales.\" width=\"300\" height=\"198\" srcset=\"https:\/\/i0.wp.com\/eltrabajo.cl\/portal\/wp-content\/uploads\/2015\/09\/tranque-piguchen.jpg?resize=300%2C198&amp;ssl=1 300w, https:\/\/i0.wp.com\/eltrabajo.cl\/portal\/wp-content\/uploads\/2015\/09\/tranque-piguchen.jpg?resize=200%2C132&amp;ssl=1 200w, https:\/\/i0.wp.com\/eltrabajo.cl\/portal\/wp-content\/uploads\/2015\/09\/tranque-piguchen.jpg?resize=227%2C150&amp;ssl=1 227w, https:\/\/i0.wp.com\/eltrabajo.cl\/portal\/wp-content\/uploads\/2015\/09\/tranque-piguchen.jpg?resize=400%2C264&amp;ssl=1 400w, https:\/\/i0.wp.com\/eltrabajo.cl\/portal\/wp-content\/uploads\/2015\/09\/tranque-piguchen.jpg?w=530&amp;ssl=1 530w\" sizes=\"auto, (max-width: 300px) 100vw, 300px\" \/><\/a><figcaption id=\"caption-attachment-61571\" class=\"wp-caption-text\">A la ceremonia de inauguraci\u00f3n del tranque asistieron diversas autoridades locales y provinciales.<\/figcaption><\/figure>\n<ul>\n<li><strong>Proyecto que se concret\u00f3 gracias al convenio entre Indap y el Gobierno Regional es el primer embalse de la Reforma Agraria que se recupera en Putaendo.<\/strong><\/li>\n<\/ul>\n<p>60 mil metros c\u00fabicos de agua es el volumen que puede almacenar el reci\u00e9n rehabilitado tranque Piguch\u00e9n en la comuna de Putaendo. La obra se concret\u00f3 gracias al convenio entre Indap y el Gobierno Regional y viene mejorar el riego de 140 peque\u00f1os agricultores y 380 hect\u00e1reas agr\u00edcolas con una inversi\u00f3n total de 75 millones de pesos.<br \/>\nPara el Gobernador Eduardo Le\u00f3n, \u201cse est\u00e1 cumpliendo el compromiso que hizo la Presidenta Bachelet en su mensaje de rehabilitar peque\u00f1os y micro embalses. Estamos muy contentos de habilitar este tranque que ser\u00e1 de utilidad para los agricultores de piguch\u00e9n. Alentamos a seguir con este convenio\u201d, finaliz\u00f3 la autoridad.<br \/>\nPor su parte, el presidente de la subcomisi\u00f3n de sequ\u00eda del Core, Iv\u00e1n Reyes, manifest\u00f3 que \u201cesto nos tiene contentos, porque vemos in situ como llega directamente la ayuda desde el Gobierno Regional a los peque\u00f1os agricultores, que es el objetivo que nosotros buscamos. Con este convenio estamos alcanzando ya el mill\u00f3n de metros c\u00fabicos y m\u00e1s de diez mil hect\u00e1reas de riego asegurado. Podemos decir que este convenio ha sido exitoso\u201d.<\/p>\n<p><strong>CONVENIO EXITOSO<\/strong><br \/>\nPara el director regional de Indap, Helmuth Hinrichsen, \u201cesta es una de las obras que estamos desarrollando junto al Gobierno Regional a trav\u00e9s de este convenio que ha sido exitoso. Lo que queremos es almacenar el agua en estos tranques comunitarios y continuar rehabilitando estas obras que nos permiten llegar a una gran cantidad de familias y mejorar sus condiciones de vida\u201d.<br \/>\nIndap, est\u00e1 ejecutando 19 obras de riego en conjunto con el Gobierno Regional a trav\u00e9s del convenio Indap \u2013 Gore 2014 &#8211; 2015, que consisten en la rehabilitaci\u00f3n de tranques con m\u00e1s de 50 a\u00f1os de antig\u00fcedad y que datan de la Reforma Agraria. La totalidad de los tranques rehabilitados bajo este convenio permiten una capacidad total de embalse de 407.051 metros c\u00fabicos que beneficiar\u00e1 indirectamente a 686 familias campesinas y 2433 hect\u00e1reas de predios agr\u00edcolas.<br \/>\nFinalmente, el alcalde de Putaendo, Guillermo Reyes, dijo que \u201cestamos agradecidos de la gesti\u00f3n de Indap y del Gobierno Regional. Creemos que este es el camino correcto. Ahora con el nuevo convenio ir\u00e1 cerca del 80% de recursos para el Valle de Aconcagua y un porcentaje relevante para esta comuna, donde incorporaremos obras de revestimiento de canales\u201d.<br \/>\nLos m\u00e1s contentos con el proyecto eran los agricultores del sector de Piguch\u00e9n que son usuarios del tranque como Hugo Silva, quien expres\u00f3 que \u201cesto fue hecho en el a\u00f1o 68 y ahora se recuper\u00f3 con una mayor capacidad. Eso es cuidar el agua que hoy se pierde en el r\u00edo. Adem\u00e1s esto est\u00e1 beneficiando en este sector a m\u00e1s del 90 % de la gente. Para todos nosotros es una gran alegr\u00eda\u201d.<br \/>\nEl total de las obras desarrolladas a trav\u00e9s de este convenio que incluye adem\u00e1s obras de conducci\u00f3n y de captaci\u00f3n, beneficia a 1346 agricultores, 2609 hect\u00e1reas con una inversi\u00f3n total de: $1.294.030.000.<br \/>\nA la ceremonia de inauguraci\u00f3n asisti\u00f3 el Gobernador de San Felipe, Eduardo Le\u00f3n; los consejeros regionales Sandra Miranda, Iv\u00e1n Reyes, Rolando Stevenson y Mario Sotoliquio; el alcalde de Putaendo, Guillermo Reyes; el seremi de agricultura, Ricardo Astorga; el director regional de Indap, Helmuth Hinrichsen y agricultores beneficiados.<\/p>\n","protected":false},"excerpt":{"rendered":"<p>Proyecto que se concret\u00f3 gracias al convenio entre Indap y el Gobierno Regional es el primer embalse de la Reforma Agraria que se recupera en Putaendo. 60 mil metros c\u00fabicos de agua&#8230;<\/p>\n","protected":false},"author":482,"featured_media":61571,"comment_status":"open","ping_status":"open","sticky":false,"template":"","format":"standard","meta":{"advanced_seo_description":"","jetpack_seo_html_title":"","jetpack_seo_noindex":false,"_jetpack_memberships_contains_paid_content":false,"footnotes":""},"categories":[1],"tags":[],"class_list":["post-61570","post","type-post","status-publish","format-standard","has-post-thumbnail","hentry","category-cronica"],"jetpack_featured_media_url":"https:\/\/i0.wp.com\/eltrabajo.cl\/portal\/wp-content\/uploads\/2015\/09\/tranque-piguchen.jpg?fit=530%2C350&ssl=1","jetpack_sharing_enabled":true,"jetpack_likes_enabled":true,"jetpack-related-posts":[],"_links":{"self":[{"href":"https:\/\/eltrabajo.cl\/portal\/wp-json\/wp\/v2\/posts\/61570","targetHints":{"allow":["GET"]}}],"collection":[{"href":"https:\/\/eltrabajo.cl\/portal\/wp-json\/wp\/v2\/posts"}],"about":[{"href":"https:\/\/eltrabajo.cl\/portal\/wp-json\/wp\/v2\/types\/post"}],"author":[{"embeddable":true,"href":"https:\/\/eltrabajo.cl\/portal\/wp-json\/wp\/v2\/users\/482"}],"replies":[{"embeddable":true,"href":"https:\/\/eltrabajo.cl\/portal\/wp-json\/wp\/v2\/comments?post=61570"}],"version-history":[{"count":0,"href":"https:\/\/eltrabajo.cl\/portal\/wp-json\/wp\/v2\/posts\/61570\/revisions"}],"wp:featuredmedia":[{"embeddable":true,"href":"https:\/\/eltrabajo.cl\/portal\/wp-json\/wp\/v2\/media\/61571"}],"wp:attachment":[{"href":"https:\/\/eltrabajo.cl\/portal\/wp-json\/wp\/v2\/media?parent=61570"}],"wp:term":[{"taxonomy":"category","embeddable":true,"href":"https:\/\/eltrabajo.cl\/portal\/wp-json\/wp\/v2\/categories?post=61570"},{"taxonomy":"post_tag","embeddable":true,"href":"https:\/\/eltrabajo.cl\/portal\/wp-json\/wp\/v2\/tags?post=61570"}],"curies":[{"name":"wp","href":"https:\/\/api.w.org\/{rel}","templated":true}]}}