{"id":61573,"date":"2015-09-02T09:37:14","date_gmt":"2015-09-02T12:37:14","guid":{"rendered":"http:\/\/www.eltrabajo.cl\/portal\/?p=61573"},"modified":"2015-09-02T09:37:14","modified_gmt":"2015-09-02T12:37:14","slug":"realizan-jornada-estudiantil-sobre-la-importancia-de-los-suelos","status":"publish","type":"post","link":"https:\/\/eltrabajo.cl\/portal\/realizan-jornada-estudiantil-sobre-la-importancia-de-los-suelos\/","title":{"rendered":"Realizan jornada estudiantil sobre la importancia de los suelos"},"content":{"rendered":"<figure id=\"attachment_61574\" aria-describedby=\"caption-attachment-61574\" style=\"width: 300px\" class=\"wp-caption alignleft\"><a href=\"https:\/\/i0.wp.com\/www.eltrabajo.cl\/portal\/wp-content\/uploads\/2015\/09\/Suelos1.jpg\"><img data-recalc-dims=\"1\" loading=\"lazy\" decoding=\"async\" class=\"wp-image-61574 size-medium\" src=\"https:\/\/i0.wp.com\/www.eltrabajo.cl\/portal\/wp-content\/uploads\/2015\/09\/Suelos1-300x199.jpg?resize=300%2C199\" alt=\"EL RECORRIDO.- El programa contempl\u00f3 un recorrido en donde se mostr\u00f3 y explic\u00f3 en forma did\u00e1ctica, las propiedades f\u00edsicas, qu\u00edmicas y biol\u00f3gicas que tiene el suelo y c\u00f3mo conservar su capacidad productiva.\" width=\"300\" height=\"199\" srcset=\"https:\/\/i0.wp.com\/eltrabajo.cl\/portal\/wp-content\/uploads\/2015\/09\/Suelos1.jpg?resize=300%2C199&amp;ssl=1 300w, https:\/\/i0.wp.com\/eltrabajo.cl\/portal\/wp-content\/uploads\/2015\/09\/Suelos1.jpg?resize=200%2C133&amp;ssl=1 200w, https:\/\/i0.wp.com\/eltrabajo.cl\/portal\/wp-content\/uploads\/2015\/09\/Suelos1.jpg?resize=226%2C150&amp;ssl=1 226w, https:\/\/i0.wp.com\/eltrabajo.cl\/portal\/wp-content\/uploads\/2015\/09\/Suelos1.jpg?resize=400%2C265&amp;ssl=1 400w, https:\/\/i0.wp.com\/eltrabajo.cl\/portal\/wp-content\/uploads\/2015\/09\/Suelos1.jpg?w=528&amp;ssl=1 528w\" sizes=\"auto, (max-width: 300px) 100vw, 300px\" \/><\/a><figcaption id=\"caption-attachment-61574\" class=\"wp-caption-text\">EL RECORRIDO.- El programa contempl\u00f3 un recorrido en donde se mostr\u00f3 y explic\u00f3 en forma did\u00e1ctica, las propiedades f\u00edsicas, qu\u00edmicas y biol\u00f3gicas que tiene el suelo y c\u00f3mo conservar su capacidad productiva.<\/figcaption><\/figure>\n<p>El pasado 27 de agosto en la Escuela Agr\u00edcola de San Felipe, se realiz\u00f3 una jornada titulada \u2018Importancia del suelo para los seres vivos\u2019, la cual se enmarc\u00f3 dentro de las actividades propuestas por la asignatura de Suelos, Fertilizantes, Riego para apoyar la celebraci\u00f3n del A\u00f1o Internacional del Suelo.<br \/>\nA la jornada asistieron los colegios Portaliano; Colegio Curim\u00f3n; Escuela 21 de Mayo; Colegio San Pablo; Escuela Juan G\u00f3mez Millas; Escuela John F. Kennedy de San Felipe; Escuela Almendral; Colegio Pir\u00e1mide y la Escuela B\u00e1sica Rep\u00fablica Argentina junto a sus profesores.<\/p>\n<p><strong>YA EN TERRENO<\/strong><br \/>\nEl programa de la jornada contempl\u00f3 un recorrido por el establecimiento, en donde se mostr\u00f3 y explic\u00f3 en forma did\u00e1ctica sobre las propiedades f\u00edsicas, qu\u00edmicas y biol\u00f3gicas que tiene el suelo y c\u00f3mo conservar su capacidad productiva.<br \/>\nEn primer lugar se procedi\u00f3 a sensibilizar a los alumnos sobre el cuidado del recurso suelo, para posteriormente en el laboratorio del colegio, alumnas de la especialidad agropecuaria, explicaron a los visitantes diferentes experimentos para determinar pH, textura y retenci\u00f3n de humedad del suelo. Durante el recorrido trazado por el parque del colegio, los alumnos explicaron aspectos relacionados con las propiedades biol\u00f3gicas del suelo, la nutrici\u00f3n de los vegetales y la erosi\u00f3n.<br \/>\nEn el predio de la Escuela Agr\u00edcola, los alumnos asistentes a la jornada tuvieron la oportunidad de observar y describir un perfil de suelos por medio de una calicata. Los alumnos tambi\u00e9n explicaron a los asistentes c\u00f3mo se realiza el destronque de un terreno para una futura plantaci\u00f3n. Durante el recorrido, alumnos de la especialidad alimentaci\u00f3n colectiva, mostraron y dieron a degustar a los visitantes alimentos elaborados con productos del campo producidos en el suelo.<br \/>\nAl finalizar la jornada, a cada establecimiento que particip\u00f3 en la actividad se le entreg\u00f3 un diploma de participaci\u00f3n. El director de la Escuela Agr\u00edcola, Carlos Dasso, agradeci\u00f3 la recepci\u00f3n de la jornada por parte de los profesores del \u00e1rea de ciencias y la participaci\u00f3n de cada uno de los establecimientos que asisti\u00f3, \u00abcomo instituciones formadores de las futuras generaciones, es necesario que las unidades educativas incentiven en los j\u00f3venes del Valle Aconcagua el cuidado del entorno y de los recursos naturales, en especial el suelo, que es el lugar donde se producen nuestros alimentos\u00bb.<\/p>\n<div class=\"tiled-gallery type-rectangular tiled-gallery-unresized\" data-original-width=\"640\" data-carousel-extra='null' itemscope itemtype=\"http:\/\/schema.org\/ImageGallery\" > <div class=\"gallery-row\" style=\"width: 640px; height: 283px;\" data-original-width=\"640\" data-original-height=\"283\" > <div class=\"gallery-group images-1\" style=\"width: 427px; height: 283px;\" data-original-width=\"427\" data-original-height=\"283\" > <div class=\"tiled-gallery-item tiled-gallery-item-large\" itemprop=\"associatedMedia\" itemscope itemtype=\"http:\/\/schema.org\/ImageObject\"> <a href=\"https:\/\/eltrabajo.cl\/portal\/realizan-jornada-estudiantil-sobre-la-importancia-de-los-suelos\/suelos2-2\/\" border=\"0\" itemprop=\"url\"> <meta itemprop=\"width\" content=\"423\"> <meta itemprop=\"height\" content=\"279\"> <img decoding=\"async\" class=\"\" data-attachment-id=\"61575\" data-orig-file=\"https:\/\/eltrabajo.cl\/portal\/wp-content\/uploads\/2015\/09\/Suelos2.jpg\" data-orig-size=\"530,349\" data-comments-opened=\"1\" data-image-meta=\"{&quot;aperture&quot;:&quot;0&quot;,&quot;credit&quot;:&quot;&quot;,&quot;camera&quot;:&quot;&quot;,&quot;caption&quot;:&quot;&quot;,&quot;created_timestamp&quot;:&quot;0&quot;,&quot;copyright&quot;:&quot;&quot;,&quot;focal_length&quot;:&quot;0&quot;,&quot;iso&quot;:&quot;0&quot;,&quot;shutter_speed&quot;:&quot;0&quot;,&quot;title&quot;:&quot;&quot;,&quot;orientation&quot;:&quot;0&quot;}\" data-image-title=\"Suelos2\" data-image-description=\"&lt;p&gt;CHARLAS \u00daTILES.- Durante el recorrido trazado por el parque del colegio, los alumnos explicaron aspectos relacionados con las propiedades biol\u00f3gicas del suelo, la nutrici\u00f3n de los vegetales y la erosi\u00f3n.&lt;\/p&gt; \" data-medium-file=\"https:\/\/i0.wp.com\/eltrabajo.cl\/portal\/wp-content\/uploads\/2015\/09\/Suelos2.jpg?fit=300%2C198&#038;ssl=1\" data-large-file=\"https:\/\/i0.wp.com\/eltrabajo.cl\/portal\/wp-content\/uploads\/2015\/09\/Suelos2.jpg?fit=530%2C349&#038;ssl=1\" src=\"https:\/\/i0.wp.com\/eltrabajo.cl\/portal\/wp-content\/uploads\/2015\/09\/Suelos2.jpg?w=423&#038;h=279&#038;ssl=1\" srcset=\"https:\/\/i0.wp.com\/eltrabajo.cl\/portal\/wp-content\/uploads\/2015\/09\/Suelos2.jpg?w=530&amp;ssl=1 530w, https:\/\/i0.wp.com\/eltrabajo.cl\/portal\/wp-content\/uploads\/2015\/09\/Suelos2.jpg?resize=200%2C132&amp;ssl=1 200w, https:\/\/i0.wp.com\/eltrabajo.cl\/portal\/wp-content\/uploads\/2015\/09\/Suelos2.jpg?resize=300%2C198&amp;ssl=1 300w, https:\/\/i0.wp.com\/eltrabajo.cl\/portal\/wp-content\/uploads\/2015\/09\/Suelos2.jpg?resize=228%2C150&amp;ssl=1 228w, https:\/\/i0.wp.com\/eltrabajo.cl\/portal\/wp-content\/uploads\/2015\/09\/Suelos2.jpg?resize=400%2C263&amp;ssl=1 400w\" width=\"423\" height=\"279\" loading=\"lazy\" data-original-width=\"423\" data-original-height=\"279\" itemprop=\"http:\/\/schema.org\/image\" title=\"Suelos2\" alt=\"CHARLAS \u00daTILES.- Durante el recorrido trazado por el parque del colegio, los alumnos explicaron aspectos relacionados con las propiedades biol\u00f3gicas del suelo, la nutrici\u00f3n de los vegetales y la erosi\u00f3n.\" style=\"width: 423px; height: 279px;\" \/> <\/a> <div class=\"tiled-gallery-caption\" itemprop=\"caption description\"> CHARLAS \u00daTILES.- Durante el recorrido trazado por el parque del colegio, los alumnos explicaron aspectos relacionados con las propiedades biol\u00f3gicas del suelo, la nutrici\u00f3n de los vegetales y la erosi\u00f3n. <\/div> <\/div> <\/div> <!-- close group --> <div class=\"gallery-group images-2\" style=\"width: 213px; height: 283px;\" data-original-width=\"213\" data-original-height=\"283\" > <div class=\"tiled-gallery-item tiled-gallery-item-small\" itemprop=\"associatedMedia\" itemscope itemtype=\"http:\/\/schema.org\/ImageObject\"> <a href=\"https:\/\/eltrabajo.cl\/portal\/realizan-jornada-estudiantil-sobre-la-importancia-de-los-suelos\/suelos4\/\" border=\"0\" itemprop=\"url\"> <meta itemprop=\"width\" content=\"209\"> <meta itemprop=\"height\" content=\"137\"> <img decoding=\"async\" class=\"\" data-attachment-id=\"61577\" data-orig-file=\"https:\/\/eltrabajo.cl\/portal\/wp-content\/uploads\/2015\/09\/Suelos4.jpg\" data-orig-size=\"530,348\" data-comments-opened=\"1\" data-image-meta=\"{&quot;aperture&quot;:&quot;0&quot;,&quot;credit&quot;:&quot;&quot;,&quot;camera&quot;:&quot;&quot;,&quot;caption&quot;:&quot;&quot;,&quot;created_timestamp&quot;:&quot;0&quot;,&quot;copyright&quot;:&quot;&quot;,&quot;focal_length&quot;:&quot;0&quot;,&quot;iso&quot;:&quot;0&quot;,&quot;shutter_speed&quot;:&quot;0&quot;,&quot;title&quot;:&quot;&quot;,&quot;orientation&quot;:&quot;0&quot;}\" data-image-title=\"Suelos4\" data-image-description=\"&lt;p&gt;UNA PROBADITA.- Durante el recorrido, alumnos de la especialidad alimentaci\u00f3n colectiva, mostraron y dieron a degustar a los visitantes alimentos elaborados con productos del campo producidos en el suelo.&lt;\/p&gt; \" data-medium-file=\"https:\/\/i0.wp.com\/eltrabajo.cl\/portal\/wp-content\/uploads\/2015\/09\/Suelos4.jpg?fit=300%2C197&#038;ssl=1\" data-large-file=\"https:\/\/i0.wp.com\/eltrabajo.cl\/portal\/wp-content\/uploads\/2015\/09\/Suelos4.jpg?fit=530%2C348&#038;ssl=1\" src=\"https:\/\/i0.wp.com\/eltrabajo.cl\/portal\/wp-content\/uploads\/2015\/09\/Suelos4.jpg?w=209&#038;h=137&#038;ssl=1\" srcset=\"https:\/\/i0.wp.com\/eltrabajo.cl\/portal\/wp-content\/uploads\/2015\/09\/Suelos4.jpg?w=530&amp;ssl=1 530w, https:\/\/i0.wp.com\/eltrabajo.cl\/portal\/wp-content\/uploads\/2015\/09\/Suelos4.jpg?resize=200%2C131&amp;ssl=1 200w, https:\/\/i0.wp.com\/eltrabajo.cl\/portal\/wp-content\/uploads\/2015\/09\/Suelos4.jpg?resize=300%2C197&amp;ssl=1 300w, https:\/\/i0.wp.com\/eltrabajo.cl\/portal\/wp-content\/uploads\/2015\/09\/Suelos4.jpg?resize=228%2C150&amp;ssl=1 228w, https:\/\/i0.wp.com\/eltrabajo.cl\/portal\/wp-content\/uploads\/2015\/09\/Suelos4.jpg?resize=400%2C263&amp;ssl=1 400w\" width=\"209\" height=\"137\" loading=\"lazy\" data-original-width=\"209\" data-original-height=\"137\" itemprop=\"http:\/\/schema.org\/image\" title=\"Suelos4\" alt=\"UNA PROBADITA.- Durante el recorrido, alumnos de la especialidad alimentaci\u00f3n colectiva, mostraron y dieron a degustar a los visitantes alimentos elaborados con productos del campo producidos en el suelo.\" style=\"width: 209px; height: 137px;\" \/> <\/a> <div class=\"tiled-gallery-caption\" itemprop=\"caption description\"> UNA PROBADITA.- Durante el recorrido, alumnos de la especialidad alimentaci\u00f3n colectiva, mostraron y dieron a degustar a los visitantes alimentos elaborados con productos del campo producidos en el suelo. <\/div> <\/div> <div class=\"tiled-gallery-item tiled-gallery-item-small\" itemprop=\"associatedMedia\" itemscope itemtype=\"http:\/\/schema.org\/ImageObject\"> <a href=\"https:\/\/eltrabajo.cl\/portal\/realizan-jornada-estudiantil-sobre-la-importancia-de-los-suelos\/suelos3\/\" border=\"0\" itemprop=\"url\"> <meta itemprop=\"width\" content=\"209\"> <meta itemprop=\"height\" content=\"138\"> <img decoding=\"async\" class=\"\" data-attachment-id=\"61576\" data-orig-file=\"https:\/\/eltrabajo.cl\/portal\/wp-content\/uploads\/2015\/09\/Suelos3.jpg\" data-orig-size=\"530,349\" data-comments-opened=\"1\" data-image-meta=\"{&quot;aperture&quot;:&quot;0&quot;,&quot;credit&quot;:&quot;&quot;,&quot;camera&quot;:&quot;&quot;,&quot;caption&quot;:&quot;&quot;,&quot;created_timestamp&quot;:&quot;0&quot;,&quot;copyright&quot;:&quot;&quot;,&quot;focal_length&quot;:&quot;0&quot;,&quot;iso&quot;:&quot;0&quot;,&quot;shutter_speed&quot;:&quot;0&quot;,&quot;title&quot;:&quot;&quot;,&quot;orientation&quot;:&quot;0&quot;}\" data-image-title=\"Suelos3\" data-image-description=\"&lt;p&gt;CURIOSIDAD.- Cada detalle, grande o chico, fue mostrado a los estudiantes sobre el agro que se desarrolla en la Agr\u00edcola de San Felipe.&lt;\/p&gt; \" data-medium-file=\"https:\/\/i0.wp.com\/eltrabajo.cl\/portal\/wp-content\/uploads\/2015\/09\/Suelos3.jpg?fit=300%2C198&#038;ssl=1\" data-large-file=\"https:\/\/i0.wp.com\/eltrabajo.cl\/portal\/wp-content\/uploads\/2015\/09\/Suelos3.jpg?fit=530%2C349&#038;ssl=1\" src=\"https:\/\/i0.wp.com\/eltrabajo.cl\/portal\/wp-content\/uploads\/2015\/09\/Suelos3.jpg?w=209&#038;h=138&#038;ssl=1\" srcset=\"https:\/\/i0.wp.com\/eltrabajo.cl\/portal\/wp-content\/uploads\/2015\/09\/Suelos3.jpg?w=530&amp;ssl=1 530w, https:\/\/i0.wp.com\/eltrabajo.cl\/portal\/wp-content\/uploads\/2015\/09\/Suelos3.jpg?resize=200%2C132&amp;ssl=1 200w, https:\/\/i0.wp.com\/eltrabajo.cl\/portal\/wp-content\/uploads\/2015\/09\/Suelos3.jpg?resize=300%2C198&amp;ssl=1 300w, https:\/\/i0.wp.com\/eltrabajo.cl\/portal\/wp-content\/uploads\/2015\/09\/Suelos3.jpg?resize=228%2C150&amp;ssl=1 228w, https:\/\/i0.wp.com\/eltrabajo.cl\/portal\/wp-content\/uploads\/2015\/09\/Suelos3.jpg?resize=400%2C263&amp;ssl=1 400w\" width=\"209\" height=\"138\" loading=\"lazy\" data-original-width=\"209\" data-original-height=\"138\" itemprop=\"http:\/\/schema.org\/image\" title=\"Suelos3\" alt=\"CURIOSIDAD.- Cada detalle, grande o chico, fue mostrado a los estudiantes sobre el agro que se desarrolla en la Agr\u00edcola de San Felipe.\" style=\"width: 209px; height: 138px;\" \/> <\/a> <div class=\"tiled-gallery-caption\" itemprop=\"caption description\"> CURIOSIDAD.- Cada detalle, grande o chico, fue mostrado a los estudiantes sobre el agro que se desarrolla en la Agr\u00edcola de San Felipe. <\/div> <\/div> <\/div> <!-- close group --> <\/div> <!-- close row --> <\/div>\n","protected":false},"excerpt":{"rendered":"<p>El pasado 27 de agosto en la Escuela Agr\u00edcola de San Felipe, se realiz\u00f3 una jornada titulada \u2018Importancia del suelo para los seres vivos\u2019, la cual se enmarc\u00f3 dentro de las actividades&#8230;<\/p>\n","protected":false},"author":482,"featured_media":61574,"comment_status":"open","ping_status":"open","sticky":false,"template":"","format":"standard","meta":{"advanced_seo_description":"","jetpack_seo_html_title":"","jetpack_seo_noindex":false,"_jetpack_memberships_contains_paid_content":false,"footnotes":""},"categories":[15],"tags":[],"class_list":["post-61573","post","type-post","status-publish","format-standard","has-post-thumbnail","hentry","category-comunidad"],"jetpack_featured_media_url":"https:\/\/i0.wp.com\/eltrabajo.cl\/portal\/wp-content\/uploads\/2015\/09\/Suelos1.jpg?fit=528%2C350&ssl=1","jetpack_sharing_enabled":true,"jetpack_likes_enabled":true,"jetpack-related-posts":[],"_links":{"self":[{"href":"https:\/\/eltrabajo.cl\/portal\/wp-json\/wp\/v2\/posts\/61573","targetHints":{"allow":["GET"]}}],"collection":[{"href":"https:\/\/eltrabajo.cl\/portal\/wp-json\/wp\/v2\/posts"}],"about":[{"href":"https:\/\/eltrabajo.cl\/portal\/wp-json\/wp\/v2\/types\/post"}],"author":[{"embeddable":true,"href":"https:\/\/eltrabajo.cl\/portal\/wp-json\/wp\/v2\/users\/482"}],"replies":[{"embeddable":true,"href":"https:\/\/eltrabajo.cl\/portal\/wp-json\/wp\/v2\/comments?post=61573"}],"version-history":[{"count":0,"href":"https:\/\/eltrabajo.cl\/portal\/wp-json\/wp\/v2\/posts\/61573\/revisions"}],"wp:featuredmedia":[{"embeddable":true,"href":"https:\/\/eltrabajo.cl\/portal\/wp-json\/wp\/v2\/media\/61574"}],"wp:attachment":[{"href":"https:\/\/eltrabajo.cl\/portal\/wp-json\/wp\/v2\/media?parent=61573"}],"wp:term":[{"taxonomy":"category","embeddable":true,"href":"https:\/\/eltrabajo.cl\/portal\/wp-json\/wp\/v2\/categories?post=61573"},{"taxonomy":"post_tag","embeddable":true,"href":"https:\/\/eltrabajo.cl\/portal\/wp-json\/wp\/v2\/tags?post=61573"}],"curies":[{"name":"wp","href":"https:\/\/api.w.org\/{rel}","templated":true}]}}