{"id":61579,"date":"2015-09-02T09:38:32","date_gmt":"2015-09-02T12:38:32","guid":{"rendered":"http:\/\/www.eltrabajo.cl\/portal\/?p=61579"},"modified":"2015-09-02T09:38:32","modified_gmt":"2015-09-02T12:38:32","slug":"por-quinto-ano-premian-lactancia-materna-y-concurso-contra-el-tabaco","status":"publish","type":"post","link":"https:\/\/eltrabajo.cl\/portal\/por-quinto-ano-premian-lactancia-materna-y-concurso-contra-el-tabaco\/","title":{"rendered":"Por quinto a\u00f1o premian lactancia materna y concurso contra el tabaco"},"content":{"rendered":"<figure id=\"attachment_61580\" aria-describedby=\"caption-attachment-61580\" style=\"width: 300px\" class=\"wp-caption alignleft\"><a href=\"https:\/\/i0.wp.com\/www.eltrabajo.cl\/portal\/wp-content\/uploads\/2015\/09\/PREMIACI%C3%93N-CONCURSO-FOTOGR%C3%81FICO-LACTANCIA-MATERNA.jpg\"><img data-recalc-dims=\"1\" loading=\"lazy\" decoding=\"async\" class=\"wp-image-61580 size-medium\" src=\"https:\/\/i0.wp.com\/www.eltrabajo.cl\/portal\/wp-content\/uploads\/2015\/09\/PREMIACI%C3%93N-CONCURSO-FOTOGR%C3%81FICO-LACTANCIA-MATERNA-300x198.jpg?resize=300%2C198\" alt=\"El alcalde Caballer\u00eda premi\u00f3 a las madres que mantienen la lactancia materna exclusiva.\" width=\"300\" height=\"198\" srcset=\"https:\/\/i0.wp.com\/eltrabajo.cl\/portal\/wp-content\/uploads\/2015\/09\/PREMIACI%C3%93N-CONCURSO-FOTOGR%C3%81FICO-LACTANCIA-MATERNA.jpg?resize=300%2C198&amp;ssl=1 300w, https:\/\/i0.wp.com\/eltrabajo.cl\/portal\/wp-content\/uploads\/2015\/09\/PREMIACI%C3%93N-CONCURSO-FOTOGR%C3%81FICO-LACTANCIA-MATERNA.jpg?resize=200%2C132&amp;ssl=1 200w, https:\/\/i0.wp.com\/eltrabajo.cl\/portal\/wp-content\/uploads\/2015\/09\/PREMIACI%C3%93N-CONCURSO-FOTOGR%C3%81FICO-LACTANCIA-MATERNA.jpg?resize=228%2C150&amp;ssl=1 228w, https:\/\/i0.wp.com\/eltrabajo.cl\/portal\/wp-content\/uploads\/2015\/09\/PREMIACI%C3%93N-CONCURSO-FOTOGR%C3%81FICO-LACTANCIA-MATERNA.jpg?resize=400%2C263&amp;ssl=1 400w, https:\/\/i0.wp.com\/eltrabajo.cl\/portal\/wp-content\/uploads\/2015\/09\/PREMIACI%C3%93N-CONCURSO-FOTOGR%C3%81FICO-LACTANCIA-MATERNA.jpg?w=530&amp;ssl=1 530w\" sizes=\"auto, (max-width: 300px) 100vw, 300px\" \/><\/a><figcaption id=\"caption-attachment-61580\" class=\"wp-caption-text\">El alcalde Caballer\u00eda premi\u00f3 a las madres que mantienen la lactancia materna exclusiva.<\/figcaption><\/figure>\n<p><strong>RINCONADA.<\/strong>&#8211; En el sal\u00f3n del municipio de Rinconada se realiz\u00f3 la ceremonia de premiaci\u00f3n que se celebra por quinto a\u00f1o consecutivo en la comuna. La actividad convoc\u00f3 a las madres con sus reci\u00e9n nacidos, padres y estudiantes que presentaron sus dibujos contra el tabaco que este a\u00f1o llev\u00f3 por nombre \u2018d\u00e9jalo ahora\u2019.<br \/>\n\u201cEs muy importante la lactancia materna, tiene muchos beneficios y va creando un v\u00ednculo especial con la madre, adem\u00e1s en un futuro estos ni\u00f1os crecen sanos e inteligentes. Bajo esa premisa motivamos a las mam\u00e1s para que cada d\u00eda la lactancia materna aumente mucho m\u00e1s, porque lo que hoy se pide a nivel pa\u00eds es que se amamante hasta un a\u00f1o y la verdad es que nosotros est\u00e1bamos bastante bajos en la cifra y estos concursos nos han permitido revertir eso y por lo tanto mejorarle la calidad de vida a los reci\u00e9n nacidos\u201d, manifest\u00f3 el alcalde Pedro Caballer\u00eda.<br \/>\n\u201cFueron dos actividades que tratamos de unir porque tienen un mismo sentido y tienen que ver con la promoci\u00f3n de la salud, una en la primera infancia a partir de la lactancia materna es nuestro quinto a\u00f1o realizando esta actividad que fundamentalmente busca promover desde el nacimiento y como m\u00ednimo hasta los seis meses una lactancia materna exclusiva, ojal\u00e1 despu\u00e9s de esa fecha hasta el a\u00f1o la lactancia de la madre m\u00e1s su alimentaci\u00f3n en cada ni\u00f1o\u201d, expres\u00f3 el director del Cesfam.<br \/>\nJuan Antonio Lobos adem\u00e1s se\u00f1al\u00f3 que dentro de la provincia de Aconcagua, en Rinconada se ten\u00eda las peores cifras, donde hab\u00eda menos lactancia materna hasta los seis meses y que gracias a estos trabajos sistem\u00e1ticos de salud y este tipo de actividades hacen promover fundamentalmente la lactancia, mejorado ese n\u00famero hasta superar el 40%.<br \/>\n\u201cEn Rinconada son alrededor de 150 mam\u00e1s que dan a luz al a\u00f1o, un n\u00famero que nos pone muy contentos y que demuestra que vale la pena invertir un poco de tiempo a que la lactancia materna se mantenga como \u00fanica fuente de alimentaci\u00f3n hasta los seis meses\u201d, sentenci\u00f3 Juan Antonio Lobos.<br \/>\nLos trabajos de los ni\u00f1os fueron expuestos en un lado del sal\u00f3n donde se llev\u00f3 a cabo la ceremonia y se les entregaron premios tanto a las madres como a los alumnos.<\/p>\n","protected":false},"excerpt":{"rendered":"<p>RINCONADA.&#8211; En el sal\u00f3n del municipio de Rinconada se realiz\u00f3 la ceremonia de premiaci\u00f3n que se celebra por quinto a\u00f1o consecutivo en la comuna. La actividad convoc\u00f3 a las madres con sus&#8230;<\/p>\n","protected":false},"author":482,"featured_media":61580,"comment_status":"open","ping_status":"open","sticky":false,"template":"","format":"standard","meta":{"advanced_seo_description":"","jetpack_seo_html_title":"","jetpack_seo_noindex":false,"_jetpack_memberships_contains_paid_content":false,"footnotes":""},"categories":[15],"tags":[],"class_list":["post-61579","post","type-post","status-publish","format-standard","has-post-thumbnail","hentry","category-comunidad"],"jetpack_featured_media_url":"https:\/\/i0.wp.com\/eltrabajo.cl\/portal\/wp-content\/uploads\/2015\/09\/PREMIACI%C3%93N-CONCURSO-FOTOGR%C3%81FICO-LACTANCIA-MATERNA.jpg?fit=530%2C349&ssl=1","jetpack_sharing_enabled":true,"jetpack_likes_enabled":true,"jetpack-related-posts":[],"_links":{"self":[{"href":"https:\/\/eltrabajo.cl\/portal\/wp-json\/wp\/v2\/posts\/61579","targetHints":{"allow":["GET"]}}],"collection":[{"href":"https:\/\/eltrabajo.cl\/portal\/wp-json\/wp\/v2\/posts"}],"about":[{"href":"https:\/\/eltrabajo.cl\/portal\/wp-json\/wp\/v2\/types\/post"}],"author":[{"embeddable":true,"href":"https:\/\/eltrabajo.cl\/portal\/wp-json\/wp\/v2\/users\/482"}],"replies":[{"embeddable":true,"href":"https:\/\/eltrabajo.cl\/portal\/wp-json\/wp\/v2\/comments?post=61579"}],"version-history":[{"count":0,"href":"https:\/\/eltrabajo.cl\/portal\/wp-json\/wp\/v2\/posts\/61579\/revisions"}],"wp:featuredmedia":[{"embeddable":true,"href":"https:\/\/eltrabajo.cl\/portal\/wp-json\/wp\/v2\/media\/61580"}],"wp:attachment":[{"href":"https:\/\/eltrabajo.cl\/portal\/wp-json\/wp\/v2\/media?parent=61579"}],"wp:term":[{"taxonomy":"category","embeddable":true,"href":"https:\/\/eltrabajo.cl\/portal\/wp-json\/wp\/v2\/categories?post=61579"},{"taxonomy":"post_tag","embeddable":true,"href":"https:\/\/eltrabajo.cl\/portal\/wp-json\/wp\/v2\/tags?post=61579"}],"curies":[{"name":"wp","href":"https:\/\/api.w.org\/{rel}","templated":true}]}}