{"id":61582,"date":"2015-09-02T09:39:43","date_gmt":"2015-09-02T12:39:43","guid":{"rendered":"http:\/\/www.eltrabajo.cl\/portal\/?p=61582"},"modified":"2015-09-02T09:39:43","modified_gmt":"2015-09-02T12:39:43","slug":"en-grande-celebraron-ano-nuevo-del-adulto-mayor-en-santa-maria","status":"publish","type":"post","link":"https:\/\/eltrabajo.cl\/portal\/en-grande-celebraron-ano-nuevo-del-adulto-mayor-en-santa-maria\/","title":{"rendered":"En grande celebraron A\u00f1o Nuevo del Adulto Mayor en Santa Mar\u00eda"},"content":{"rendered":"<figure id=\"attachment_61583\" aria-describedby=\"caption-attachment-61583\" style=\"width: 300px\" class=\"wp-caption alignleft\"><a href=\"https:\/\/i0.wp.com\/www.eltrabajo.cl\/portal\/wp-content\/uploads\/2015\/09\/a%C3%B1o-nuevo-adulto-mayor-santamaria.jpg\"><img data-recalc-dims=\"1\" loading=\"lazy\" decoding=\"async\" class=\"wp-image-61583 size-medium\" src=\"https:\/\/i0.wp.com\/www.eltrabajo.cl\/portal\/wp-content\/uploads\/2015\/09\/a%C3%B1o-nuevo-adulto-mayor-santamaria-300x198.jpg?resize=300%2C198\" alt=\"Alrededor de 400 adultos mayores bailaron, cantaron, comieron y se divirtieron celebrando el haber pasado el mes de agosto, algo que se toma con humor pero que es muy sensible para los adultos mayores.\" width=\"300\" height=\"198\" srcset=\"https:\/\/i0.wp.com\/eltrabajo.cl\/portal\/wp-content\/uploads\/2015\/09\/a%C3%B1o-nuevo-adulto-mayor-santamaria.jpg?resize=300%2C198&amp;ssl=1 300w, https:\/\/i0.wp.com\/eltrabajo.cl\/portal\/wp-content\/uploads\/2015\/09\/a%C3%B1o-nuevo-adulto-mayor-santamaria.jpg?resize=200%2C132&amp;ssl=1 200w, https:\/\/i0.wp.com\/eltrabajo.cl\/portal\/wp-content\/uploads\/2015\/09\/a%C3%B1o-nuevo-adulto-mayor-santamaria.jpg?resize=227%2C150&amp;ssl=1 227w, https:\/\/i0.wp.com\/eltrabajo.cl\/portal\/wp-content\/uploads\/2015\/09\/a%C3%B1o-nuevo-adulto-mayor-santamaria.jpg?resize=400%2C264&amp;ssl=1 400w, https:\/\/i0.wp.com\/eltrabajo.cl\/portal\/wp-content\/uploads\/2015\/09\/a%C3%B1o-nuevo-adulto-mayor-santamaria.jpg?w=530&amp;ssl=1 530w\" sizes=\"auto, (max-width: 300px) 100vw, 300px\" \/><\/a><figcaption id=\"caption-attachment-61583\" class=\"wp-caption-text\">Alrededor de 400 adultos mayores bailaron, cantaron, comieron y se divirtieron celebrando el haber pasado el mes de agosto, algo que se toma con humor pero que es muy sensible para los adultos mayores.<\/figcaption><\/figure>\n<p>Una fiesta que nada tiene que envidiar al a\u00f1o nuevo es la que celebraron los 17 clubes de adulto mayor de Santa Mar\u00eda en el gimnasio municipal en el d\u00eda de ayer, actividad ya tradicional que siempre se realiza \u2018pasadito agosto\u2019.<br \/>\nSe trata del A\u00f1o Nuevo del Adulto Mayor, organizado por los clubes y apoyado por la Municipalidad de Santa Mar\u00eda.<br \/>\nSeg\u00fan Luis Basaul, encargado de organizaciones comunitarias de la comuna, la gente se viene preparando para esta fiesta desde mayo: \u00abEn el d\u00eda de hoy hay alrededor de 400 adultos mayores que se re\u00fanen, bailan, comen, se divierten, cantan, es un verdadero a\u00f1o nuevo que sin dudas se toma con humor el pasar agosto, pero que a su vez es una celebraci\u00f3n muy sentida debido justamente por la connotaci\u00f3n que tiene para una persona de edad un a\u00f1o m\u00e1s de vida\u00bb.<br \/>\nEn esta ocasi\u00f3n, la celebraci\u00f3n tuvo serpentina y chaya y sombreritos de a\u00f1o nuevo, particip\u00f3 la cantante Jazm\u00edn Lazcano y una regia orquesta que hizo bailar a todo el mundo.<br \/>\nEmotivo fue la participaci\u00f3n del Alcalde Claudio Zurita quien se dio el trabajo de saludar a cada miembro de las mesas reunidas para la celebraci\u00f3n.<br \/>\n<strong>Roberto Mercado Aced<\/strong><\/p>\n","protected":false},"excerpt":{"rendered":"<p>Una fiesta que nada tiene que envidiar al a\u00f1o nuevo es la que celebraron los 17 clubes de adulto mayor de Santa Mar\u00eda en el gimnasio municipal en el d\u00eda de ayer,&#8230;<\/p>\n","protected":false},"author":482,"featured_media":61583,"comment_status":"open","ping_status":"open","sticky":false,"template":"","format":"standard","meta":{"advanced_seo_description":"","jetpack_seo_html_title":"","jetpack_seo_noindex":false,"_jetpack_memberships_contains_paid_content":false,"footnotes":""},"categories":[15],"tags":[],"class_list":["post-61582","post","type-post","status-publish","format-standard","has-post-thumbnail","hentry","category-comunidad"],"jetpack_featured_media_url":"https:\/\/i0.wp.com\/eltrabajo.cl\/portal\/wp-content\/uploads\/2015\/09\/a%C3%B1o-nuevo-adulto-mayor-santamaria.jpg?fit=530%2C350&ssl=1","jetpack_sharing_enabled":true,"jetpack_likes_enabled":true,"jetpack-related-posts":[],"_links":{"self":[{"href":"https:\/\/eltrabajo.cl\/portal\/wp-json\/wp\/v2\/posts\/61582","targetHints":{"allow":["GET"]}}],"collection":[{"href":"https:\/\/eltrabajo.cl\/portal\/wp-json\/wp\/v2\/posts"}],"about":[{"href":"https:\/\/eltrabajo.cl\/portal\/wp-json\/wp\/v2\/types\/post"}],"author":[{"embeddable":true,"href":"https:\/\/eltrabajo.cl\/portal\/wp-json\/wp\/v2\/users\/482"}],"replies":[{"embeddable":true,"href":"https:\/\/eltrabajo.cl\/portal\/wp-json\/wp\/v2\/comments?post=61582"}],"version-history":[{"count":0,"href":"https:\/\/eltrabajo.cl\/portal\/wp-json\/wp\/v2\/posts\/61582\/revisions"}],"wp:featuredmedia":[{"embeddable":true,"href":"https:\/\/eltrabajo.cl\/portal\/wp-json\/wp\/v2\/media\/61583"}],"wp:attachment":[{"href":"https:\/\/eltrabajo.cl\/portal\/wp-json\/wp\/v2\/media?parent=61582"}],"wp:term":[{"taxonomy":"category","embeddable":true,"href":"https:\/\/eltrabajo.cl\/portal\/wp-json\/wp\/v2\/categories?post=61582"},{"taxonomy":"post_tag","embeddable":true,"href":"https:\/\/eltrabajo.cl\/portal\/wp-json\/wp\/v2\/tags?post=61582"}],"curies":[{"name":"wp","href":"https:\/\/api.w.org\/{rel}","templated":true}]}}