{"id":61588,"date":"2015-09-02T09:44:41","date_gmt":"2015-09-02T12:44:41","guid":{"rendered":"http:\/\/www.eltrabajo.cl\/portal\/?p=61588"},"modified":"2015-09-02T09:44:41","modified_gmt":"2015-09-02T12:44:41","slug":"solicitud-de-matriculas-2016-se-disparan-en-el-cordillera","status":"publish","type":"post","link":"https:\/\/eltrabajo.cl\/portal\/solicitud-de-matriculas-2016-se-disparan-en-el-cordillera\/","title":{"rendered":"Solicitud de matr\u00edculas 2016 se disparan en el Cordillera"},"content":{"rendered":"<figure id=\"attachment_61589\" aria-describedby=\"caption-attachment-61589\" style=\"width: 300px\" class=\"wp-caption alignleft\"><a href=\"https:\/\/i0.wp.com\/www.eltrabajo.cl\/portal\/wp-content\/uploads\/2015\/09\/Cordillera1.jpg\"><img data-recalc-dims=\"1\" loading=\"lazy\" decoding=\"async\" class=\"wp-image-61589 size-medium\" src=\"https:\/\/i0.wp.com\/www.eltrabajo.cl\/portal\/wp-content\/uploads\/2015\/09\/Cordillera1-300x198.jpg?resize=300%2C198\" alt=\"PRIVILEGIADOS.- Profesores y estudiantes viven y crecen en un ambiente de mutuo respeto y colaboraci\u00f3n, dirigida al aprovechamiento de los recursos existentes.\" width=\"300\" height=\"198\" srcset=\"https:\/\/i0.wp.com\/eltrabajo.cl\/portal\/wp-content\/uploads\/2015\/09\/Cordillera1.jpg?resize=300%2C198&amp;ssl=1 300w, https:\/\/i0.wp.com\/eltrabajo.cl\/portal\/wp-content\/uploads\/2015\/09\/Cordillera1.jpg?resize=200%2C132&amp;ssl=1 200w, https:\/\/i0.wp.com\/eltrabajo.cl\/portal\/wp-content\/uploads\/2015\/09\/Cordillera1.jpg?resize=228%2C150&amp;ssl=1 228w, https:\/\/i0.wp.com\/eltrabajo.cl\/portal\/wp-content\/uploads\/2015\/09\/Cordillera1.jpg?resize=400%2C263&amp;ssl=1 400w, https:\/\/i0.wp.com\/eltrabajo.cl\/portal\/wp-content\/uploads\/2015\/09\/Cordillera1.jpg?w=530&amp;ssl=1 530w\" sizes=\"auto, (max-width: 300px) 100vw, 300px\" \/><\/a><figcaption id=\"caption-attachment-61589\" class=\"wp-caption-text\">PRIVILEGIADOS.- Profesores y estudiantes viven y crecen en un ambiente de mutuo respeto y colaboraci\u00f3n, dirigida al aprovechamiento de los recursos existentes.<\/figcaption><\/figure>\n<p>Full capacidad. As\u00ed est\u00e1 el Colegio Bicentenario Cordillera de San Felipe, luego que de manera espont\u00e1nea cientos de padres de familia de la comuna acudieran a esa casa de estudios para matricular a sus hijos y en otros casos, para solicitar se les tramite el traslado de sus hijos desde otras escuelas.<br \/>\nEso fue lo reportado este martes por el director del Cordillera, Jorge Sep\u00falveda, quien report\u00f3 adem\u00e1s estar sorprendido de este \u2018fen\u00f3meno\u2019 tan positivo.<\/p>\n<p>\u00abEstoy cerca al asombro, pues de manera voluntaria y sin haber abierto nuestro proceso de matr\u00edcula 2016, al menos unos 277 ni\u00f1os ya fueron anotados en nuestro libro de solicitudes, ya que no podemos oficializar sus matr\u00edculas en virtud de que no tenemos espacio, s\u00f3lo nos quedan 70 cupos, y hay casi 300 haciendo fila\u00bb, dijo Sep\u00falveda a Diario El Trabajo.<br \/>\nEste colegio municipalizado tiene capacidad para 1.100 personas, \u00abcreo que es por la disciplina en especial, eje central que mi equipo desarrolla en toda la matr\u00edcula, la raz\u00f3n de esta avalancha de padres, esto ocurre tambi\u00e9n porque ellos, los pap\u00e1s, desean lo mejor para sus hijos, y de momento creo que los resultados hablan de una muy buena calidad de la Daem y de nuestro colegio\u00bb, agreg\u00f3 el director.<br \/>\nSeg\u00fan Sep\u00falveda, \u00e9l decidi\u00f3 dar prioridad a las matr\u00edculas, dej\u00f3 en espera a los traslados escolares, en este colegio laboran 70 profesores y 30 auxiliares de la educaci\u00f3n.<\/p>\n","protected":false},"excerpt":{"rendered":"<p>Full capacidad. As\u00ed est\u00e1 el Colegio Bicentenario Cordillera de San Felipe, luego que de manera espont\u00e1nea cientos de padres de familia de la comuna acudieran a esa casa de estudios para matricular&#8230;<\/p>\n","protected":false},"author":482,"featured_media":61589,"comment_status":"open","ping_status":"open","sticky":false,"template":"","format":"standard","meta":{"advanced_seo_description":"","jetpack_seo_html_title":"","jetpack_seo_noindex":false,"_jetpack_memberships_contains_paid_content":false,"footnotes":""},"categories":[15],"tags":[],"class_list":["post-61588","post","type-post","status-publish","format-standard","has-post-thumbnail","hentry","category-comunidad"],"jetpack_featured_media_url":"https:\/\/i0.wp.com\/eltrabajo.cl\/portal\/wp-content\/uploads\/2015\/09\/Cordillera1.jpg?fit=530%2C349&ssl=1","jetpack_sharing_enabled":true,"jetpack_likes_enabled":true,"jetpack-related-posts":[],"_links":{"self":[{"href":"https:\/\/eltrabajo.cl\/portal\/wp-json\/wp\/v2\/posts\/61588","targetHints":{"allow":["GET"]}}],"collection":[{"href":"https:\/\/eltrabajo.cl\/portal\/wp-json\/wp\/v2\/posts"}],"about":[{"href":"https:\/\/eltrabajo.cl\/portal\/wp-json\/wp\/v2\/types\/post"}],"author":[{"embeddable":true,"href":"https:\/\/eltrabajo.cl\/portal\/wp-json\/wp\/v2\/users\/482"}],"replies":[{"embeddable":true,"href":"https:\/\/eltrabajo.cl\/portal\/wp-json\/wp\/v2\/comments?post=61588"}],"version-history":[{"count":0,"href":"https:\/\/eltrabajo.cl\/portal\/wp-json\/wp\/v2\/posts\/61588\/revisions"}],"wp:featuredmedia":[{"embeddable":true,"href":"https:\/\/eltrabajo.cl\/portal\/wp-json\/wp\/v2\/media\/61589"}],"wp:attachment":[{"href":"https:\/\/eltrabajo.cl\/portal\/wp-json\/wp\/v2\/media?parent=61588"}],"wp:term":[{"taxonomy":"category","embeddable":true,"href":"https:\/\/eltrabajo.cl\/portal\/wp-json\/wp\/v2\/categories?post=61588"},{"taxonomy":"post_tag","embeddable":true,"href":"https:\/\/eltrabajo.cl\/portal\/wp-json\/wp\/v2\/tags?post=61588"}],"curies":[{"name":"wp","href":"https:\/\/api.w.org\/{rel}","templated":true}]}}