{"id":61594,"date":"2015-09-02T09:47:25","date_gmt":"2015-09-02T12:47:25","guid":{"rendered":"http:\/\/www.eltrabajo.cl\/portal\/?p=61594"},"modified":"2015-09-02T09:47:25","modified_gmt":"2015-09-02T12:47:25","slug":"servicio-de-salud-aconcagua-firma-convenio-para-impulsar-programa-piloto-aulas-del-bien-estar","status":"publish","type":"post","link":"https:\/\/eltrabajo.cl\/portal\/servicio-de-salud-aconcagua-firma-convenio-para-impulsar-programa-piloto-aulas-del-bien-estar\/","title":{"rendered":"Servicio de Salud Aconcagua firma convenio para impulsar programa piloto \u2018Aulas del Bien Estar\u2019"},"content":{"rendered":"<figure id=\"attachment_61595\" aria-describedby=\"caption-attachment-61595\" style=\"width: 300px\" class=\"wp-caption alignleft\"><a href=\"https:\/\/i0.wp.com\/www.eltrabajo.cl\/portal\/wp-content\/uploads\/2015\/09\/Firma-convenio-Aulas-del-Bienestar-1.jpg\"><img data-recalc-dims=\"1\" loading=\"lazy\" decoding=\"async\" class=\"wp-image-61595 size-medium\" src=\"https:\/\/i0.wp.com\/www.eltrabajo.cl\/portal\/wp-content\/uploads\/2015\/09\/Firma-convenio-Aulas-del-Bienestar-1-300x198.jpg?resize=300%2C198\" alt=\"La Dra. Vilma Olave junto a diversas autoridades en la firma de un convenio para ejecutar el programa piloto \u2018Aulas del bien estar\u2019 en establecimientos de Calle Larga.\" width=\"300\" height=\"198\" srcset=\"https:\/\/i0.wp.com\/eltrabajo.cl\/portal\/wp-content\/uploads\/2015\/09\/Firma-convenio-Aulas-del-Bienestar-1.jpg?resize=300%2C198&amp;ssl=1 300w, https:\/\/i0.wp.com\/eltrabajo.cl\/portal\/wp-content\/uploads\/2015\/09\/Firma-convenio-Aulas-del-Bienestar-1.jpg?resize=200%2C132&amp;ssl=1 200w, https:\/\/i0.wp.com\/eltrabajo.cl\/portal\/wp-content\/uploads\/2015\/09\/Firma-convenio-Aulas-del-Bienestar-1.jpg?resize=227%2C150&amp;ssl=1 227w, https:\/\/i0.wp.com\/eltrabajo.cl\/portal\/wp-content\/uploads\/2015\/09\/Firma-convenio-Aulas-del-Bienestar-1.jpg?resize=400%2C264&amp;ssl=1 400w, https:\/\/i0.wp.com\/eltrabajo.cl\/portal\/wp-content\/uploads\/2015\/09\/Firma-convenio-Aulas-del-Bienestar-1.jpg?w=530&amp;ssl=1 530w\" sizes=\"auto, (max-width: 300px) 100vw, 300px\" \/><\/a><figcaption id=\"caption-attachment-61595\" class=\"wp-caption-text\">La Dra. Vilma Olave junto a diversas autoridades en la firma de un convenio para ejecutar el programa piloto \u2018Aulas del bien estar\u2019 en establecimientos de Calle Larga.<\/figcaption><\/figure>\n<ul>\n<li><strong>\u201cIniciativa interministerial desarrollada con Educaci\u00f3n, Senda, Junaeb, Interior y Salud, para entregar herramientas a los establecimientos educacionales municipales que les permitan resolver condicionantes que dificultan el proceso de aprendizaje e integraci\u00f3n\u201d, explic\u00f3 la Directora Dra Vilma Olave.<\/strong><\/li>\n<\/ul>\n<p>En una ceremonia conjunta entre los ministerios del Interior, el Servicio Nacional para la Prevenci\u00f3n y Rehabilitaci\u00f3n del Consumo de Drogas y Alcohol, Senda, Junta Nacional Escolar y Becas, Junaeb, Educaci\u00f3n y Salud, en la comuna de Calle Larga se firm\u00f3 convenio para implementar en dos colegios municipales de esa comuna un Programa Piloto denominado \u2018Aulas del Bien Estar\u2019.<br \/>\nEstrategia interministerial que busca detectar, priorizar, abordar y resolver demandas y necesidades a trav\u00e9s de consejer\u00edas a los estudiantes y sus comunidades educativas. Equipos de profesionales compuestos por asistentes sociales, psic\u00f3logos, matronas, enfermeras, entre otros, ser\u00e1n los encargados de llevar a cabo el proceso de atenci\u00f3n integral de los estudiantes, acompa\u00f1ando, detectando, priorizando y derivando en caso necesario.<br \/>\n\u201cEs destacable y valiosa esta forma de trabajar por el bienestar de la comunidad. Aqu\u00ed hay un acompa\u00f1amiento y un trabajo conjunto con los distintos servicios p\u00fablicos que tienen diferentes competencias y que ser\u00e1n puestas a disposici\u00f3n de ni\u00f1os, j\u00f3venes y adolescentes, para que tengan herramientas que les permitan resolver obst\u00e1culos propios que perjudican su proceso de aprendizaje.\u201d<br \/>\n\u201cPero la aplicaci\u00f3n de este Programa de Bien Estar se hace dentro de los establecimientos educacionales. Por lo mismo, agradezco al alcalde de Calle Larga, Nelson Venegas, su disposici\u00f3n y compromiso para impulsar esta experiencia piloto en el Liceo T\u00e9cnico Profesional Pedro Aguirre Cerda y en la Escuela B\u00e1sica La Pampilla y que en un tiempo corto nos importa replicar en otras comunas de Aconcagua.<br \/>\n\u201cAmbos establecimientos ser\u00e1n actores fundamentales para decidir lo que desean. A trav\u00e9s de una jornada de diagn\u00f3stico participativo, donde la comunidad escolar se sienta correspondida y corresponsable, podr\u00e1n resolver las condiciones que desea modificar. En las Aulas del Bien Estar, los estudiantes encontrar\u00e1n todas las prestaciones relativas a la prevenci\u00f3n y educaci\u00f3n, con la entrega de herramientas concretas para enfrentar la vida en sociedad, respecto de consumo de drogas, embarazo adolescente, h\u00e1bitos alimenticios, autoestima, etc, determinantes sociales que se han convertido en verdaderos obst\u00e1culos para el aprendizaje y que esperamos reducir con esta nueva iniciativa interministerial\u201d, expres\u00f3 la Dra. Vilma Olave, Directora del Servicio de Salud Aconcagua.<br \/>\nPor su parte, las autoridades presentes concordaron en se\u00f1alar que con la firma de este convenio, la comuna de Calle Larga se colocaba a la vanguardia para abordar problemas en ni\u00f1os y adolescentes en la zona. Finalmente, reafirmaron su inter\u00e9s en aplicar este programa denominado Aulas del Bien Estar en otras comunas de Aconcagua, para favorecer las mallas curriculares de la educaci\u00f3n p\u00fablica que liceos y escuelas municipales imparten en la zona.<\/p>\n","protected":false},"excerpt":{"rendered":"<p>\u201cIniciativa interministerial desarrollada con Educaci\u00f3n, Senda, Junaeb, Interior y Salud, para entregar herramientas a los establecimientos educacionales municipales que les permitan resolver condicionantes que dificultan el proceso de aprendizaje e integraci\u00f3n\u201d, explic\u00f3&#8230;<\/p>\n","protected":false},"author":482,"featured_media":61595,"comment_status":"open","ping_status":"open","sticky":false,"template":"","format":"standard","meta":{"advanced_seo_description":"","jetpack_seo_html_title":"","jetpack_seo_noindex":false,"_jetpack_memberships_contains_paid_content":false,"footnotes":""},"categories":[1],"tags":[],"class_list":["post-61594","post","type-post","status-publish","format-standard","has-post-thumbnail","hentry","category-cronica"],"jetpack_featured_media_url":"https:\/\/i0.wp.com\/eltrabajo.cl\/portal\/wp-content\/uploads\/2015\/09\/Firma-convenio-Aulas-del-Bienestar-1.jpg?fit=530%2C350&ssl=1","jetpack_sharing_enabled":true,"jetpack_likes_enabled":true,"jetpack-related-posts":[],"_links":{"self":[{"href":"https:\/\/eltrabajo.cl\/portal\/wp-json\/wp\/v2\/posts\/61594","targetHints":{"allow":["GET"]}}],"collection":[{"href":"https:\/\/eltrabajo.cl\/portal\/wp-json\/wp\/v2\/posts"}],"about":[{"href":"https:\/\/eltrabajo.cl\/portal\/wp-json\/wp\/v2\/types\/post"}],"author":[{"embeddable":true,"href":"https:\/\/eltrabajo.cl\/portal\/wp-json\/wp\/v2\/users\/482"}],"replies":[{"embeddable":true,"href":"https:\/\/eltrabajo.cl\/portal\/wp-json\/wp\/v2\/comments?post=61594"}],"version-history":[{"count":0,"href":"https:\/\/eltrabajo.cl\/portal\/wp-json\/wp\/v2\/posts\/61594\/revisions"}],"wp:featuredmedia":[{"embeddable":true,"href":"https:\/\/eltrabajo.cl\/portal\/wp-json\/wp\/v2\/media\/61595"}],"wp:attachment":[{"href":"https:\/\/eltrabajo.cl\/portal\/wp-json\/wp\/v2\/media?parent=61594"}],"wp:term":[{"taxonomy":"category","embeddable":true,"href":"https:\/\/eltrabajo.cl\/portal\/wp-json\/wp\/v2\/categories?post=61594"},{"taxonomy":"post_tag","embeddable":true,"href":"https:\/\/eltrabajo.cl\/portal\/wp-json\/wp\/v2\/tags?post=61594"}],"curies":[{"name":"wp","href":"https:\/\/api.w.org\/{rel}","templated":true}]}}