{"id":61597,"date":"2015-09-02T09:48:58","date_gmt":"2015-09-02T12:48:58","guid":{"rendered":"http:\/\/www.eltrabajo.cl\/portal\/?p=61597"},"modified":"2015-09-02T09:48:59","modified_gmt":"2015-09-02T12:48:59","slug":"efectuan-seminario-para-mujeres-emprendedoras-de-la-provincia","status":"publish","type":"post","link":"https:\/\/eltrabajo.cl\/portal\/efectuan-seminario-para-mujeres-emprendedoras-de-la-provincia\/","title":{"rendered":"Efect\u00faan seminario para mujeres emprendedoras de la Provincia"},"content":{"rendered":"<figure id=\"attachment_61598\" aria-describedby=\"caption-attachment-61598\" style=\"width: 300px\" class=\"wp-caption alignleft\"><a href=\"https:\/\/i0.wp.com\/www.eltrabajo.cl\/portal\/wp-content\/uploads\/2015\/09\/seminario-mujeres-emprendedoras.jpg\"><img data-recalc-dims=\"1\" loading=\"lazy\" decoding=\"async\" class=\"wp-image-61598 size-medium\" src=\"https:\/\/i0.wp.com\/www.eltrabajo.cl\/portal\/wp-content\/uploads\/2015\/09\/seminario-mujeres-emprendedoras-300x198.jpg?resize=300%2C198\" alt=\"Con gran convocatoria se realiz\u00f3 charla motivacional para mujeres emprendedoras de la provincia .\" width=\"300\" height=\"198\" srcset=\"https:\/\/i0.wp.com\/eltrabajo.cl\/portal\/wp-content\/uploads\/2015\/09\/seminario-mujeres-emprendedoras.jpg?resize=300%2C198&amp;ssl=1 300w, https:\/\/i0.wp.com\/eltrabajo.cl\/portal\/wp-content\/uploads\/2015\/09\/seminario-mujeres-emprendedoras.jpg?resize=200%2C132&amp;ssl=1 200w, https:\/\/i0.wp.com\/eltrabajo.cl\/portal\/wp-content\/uploads\/2015\/09\/seminario-mujeres-emprendedoras.jpg?resize=227%2C150&amp;ssl=1 227w, https:\/\/i0.wp.com\/eltrabajo.cl\/portal\/wp-content\/uploads\/2015\/09\/seminario-mujeres-emprendedoras.jpg?resize=400%2C264&amp;ssl=1 400w, https:\/\/i0.wp.com\/eltrabajo.cl\/portal\/wp-content\/uploads\/2015\/09\/seminario-mujeres-emprendedoras.jpg?w=530&amp;ssl=1 530w\" sizes=\"auto, (max-width: 300px) 100vw, 300px\" \/><\/a><figcaption id=\"caption-attachment-61598\" class=\"wp-caption-text\">Con gran convocatoria se realiz\u00f3 charla motivacional para mujeres emprendedoras de la provincia .<\/figcaption><\/figure>\n<ul>\n<li><strong>Un amplio n\u00famero de asistentes particip\u00f3 de las charlas Motivacionales realizadas para perder el miedo a emprender.<\/strong><\/li>\n<\/ul>\n<p>Con la participaci\u00f3n de un importante n\u00famero de mujeres, se desarroll\u00f3 durante este martes diversas actividades destinadas a apoyar a aquellas emprendedoras de la Regi\u00f3n y de la Provincia con la finalidad de otorgarles nuevas armas que las preparen para manejar de mejor manera su negocio desde el punto de vista econ\u00f3mico, pero tambi\u00e9n a nivel de actitud, gracias a los cursos organizados y financiados por Sercotec con apoyo de la Gobernaci\u00f3n de San Felipe.<br \/>\nLa actividad se titul\u00f3 \u2018Seminario Mujer y Empresa: Neurociencia y Emprendimiento\u2019 destinado a transferir conocimientos y habilidades relacionadas a la aplicaci\u00f3n de la neurociencia en el desarrollo empresarial y\/o emprendimiento.<br \/>\nEn la ocasi\u00f3n, uno de los expositores, Hugo Salgado, el profesor de la UV, motiv\u00f3 a las asistentes a darse cuenta sobre la importancia de una actitud positiva a la hora de emprender. \u201cNosotros buscamos quebrar los paradigmas. Que la gente sepa que el emprendedor se hace, pero para eso es necesario un cambio de c\u00f3mo pensamos, c\u00f3mo sentimos, los miedos y c\u00f3mo nos limitamos nosotros mismos para hacer cosas\u201d, manifest\u00f3.<br \/>\nAsimismo, destac\u00f3 que \u201cemprender es una de las actividades m\u00e1s desafiantes. Por lo que hay que ser creativo y es necesario tratar bien el cerebro. Por ejemplo, es necesario dormir 6 horas, que le des glucosa, que le des la cantidad de agua necesaria y al cantidad de oxigeno que requieres. As\u00ed el cerebro permitir\u00e1 que puedas hacer cosas\u201d, finaliz\u00f3.<br \/>\nPor su parte, el Gobernador Eduardo Le\u00f3n, manifest\u00f3 que estos son cursos gratuitos de Sercotec que apuntan a \u201cmotivar a las emprendedoras. La actitud es esencial y para nosotros como Gobierno es importante que la gente con talento y capacidad se atreva a emprender y esta charla motivacional que apunta en esa direcci\u00f3n\u201d.<br \/>\nUna de las participantes fue Evelyn \u00d3rdenes, emprendedora de Catemu, quien hace 5 se dedica a la venta de pan amasado, quien se mostr\u00f3 satisfecha con estos cursos. \u201cCuando uno empieza, son procesos de tropiezos, pero ahora los profesionales reflejan lo que uno puede hacer, el camino y todos los esfuerzos que como familia uno pone a todo lo que quiere. Mujeres y hombres, todos tenemos los mismos derechos y las mismas ganas de salir adelante\u201d, puntualiz\u00f3 la emprendedora.<\/p>\n","protected":false},"excerpt":{"rendered":"<p>Un amplio n\u00famero de asistentes particip\u00f3 de las charlas Motivacionales realizadas para perder el miedo a emprender. Con la participaci\u00f3n de un importante n\u00famero de mujeres, se desarroll\u00f3 durante este martes diversas&#8230;<\/p>\n","protected":false},"author":482,"featured_media":61598,"comment_status":"open","ping_status":"open","sticky":false,"template":"","format":"standard","meta":{"advanced_seo_description":"","jetpack_seo_html_title":"","jetpack_seo_noindex":false,"_jetpack_memberships_contains_paid_content":false,"footnotes":""},"categories":[1],"tags":[],"class_list":["post-61597","post","type-post","status-publish","format-standard","has-post-thumbnail","hentry","category-cronica"],"jetpack_featured_media_url":"https:\/\/i0.wp.com\/eltrabajo.cl\/portal\/wp-content\/uploads\/2015\/09\/seminario-mujeres-emprendedoras.jpg?fit=530%2C350&ssl=1","jetpack_sharing_enabled":true,"jetpack_likes_enabled":true,"jetpack-related-posts":[],"_links":{"self":[{"href":"https:\/\/eltrabajo.cl\/portal\/wp-json\/wp\/v2\/posts\/61597","targetHints":{"allow":["GET"]}}],"collection":[{"href":"https:\/\/eltrabajo.cl\/portal\/wp-json\/wp\/v2\/posts"}],"about":[{"href":"https:\/\/eltrabajo.cl\/portal\/wp-json\/wp\/v2\/types\/post"}],"author":[{"embeddable":true,"href":"https:\/\/eltrabajo.cl\/portal\/wp-json\/wp\/v2\/users\/482"}],"replies":[{"embeddable":true,"href":"https:\/\/eltrabajo.cl\/portal\/wp-json\/wp\/v2\/comments?post=61597"}],"version-history":[{"count":0,"href":"https:\/\/eltrabajo.cl\/portal\/wp-json\/wp\/v2\/posts\/61597\/revisions"}],"wp:featuredmedia":[{"embeddable":true,"href":"https:\/\/eltrabajo.cl\/portal\/wp-json\/wp\/v2\/media\/61598"}],"wp:attachment":[{"href":"https:\/\/eltrabajo.cl\/portal\/wp-json\/wp\/v2\/media?parent=61597"}],"wp:term":[{"taxonomy":"category","embeddable":true,"href":"https:\/\/eltrabajo.cl\/portal\/wp-json\/wp\/v2\/categories?post=61597"},{"taxonomy":"post_tag","embeddable":true,"href":"https:\/\/eltrabajo.cl\/portal\/wp-json\/wp\/v2\/tags?post=61597"}],"curies":[{"name":"wp","href":"https:\/\/api.w.org\/{rel}","templated":true}]}}