{"id":61600,"date":"2015-09-02T09:50:19","date_gmt":"2015-09-02T12:50:19","guid":{"rendered":"http:\/\/www.eltrabajo.cl\/portal\/?p=61600"},"modified":"2015-09-02T09:50:19","modified_gmt":"2015-09-02T12:50:19","slug":"sujeto-ebrio-ataca-a-su-conviviente-y-le-amputa-dedo-de-su-mano","status":"publish","type":"post","link":"https:\/\/eltrabajo.cl\/portal\/sujeto-ebrio-ataca-a-su-conviviente-y-le-amputa-dedo-de-su-mano\/","title":{"rendered":"Sujeto ebrio ataca a su conviviente y le amputa dedo de su mano"},"content":{"rendered":"<figure id=\"attachment_61601\" aria-describedby=\"caption-attachment-61601\" style=\"width: 300px\" class=\"wp-caption alignleft\"><a href=\"https:\/\/i0.wp.com\/www.eltrabajo.cl\/portal\/wp-content\/uploads\/2015\/09\/jardinero-amputacion.jpg\"><img data-recalc-dims=\"1\" loading=\"lazy\" decoding=\"async\" class=\"wp-image-61601 size-medium\" src=\"https:\/\/i0.wp.com\/www.eltrabajo.cl\/portal\/wp-content\/uploads\/2015\/09\/jardinero-amputacion-300x199.jpg?resize=300%2C199\" alt=\"El sujeto fue imputado por formalizado por el delito de lesiones graves en contexto de la ley de violencia intrafamiliar, quedando con arresto domiciliario y prohibici\u00f3n de acercarse a la v\u00edctima.\" width=\"300\" height=\"199\" srcset=\"https:\/\/i0.wp.com\/eltrabajo.cl\/portal\/wp-content\/uploads\/2015\/09\/jardinero-amputacion.jpg?resize=300%2C199&amp;ssl=1 300w, https:\/\/i0.wp.com\/eltrabajo.cl\/portal\/wp-content\/uploads\/2015\/09\/jardinero-amputacion.jpg?resize=200%2C133&amp;ssl=1 200w, https:\/\/i0.wp.com\/eltrabajo.cl\/portal\/wp-content\/uploads\/2015\/09\/jardinero-amputacion.jpg?resize=226%2C150&amp;ssl=1 226w, https:\/\/i0.wp.com\/eltrabajo.cl\/portal\/wp-content\/uploads\/2015\/09\/jardinero-amputacion.jpg?resize=400%2C265&amp;ssl=1 400w, https:\/\/i0.wp.com\/eltrabajo.cl\/portal\/wp-content\/uploads\/2015\/09\/jardinero-amputacion.jpg?w=528&amp;ssl=1 528w\" sizes=\"auto, (max-width: 300px) 100vw, 300px\" \/><\/a><figcaption id=\"caption-attachment-61601\" class=\"wp-caption-text\">El sujeto fue imputado por formalizado por el delito de lesiones graves en contexto de la ley de violencia intrafamiliar, quedando con arresto domiciliario y prohibici\u00f3n de acercarse a la v\u00edctima.<\/figcaption><\/figure>\n<ul>\n<li><strong>Despu\u00e9s de la agresi\u00f3n el individuo sigui\u00f3 bebiendo, mientras vecinos debieron llevar a la v\u00edctima al hospital donde qued\u00f3 internada.<\/strong><\/li>\n<\/ul>\n<p><strong>SAN ESTEBAN<\/strong>.- Un brutal caso de violencia intrafamiliar se produjo la tarde del domingo en la comuna de San Esteban, cuando un jardinero que se encontraba bajo los efectos del alcohol atac\u00f3 brutalmente a su pareja y le amput\u00f3 uno de los dedos de la mano izquierda.<br \/>\nLos hechos se produjeron pasadas las 18 horas en un inmueble ubicado en la villa Nazareno, donde se encontraba el imputado \u00c1. B. S.T. (38) acompa\u00f1ado de su conviviente A.B.A.F. y la peque\u00f1a hija de ambos.<br \/>\nDurante la tarde, el grupo hab\u00eda estado compartiendo en un \u00e1rea verde del sector junto a otras personas, ocasi\u00f3n que en el imputado se pas\u00f3 de copas.<br \/>\nDe regreso al hogar el sujeto quer\u00eda seguir bebiendo, pero como la mujer no se lo permiti\u00f3, \u00e9ste se enfureci\u00f3 y se abalanz\u00f3 sobre ella propin\u00e1ndole golpes de pu\u00f1o en el rostro mientras gritaba amenaz\u00e1ndola de muerte, todo delante de la hija de ambos.<br \/>\nLa v\u00edctima aterrada trat\u00f3 de escapar del inmueble para pedir ayuda, sin embargo cuando sal\u00eda, el hombre le cerr\u00f3 violentamente la puerta atrap\u00e1ndole la mano izquierda y provoc\u00e1ndole la amputaci\u00f3n traum\u00e1tica del dedo anular.<br \/>\nPese al terrible dolor de la amputaci\u00f3n, la afectada logr\u00f3 pedir ayuda a vecinos que en forma inmediata la trasladaron hasta el Servicio de Urgencia del Hospital San Juan de Dios donde fue estabilizada y luego qued\u00f3 internada en el centro asistencial.<br \/>\nMientras eso ocurr\u00eda, el jardinero sin ning\u00fan remordimiento se qued\u00f3 en el hogar y continu\u00f3 bebiendo.<br \/>\nCarabinero recepcion\u00f3 la denuncia en el mismo centro asistencial y luego acudi\u00f3 hasta la casa donde detuvo al imputado.<br \/>\nEl sujeto pas\u00f3 a control de detenci\u00f3n en el Tribunal de Garant\u00eda de Los Andes donde el fiscal Osvaldo Basso lo formaliz\u00f3 por el delito de lesiones graves en contexto de la ley de violencia intrafamiliar.<br \/>\nEl persecutor solicit\u00f3 la prisi\u00f3n preventiva para el jardinero por estimar que su libertad representaba un peligro para la seguridad de la v\u00edctima y la sociedad, pese a no tener antecedentes penales anteriores.<br \/>\nNo obstante, el defensor p\u00fablico Rodrigo Sep\u00falveda Maga\u00f1a se opuso a tal medida por considerarla excesivamente gravosa, todas que su representado no actu\u00f3 con dolo al no haber tenido la intenci\u00f3n de amputarle el dedo a su pareja al cerrar la puerta, sino que impedir que esta saliera de la casa.<br \/>\nSopesados los argumentos la jueza de garant\u00eda Valeria Crosa no accedi\u00f3 a la petici\u00f3n del fiscal y solamente decret\u00f3 en contra del imputado las medidas cautelares de arresto domiciliario total, abandono del hogar que compart\u00eda con la v\u00edctima y prohibici\u00f3n de acercarse a \u00e9sta por los tres meses que fij\u00f3 de plazo para el cierre de la investigaci\u00f3n.<\/p>\n","protected":false},"excerpt":{"rendered":"<p>Despu\u00e9s de la agresi\u00f3n el individuo sigui\u00f3 bebiendo, mientras vecinos debieron llevar a la v\u00edctima al hospital donde qued\u00f3 internada. SAN ESTEBAN.- Un brutal caso de violencia intrafamiliar se produjo la tarde&#8230;<\/p>\n","protected":false},"author":482,"featured_media":61601,"comment_status":"open","ping_status":"open","sticky":false,"template":"","format":"standard","meta":{"advanced_seo_description":"","jetpack_seo_html_title":"","jetpack_seo_noindex":false,"_jetpack_memberships_contains_paid_content":false,"footnotes":""},"categories":[21],"tags":[],"class_list":["post-61600","post","type-post","status-publish","format-standard","has-post-thumbnail","hentry","category-policial"],"jetpack_featured_media_url":"https:\/\/i0.wp.com\/eltrabajo.cl\/portal\/wp-content\/uploads\/2015\/09\/jardinero-amputacion.jpg?fit=528%2C350&ssl=1","jetpack_sharing_enabled":true,"jetpack_likes_enabled":true,"jetpack-related-posts":[],"_links":{"self":[{"href":"https:\/\/eltrabajo.cl\/portal\/wp-json\/wp\/v2\/posts\/61600","targetHints":{"allow":["GET"]}}],"collection":[{"href":"https:\/\/eltrabajo.cl\/portal\/wp-json\/wp\/v2\/posts"}],"about":[{"href":"https:\/\/eltrabajo.cl\/portal\/wp-json\/wp\/v2\/types\/post"}],"author":[{"embeddable":true,"href":"https:\/\/eltrabajo.cl\/portal\/wp-json\/wp\/v2\/users\/482"}],"replies":[{"embeddable":true,"href":"https:\/\/eltrabajo.cl\/portal\/wp-json\/wp\/v2\/comments?post=61600"}],"version-history":[{"count":0,"href":"https:\/\/eltrabajo.cl\/portal\/wp-json\/wp\/v2\/posts\/61600\/revisions"}],"wp:featuredmedia":[{"embeddable":true,"href":"https:\/\/eltrabajo.cl\/portal\/wp-json\/wp\/v2\/media\/61601"}],"wp:attachment":[{"href":"https:\/\/eltrabajo.cl\/portal\/wp-json\/wp\/v2\/media?parent=61600"}],"wp:term":[{"taxonomy":"category","embeddable":true,"href":"https:\/\/eltrabajo.cl\/portal\/wp-json\/wp\/v2\/categories?post=61600"},{"taxonomy":"post_tag","embeddable":true,"href":"https:\/\/eltrabajo.cl\/portal\/wp-json\/wp\/v2\/tags?post=61600"}],"curies":[{"name":"wp","href":"https:\/\/api.w.org\/{rel}","templated":true}]}}