{"id":61603,"date":"2015-09-02T09:51:57","date_gmt":"2015-09-02T12:51:57","guid":{"rendered":"http:\/\/www.eltrabajo.cl\/portal\/?p=61603"},"modified":"2015-09-02T09:51:57","modified_gmt":"2015-09-02T12:51:57","slug":"peaton-muere-arrollado-tras-violento-impacto-de-camion-en-ruta-5-norte","status":"publish","type":"post","link":"https:\/\/eltrabajo.cl\/portal\/peaton-muere-arrollado-tras-violento-impacto-de-camion-en-ruta-5-norte\/","title":{"rendered":"Peat\u00f3n muere arrollado tras violento impacto de cami\u00f3n en Ruta 5 Norte"},"content":{"rendered":"<figure id=\"attachment_61604\" aria-describedby=\"caption-attachment-61604\" style=\"width: 300px\" class=\"wp-caption alignleft\"><a href=\"https:\/\/i0.wp.com\/www.eltrabajo.cl\/portal\/wp-content\/uploads\/2015\/09\/MUERTO-ATROPELLADO.jpg\"><img data-recalc-dims=\"1\" loading=\"lazy\" decoding=\"async\" class=\"wp-image-61604 size-medium\" src=\"https:\/\/i0.wp.com\/www.eltrabajo.cl\/portal\/wp-content\/uploads\/2015\/09\/MUERTO-ATROPELLADO-300x198.jpg?resize=300%2C198\" alt=\" El hombre de 49 a\u00f1os de edad identificado como Jorge Fern\u00e1ndez Cornejo falleci\u00f3 en forma instant\u00e1nea tras ser atropellado por un cami\u00f3n en el Kil\u00f3metro 60 de la ruta 5 Norte. (Foto Archivo).\" width=\"300\" height=\"198\" srcset=\"https:\/\/i0.wp.com\/eltrabajo.cl\/portal\/wp-content\/uploads\/2015\/09\/MUERTO-ATROPELLADO.jpg?resize=300%2C198&amp;ssl=1 300w, https:\/\/i0.wp.com\/eltrabajo.cl\/portal\/wp-content\/uploads\/2015\/09\/MUERTO-ATROPELLADO.jpg?resize=200%2C132&amp;ssl=1 200w, https:\/\/i0.wp.com\/eltrabajo.cl\/portal\/wp-content\/uploads\/2015\/09\/MUERTO-ATROPELLADO.jpg?resize=228%2C150&amp;ssl=1 228w, https:\/\/i0.wp.com\/eltrabajo.cl\/portal\/wp-content\/uploads\/2015\/09\/MUERTO-ATROPELLADO.jpg?resize=400%2C263&amp;ssl=1 400w, https:\/\/i0.wp.com\/eltrabajo.cl\/portal\/wp-content\/uploads\/2015\/09\/MUERTO-ATROPELLADO.jpg?w=530&amp;ssl=1 530w\" sizes=\"auto, (max-width: 300px) 100vw, 300px\" \/><\/a><figcaption id=\"caption-attachment-61604\" class=\"wp-caption-text\">El hombre de 49 a\u00f1os de edad identificado como Jorge Fern\u00e1ndez Cornejo falleci\u00f3 en forma instant\u00e1nea tras ser atropellado por un cami\u00f3n en el Kil\u00f3metro 60 de la ruta 5 Norte. (Foto Archivo).<\/figcaption><\/figure>\n<ul>\n<li><strong>El caso se mantiene en investigaci\u00f3n por parte de la Fiscal\u00eda de San Felipe tras la muerte del malogrado hombre que caminaba por la ruta 5 Norte de alta velocidad, en un paso no habilitado.<\/strong><\/li>\n<\/ul>\n<p>Un peat\u00f3n muri\u00f3 instant\u00e1neamente luego de haber sido arrollado en el kil\u00f3metro 60 de la ruta 5 Norte, por un cami\u00f3n que se desplazaba hacia la Regi\u00f3n Metropolitana. El deceso se produjo cuando el veh\u00edculo impact\u00f3 violentamente a un hombre de 49 a\u00f1os de edad identificado como Jorge Fern\u00e1ndez Cornejo, quien por razones desconocidas se encontraba circulando por esa carretera en un paso no habilitado.<br \/>\nEl fatal accidente se produjo a eso de las 17:40 horas del pasado domingo, cuando el conductor de un cami\u00f3n que circulaba en direcci\u00f3n a Santiago, sorpresivamente atropell\u00f3 al peat\u00f3n que caminaba por el borde de la ruta de alto tr\u00e1fico.<br \/>\nDebido a la fuerza del impacto, el hombre de 49 a\u00f1os result\u00f3 con diversas fracturas de gravedad que le cost\u00f3 la vida a los pocos segundos, siendo confirmado por personal del Samu que se constituy\u00f3 ante la emergencia.<br \/>\nEn tanto el conductor de la maquinaria pesada que se encontraba en el sitio del suceso, fue interrogado por los efectivos policiales de la Subcomisar\u00eda de Investigaci\u00f3n de Accidentes de Tr\u00e1nsito, Siat de San Felipe, quienes se encuentran en proceso de investigaci\u00f3n del caso.<br \/>\nPor disposici\u00f3n del Ministerio P\u00fablico, el conductor del cami\u00f3n fue dejado en libertad a la espera de citaci\u00f3n por parte de la Fiscal\u00eda de San Felipe que investigar\u00e1 el caso.<br \/>\n<strong>Pablo Salinas Sald\u00edas<\/strong><\/p>\n","protected":false},"excerpt":{"rendered":"<p>El caso se mantiene en investigaci\u00f3n por parte de la Fiscal\u00eda de San Felipe tras la muerte del malogrado hombre que caminaba por la ruta 5 Norte de alta velocidad, en un&#8230;<\/p>\n","protected":false},"author":482,"featured_media":61604,"comment_status":"open","ping_status":"open","sticky":false,"template":"","format":"standard","meta":{"advanced_seo_description":"","jetpack_seo_html_title":"","jetpack_seo_noindex":false,"_jetpack_memberships_contains_paid_content":false,"footnotes":""},"categories":[21],"tags":[],"class_list":["post-61603","post","type-post","status-publish","format-standard","has-post-thumbnail","hentry","category-policial"],"jetpack_featured_media_url":"https:\/\/i0.wp.com\/eltrabajo.cl\/portal\/wp-content\/uploads\/2015\/09\/MUERTO-ATROPELLADO.jpg?fit=530%2C349&ssl=1","jetpack_sharing_enabled":true,"jetpack_likes_enabled":true,"jetpack-related-posts":[],"_links":{"self":[{"href":"https:\/\/eltrabajo.cl\/portal\/wp-json\/wp\/v2\/posts\/61603","targetHints":{"allow":["GET"]}}],"collection":[{"href":"https:\/\/eltrabajo.cl\/portal\/wp-json\/wp\/v2\/posts"}],"about":[{"href":"https:\/\/eltrabajo.cl\/portal\/wp-json\/wp\/v2\/types\/post"}],"author":[{"embeddable":true,"href":"https:\/\/eltrabajo.cl\/portal\/wp-json\/wp\/v2\/users\/482"}],"replies":[{"embeddable":true,"href":"https:\/\/eltrabajo.cl\/portal\/wp-json\/wp\/v2\/comments?post=61603"}],"version-history":[{"count":0,"href":"https:\/\/eltrabajo.cl\/portal\/wp-json\/wp\/v2\/posts\/61603\/revisions"}],"wp:featuredmedia":[{"embeddable":true,"href":"https:\/\/eltrabajo.cl\/portal\/wp-json\/wp\/v2\/media\/61604"}],"wp:attachment":[{"href":"https:\/\/eltrabajo.cl\/portal\/wp-json\/wp\/v2\/media?parent=61603"}],"wp:term":[{"taxonomy":"category","embeddable":true,"href":"https:\/\/eltrabajo.cl\/portal\/wp-json\/wp\/v2\/categories?post=61603"},{"taxonomy":"post_tag","embeddable":true,"href":"https:\/\/eltrabajo.cl\/portal\/wp-json\/wp\/v2\/tags?post=61603"}],"curies":[{"name":"wp","href":"https:\/\/api.w.org\/{rel}","templated":true}]}}