{"id":61606,"date":"2015-09-02T09:53:31","date_gmt":"2015-09-02T12:53:31","guid":{"rendered":"http:\/\/www.eltrabajo.cl\/portal\/?p=61606"},"modified":"2015-09-02T09:53:31","modified_gmt":"2015-09-02T12:53:31","slug":"nuevo-estadio-de-san-felipe-llevara-el-nombre-de-javier-munoz-delgado","status":"publish","type":"post","link":"https:\/\/eltrabajo.cl\/portal\/nuevo-estadio-de-san-felipe-llevara-el-nombre-de-javier-munoz-delgado\/","title":{"rendered":"Nuevo estadio de San Felipe llevar\u00e1 el nombre de Javier Mu\u00f1oz Delgado"},"content":{"rendered":"<figure id=\"attachment_61607\" aria-describedby=\"caption-attachment-61607\" style=\"width: 300px\" class=\"wp-caption alignleft\"><a href=\"https:\/\/i0.wp.com\/www.eltrabajo.cl\/portal\/wp-content\/uploads\/2015\/09\/javier-mu%C3%B1oz-2.jpg\"><img data-recalc-dims=\"1\" loading=\"lazy\" decoding=\"async\" class=\"wp-image-61607 size-medium\" src=\"https:\/\/i0.wp.com\/www.eltrabajo.cl\/portal\/wp-content\/uploads\/2015\/09\/javier-mu%C3%B1oz-2-300x198.jpg?resize=300%2C198\" alt=\"\u00abJavier estaba muy contento cuando se empez\u00f3 a hacer el dise\u00f1o del nuevo estadio de San Felipe, y \u00e9l era uno de los m\u00e1s entusiastas\u00bb, destac\u00f3 el Alcalde Patricio Freire al momento de explicar que el homenaje se har\u00e1 en el nuevo estadio y no el actual.\" width=\"300\" height=\"198\" srcset=\"https:\/\/i0.wp.com\/eltrabajo.cl\/portal\/wp-content\/uploads\/2015\/09\/javier-mu%C3%B1oz-2.jpg?resize=300%2C198&amp;ssl=1 300w, https:\/\/i0.wp.com\/eltrabajo.cl\/portal\/wp-content\/uploads\/2015\/09\/javier-mu%C3%B1oz-2.jpg?resize=200%2C132&amp;ssl=1 200w, https:\/\/i0.wp.com\/eltrabajo.cl\/portal\/wp-content\/uploads\/2015\/09\/javier-mu%C3%B1oz-2.jpg?resize=228%2C150&amp;ssl=1 228w, https:\/\/i0.wp.com\/eltrabajo.cl\/portal\/wp-content\/uploads\/2015\/09\/javier-mu%C3%B1oz-2.jpg?resize=400%2C263&amp;ssl=1 400w, https:\/\/i0.wp.com\/eltrabajo.cl\/portal\/wp-content\/uploads\/2015\/09\/javier-mu%C3%B1oz-2.jpg?w=530&amp;ssl=1 530w\" sizes=\"auto, (max-width: 300px) 100vw, 300px\" \/><\/a><figcaption id=\"caption-attachment-61607\" class=\"wp-caption-text\">\u00abJavier estaba muy contento cuando se empez\u00f3 a hacer el dise\u00f1o del nuevo estadio de San Felipe, y \u00e9l era uno de los m\u00e1s entusiastas\u00bb, destac\u00f3 el Alcalde Patricio Freire al momento de explicar que el homenaje se har\u00e1 en el nuevo estadio y no el actual.<\/figcaption><\/figure>\n<ul>\n<li><strong>Concejo Municipal aprob\u00f3 merecido homenaje p\u00f3stumo para el Hijo Ilustre y apreciado profesional de las comunicaciones.<\/strong><\/li>\n<\/ul>\n<p>Acogiendo el clamor de la ciudadan\u00eda, la tarde de ayer el Concejo Municipal de San Felipe aprob\u00f3 que el nuevo Estadio Municipal de la ciudad lleve el nombre de Javier Mu\u00f1oz Delgado, un sentido y merecido homenaje para el Se\u00f1or de los Humildes, quien hizo de su vida un ejemplo a seguir para muchos que se consideran grandes.<br \/>\nAs\u00ed lo determinaron la totalidad de los concejales junto al Alcalde Patricio Freire durante la sesi\u00f3n de Concejo realizada la tarde de ayer, a la cual asistieron el padre y el hermano de Javier Mu\u00f1oz, quienes debieron retirarse antes de que se conociera la noticia.<br \/>\nAunque exist\u00eda consenso en otorgar este homenaje p\u00f3stumo a Javier Mu\u00f1oz Delgado, igualmente se gener\u00f3 cierta discrepancia entre algunos sectores de la comunidad que plantearon que el nombre deber\u00eda otorgarse al actual estadio municipal, lo que permitir\u00eda que ese homenaje se concretara en el corto plazo, y no al nuevo estadio que se estima deber\u00eda comenzar los trabajos el 2016 para finalizar el 2017 o 2018.<br \/>\nComo se sabe, el nuevo estadio est\u00e1 reci\u00e9n en la primera etapa de licitaci\u00f3n, y por tratarse de un compromiso del Gobierno de la Presidenta Michelle Bachelet, los plazos ser\u00e1n mucho m\u00e1s r\u00e1pidos.<br \/>\nRespecto al homenaje y la idea de hacerlo en el nuevo estadio, el Alcalde Patricio Freire destac\u00f3 que \u00abJavier estaba muy contento cuando se empez\u00f3 a hacer el dise\u00f1o del nuevo estadio de San Felipe, y \u00e9l era uno de los m\u00e1s entusiastas, entonces es un homenaje que se le va a hacer a Javier de por vida, para siempre, para tenerlo siempre en el recuerdo de los sanfelipe\u00f1os, porque la humildad de Javier, todo lo que signific\u00f3 el ejemplo de vida, una ense\u00f1anza para las generaciones de lo que fue Javier en vida\u00bb.<br \/>\nAsimismo y seg\u00fan consigna Radio B\u00edo B\u00edo, a petici\u00f3n de la familia de Javier Mu\u00f1oz, el equipo jur\u00eddico municipal ya est\u00e1 trabajando en la presentaci\u00f3n de acciones legales: \u00abNos pidi\u00f3 la familia y estamos colocando nuestro departamento jur\u00eddico a disposici\u00f3n de la familia para hacer los requerimientos legales que correspondan\u00bb.<\/p>\n","protected":false},"excerpt":{"rendered":"<p>Concejo Municipal aprob\u00f3 merecido homenaje p\u00f3stumo para el Hijo Ilustre y apreciado profesional de las comunicaciones. Acogiendo el clamor de la ciudadan\u00eda, la tarde de ayer el Concejo Municipal de San Felipe&#8230;<\/p>\n","protected":false},"author":482,"featured_media":61607,"comment_status":"open","ping_status":"open","sticky":false,"template":"","format":"standard","meta":{"advanced_seo_description":"","jetpack_seo_html_title":"","jetpack_seo_noindex":false,"_jetpack_memberships_contains_paid_content":false,"footnotes":""},"categories":[1],"tags":[],"class_list":["post-61606","post","type-post","status-publish","format-standard","has-post-thumbnail","hentry","category-cronica"],"jetpack_featured_media_url":"https:\/\/i0.wp.com\/eltrabajo.cl\/portal\/wp-content\/uploads\/2015\/09\/javier-mu%C3%B1oz-2.jpg?fit=530%2C349&ssl=1","jetpack_sharing_enabled":true,"jetpack_likes_enabled":true,"jetpack-related-posts":[],"_links":{"self":[{"href":"https:\/\/eltrabajo.cl\/portal\/wp-json\/wp\/v2\/posts\/61606","targetHints":{"allow":["GET"]}}],"collection":[{"href":"https:\/\/eltrabajo.cl\/portal\/wp-json\/wp\/v2\/posts"}],"about":[{"href":"https:\/\/eltrabajo.cl\/portal\/wp-json\/wp\/v2\/types\/post"}],"author":[{"embeddable":true,"href":"https:\/\/eltrabajo.cl\/portal\/wp-json\/wp\/v2\/users\/482"}],"replies":[{"embeddable":true,"href":"https:\/\/eltrabajo.cl\/portal\/wp-json\/wp\/v2\/comments?post=61606"}],"version-history":[{"count":0,"href":"https:\/\/eltrabajo.cl\/portal\/wp-json\/wp\/v2\/posts\/61606\/revisions"}],"wp:featuredmedia":[{"embeddable":true,"href":"https:\/\/eltrabajo.cl\/portal\/wp-json\/wp\/v2\/media\/61607"}],"wp:attachment":[{"href":"https:\/\/eltrabajo.cl\/portal\/wp-json\/wp\/v2\/media?parent=61606"}],"wp:term":[{"taxonomy":"category","embeddable":true,"href":"https:\/\/eltrabajo.cl\/portal\/wp-json\/wp\/v2\/categories?post=61606"},{"taxonomy":"post_tag","embeddable":true,"href":"https:\/\/eltrabajo.cl\/portal\/wp-json\/wp\/v2\/tags?post=61606"}],"curies":[{"name":"wp","href":"https:\/\/api.w.org\/{rel}","templated":true}]}}