{"id":61614,"date":"2015-09-03T09:06:11","date_gmt":"2015-09-03T12:06:11","guid":{"rendered":"http:\/\/www.eltrabajo.cl\/portal\/?p=61614"},"modified":"2015-09-03T09:06:11","modified_gmt":"2015-09-03T12:06:11","slug":"autoridades-lanzan-programa-4-a-7-mujer-trabaja-tranquila","status":"publish","type":"post","link":"https:\/\/eltrabajo.cl\/portal\/autoridades-lanzan-programa-4-a-7-mujer-trabaja-tranquila\/","title":{"rendered":"Autoridades lanzan programa \u20184 a 7 mujer trabaja tranquila\u2019"},"content":{"rendered":"<figure id=\"attachment_61615\" aria-describedby=\"caption-attachment-61615\" style=\"width: 300px\" class=\"wp-caption alignleft\"><a href=\"https:\/\/i0.wp.com\/www.eltrabajo.cl\/portal\/wp-content\/uploads\/2015\/09\/programa.jpg\"><img data-recalc-dims=\"1\" loading=\"lazy\" decoding=\"async\" class=\"wp-image-61615 size-medium\" src=\"https:\/\/i0.wp.com\/www.eltrabajo.cl\/portal\/wp-content\/uploads\/2015\/09\/programa-300x198.jpg?resize=300%2C198\" alt=\"En el lanzamiento del programa, los ni\u00f1os beneficiados prepararon distintos cuadros art\u00edsticos mostrando los logros que han conseguido con sus monitores.\" width=\"300\" height=\"198\" srcset=\"https:\/\/i0.wp.com\/eltrabajo.cl\/portal\/wp-content\/uploads\/2015\/09\/programa.jpg?resize=300%2C198&amp;ssl=1 300w, https:\/\/i0.wp.com\/eltrabajo.cl\/portal\/wp-content\/uploads\/2015\/09\/programa.jpg?resize=200%2C132&amp;ssl=1 200w, https:\/\/i0.wp.com\/eltrabajo.cl\/portal\/wp-content\/uploads\/2015\/09\/programa.jpg?resize=227%2C150&amp;ssl=1 227w, https:\/\/i0.wp.com\/eltrabajo.cl\/portal\/wp-content\/uploads\/2015\/09\/programa.jpg?resize=400%2C264&amp;ssl=1 400w, https:\/\/i0.wp.com\/eltrabajo.cl\/portal\/wp-content\/uploads\/2015\/09\/programa.jpg?w=530&amp;ssl=1 530w\" sizes=\"auto, (max-width: 300px) 100vw, 300px\" \/><\/a><figcaption id=\"caption-attachment-61615\" class=\"wp-caption-text\">En el lanzamiento del programa, los ni\u00f1os beneficiados prepararon distintos cuadros art\u00edsticos mostrando los logros que han conseguido con sus monitores.<\/figcaption><\/figure>\n<p>Este lunes el alcalde Patricio Freire acompa\u00f1ado de Waleska Castillo, directora regional del Servicio Nacional de la Mujer, realizaron el lanzamiento del programa \u20184 a 7 Mujer trabaja tranquila\u2019, en la escuela John Kennedy de San Felipe.<br \/>\nEn la actividad participaron los ni\u00f1os que son parte de la iniciativa, quienes prepararon distintos cuadros art\u00edsticos, mostrando de esta forma el trabajo que durante los \u00faltimos meses han realizado con los monitores.<br \/>\nEl programa \u20184 a 7 Mujer trabaja tranquila\u2019 es una iniciativa que se ejecuta gracias a un convenio entre el Sernam y la Municipalidad de San Felipe y que en esta comuna ha sido muy exitoso. Est\u00e1 enfocado hacia las mujeres que trabajan y no tienen con quien dejar a sus hijos, por lo que funciona en horas de la tarde, apoyando a los ni\u00f1os en sus tareas escolares, as\u00ed como tambi\u00e9n potenciando la pr\u00e1ctica del deporte, ya que cuenta con instructores especialmente preparados para cada actividad.<br \/>\n\u201cEsto permite que las madres trabajen tranquilas mientras sus ni\u00f1os est\u00e1n al cuidado de estos monitores, que les permiten abrir un mundo hacia las artes y la cultura, que para nosotros es fundamental. Como ejecutor la Municipalidad de San Felipe, a trav\u00e9s de su Alcalde, el Dideco, la directora del colegio nos permiten tener una excelente ejecuci\u00f3n y por lo cual hemos aumentado la inversi\u00f3n en esta comuna\u201d, se\u00f1al\u00f3 Waleska Castillo.<br \/>\nLa autoridad regional destac\u00f3 el compromiso de parte del alcalde Patricio Freire frente al programa, apoyando as\u00ed a las mujeres de la comuna, quienes al trabajar logran autonom\u00eda econ\u00f3mica.<br \/>\n\u201cEs muy importante que por segundo a\u00f1o tengamos este programa, ya que permite a las mujeres de nuestra comuna trabajar tranquilas, porque nosotros recibimos a sus hijos y est\u00e1n a cargo de monitores especialmente preparados. Ellos los tienen entretenidos con juegos y actividad f\u00edsica, pero adem\u00e1s los apoyan en sus procesos educativos\u201d, dijo el alcalde Patricio Freire.<br \/>\nPara la directora del establecimiento, Marianela Parada constituye un orgullo los logros que han alcanzado los ni\u00f1os en estos meses de ejecuci\u00f3n del programa, se\u00f1alando que \u201cen poquito tiempo hemos logrado importantes frutos, por ello agradecemos a las autoridades, al alcalde Freire que siempre ha estado al lado nuestro y ha apoyado este programa. Por ello estamos motivados en seguir adelante, en sumar m\u00e1s ni\u00f1os y que podamos ampliarnos. La evaluaci\u00f3n es totalmente positiva, mis monitores son un siete\u201d, sostuvo la profesional.<\/p>\n","protected":false},"excerpt":{"rendered":"<p>Este lunes el alcalde Patricio Freire acompa\u00f1ado de Waleska Castillo, directora regional del Servicio Nacional de la Mujer, realizaron el lanzamiento del programa \u20184 a 7 Mujer trabaja tranquila\u2019, en la escuela&#8230;<\/p>\n","protected":false},"author":482,"featured_media":61615,"comment_status":"open","ping_status":"open","sticky":false,"template":"","format":"standard","meta":{"advanced_seo_description":"","jetpack_seo_html_title":"","jetpack_seo_noindex":false,"_jetpack_memberships_contains_paid_content":false,"footnotes":""},"categories":[15],"tags":[],"class_list":["post-61614","post","type-post","status-publish","format-standard","has-post-thumbnail","hentry","category-comunidad"],"jetpack_featured_media_url":"https:\/\/i0.wp.com\/eltrabajo.cl\/portal\/wp-content\/uploads\/2015\/09\/programa.jpg?fit=530%2C350&ssl=1","jetpack_sharing_enabled":true,"jetpack_likes_enabled":true,"jetpack-related-posts":[],"_links":{"self":[{"href":"https:\/\/eltrabajo.cl\/portal\/wp-json\/wp\/v2\/posts\/61614","targetHints":{"allow":["GET"]}}],"collection":[{"href":"https:\/\/eltrabajo.cl\/portal\/wp-json\/wp\/v2\/posts"}],"about":[{"href":"https:\/\/eltrabajo.cl\/portal\/wp-json\/wp\/v2\/types\/post"}],"author":[{"embeddable":true,"href":"https:\/\/eltrabajo.cl\/portal\/wp-json\/wp\/v2\/users\/482"}],"replies":[{"embeddable":true,"href":"https:\/\/eltrabajo.cl\/portal\/wp-json\/wp\/v2\/comments?post=61614"}],"version-history":[{"count":0,"href":"https:\/\/eltrabajo.cl\/portal\/wp-json\/wp\/v2\/posts\/61614\/revisions"}],"wp:featuredmedia":[{"embeddable":true,"href":"https:\/\/eltrabajo.cl\/portal\/wp-json\/wp\/v2\/media\/61615"}],"wp:attachment":[{"href":"https:\/\/eltrabajo.cl\/portal\/wp-json\/wp\/v2\/media?parent=61614"}],"wp:term":[{"taxonomy":"category","embeddable":true,"href":"https:\/\/eltrabajo.cl\/portal\/wp-json\/wp\/v2\/categories?post=61614"},{"taxonomy":"post_tag","embeddable":true,"href":"https:\/\/eltrabajo.cl\/portal\/wp-json\/wp\/v2\/tags?post=61614"}],"curies":[{"name":"wp","href":"https:\/\/api.w.org\/{rel}","templated":true}]}}