{"id":61617,"date":"2015-09-03T09:07:31","date_gmt":"2015-09-03T12:07:31","guid":{"rendered":"http:\/\/www.eltrabajo.cl\/portal\/?p=61617"},"modified":"2015-09-03T09:07:31","modified_gmt":"2015-09-03T12:07:31","slug":"este-fin-de-semana-realizaran-vi-version-de-feria-del-olivo-en-santa-maria","status":"publish","type":"post","link":"https:\/\/eltrabajo.cl\/portal\/este-fin-de-semana-realizaran-vi-version-de-feria-del-olivo-en-santa-maria\/","title":{"rendered":"Este fin de semana realizar\u00e1n VI versi\u00f3n de Feria del Olivo en Santa Mar\u00eda"},"content":{"rendered":"<figure id=\"attachment_61618\" aria-describedby=\"caption-attachment-61618\" style=\"width: 300px\" class=\"wp-caption alignleft\"><a href=\"https:\/\/i0.wp.com\/www.eltrabajo.cl\/portal\/wp-content\/uploads\/2015\/09\/Feria-del-Olivo-1.jpg\"><img data-recalc-dims=\"1\" loading=\"lazy\" decoding=\"async\" class=\"wp-image-61618 size-medium\" src=\"https:\/\/i0.wp.com\/www.eltrabajo.cl\/portal\/wp-content\/uploads\/2015\/09\/Feria-del-Olivo-1-300x199.jpg?resize=300%2C199\" alt=\"Expositores presentar\u00e1n sus trabajos de gran calidad en la IV versi\u00f3n de esta feria.\" width=\"300\" height=\"199\" srcset=\"https:\/\/i0.wp.com\/eltrabajo.cl\/portal\/wp-content\/uploads\/2015\/09\/Feria-del-Olivo-1.jpg?resize=300%2C199&amp;ssl=1 300w, https:\/\/i0.wp.com\/eltrabajo.cl\/portal\/wp-content\/uploads\/2015\/09\/Feria-del-Olivo-1.jpg?resize=200%2C133&amp;ssl=1 200w, https:\/\/i0.wp.com\/eltrabajo.cl\/portal\/wp-content\/uploads\/2015\/09\/Feria-del-Olivo-1.jpg?resize=226%2C150&amp;ssl=1 226w, https:\/\/i0.wp.com\/eltrabajo.cl\/portal\/wp-content\/uploads\/2015\/09\/Feria-del-Olivo-1.jpg?resize=400%2C265&amp;ssl=1 400w, https:\/\/i0.wp.com\/eltrabajo.cl\/portal\/wp-content\/uploads\/2015\/09\/Feria-del-Olivo-1.jpg?w=528&amp;ssl=1 528w\" sizes=\"auto, (max-width: 300px) 100vw, 300px\" \/><\/a><figcaption id=\"caption-attachment-61618\" class=\"wp-caption-text\">Expositores presentar\u00e1n sus trabajos de gran calidad en la IV versi\u00f3n de esta feria.<\/figcaption><\/figure>\n<p><strong>SANTA MAR\u00cdA<\/strong>.- Los d\u00edas s\u00e1bado 5 y domingo 6 de septiembre, en la hermosa Iglesia de Santa Filomena en la Comuna de Santa Mar\u00eda se realizar\u00e1 la IV Versi\u00f3n de la Feria del Olivo, que tiene la finalidad de potenciar el turismo y la producci\u00f3n de aceitunas contando con la participaci\u00f3n de una gran cantidad de expositores y diversos show art\u00edsticos, entre los que destacan las presentaciones de La Sonora Malec\u00f3n y Joe Vasconcellos.<br \/>\nEsta importante actividad, ejecutada por la Municipalidad de Santa Mar\u00eda en conjunto con Sernatur Regi\u00f3n de Valpara\u00edso y con fondos del Gobierno Regional, busca apoyar fuertemente el turismo en la comuna, visibilizando el trabajo de los olivicultores y emprendedores de la zona. En su versi\u00f3n 2014 alcanz\u00f3 un notable \u00e9xito con una gran asistencia de p\u00fablico que replet\u00f3 este remodela recinto.<br \/>\nEn su programaci\u00f3n podemos destacar: El s\u00e1bado 05, comenzar\u00e1 con la Apertura al p\u00fablico de la Feria y la Misa del Peregrino, para continuar con diversas expresiones art\u00edsticas como por ejemplo la Orquesta Juvenil, el Ballet Folkl\u00f3rico Municipal, el Grupo Teokal\u00e1n, y la internacional agrupaci\u00f3n de Luis Lambis y la Sonora Malec\u00f3n . El domingo 06, destacan el grupo Santiago Mar\u00edn, la Escuela de Arte y Circo Teatro Jahuel, las destacadas presentaciones de Ensamble Latinoamericano y el reconocido cantautor nacional Joe Vasconcellos.<br \/>\nEl alcalde de la comuna, Claudio Zurita se\u00f1al\u00f3 que \u201cEstamos preparados para recibir a muchos turistas. Santa Mar\u00eda, es una comuna que presenta los mejores caminos de la zona, por lo que no tendr\u00e1n problemas en llegar a nuestra esplendida y remodelada iglesia de Santa Filomena. Este evento ya se ha vuelto una tradici\u00f3n, donde hemos disfrutado de grandes presentaciones entre los que puedo recordar a Illapu, Tito Fern\u00e1ndez, Eduardo Gatti y Los Tres, entre otros, por lo que es muy bien recibida por toda la familia que busca un lugar acogedor, seguro y al aire libre apoyando el trabajo de nuestros productores locales. Quiero invitarlos a que vengan a pasar un excelente fin de semana en Santa Mar\u00eda, encontrar\u00e1n deliciosos productos para degustar y comprar, acompa\u00f1ados de excelentes artistas. Los esperamos.\u00bb<br \/>\nLa entrada esta IV Feria del Olivo es totalmente gratuita, por lo que es una gran oportunidad para iniciar septiembre junto a toda la familia en un hermoso lugar que brindar\u00e1 todas las comodidades necesarias.<\/p>\n","protected":false},"excerpt":{"rendered":"<p>SANTA MAR\u00cdA.- Los d\u00edas s\u00e1bado 5 y domingo 6 de septiembre, en la hermosa Iglesia de Santa Filomena en la Comuna de Santa Mar\u00eda se realizar\u00e1 la IV Versi\u00f3n de la Feria&#8230;<\/p>\n","protected":false},"author":482,"featured_media":61618,"comment_status":"open","ping_status":"open","sticky":false,"template":"","format":"standard","meta":{"advanced_seo_description":"","jetpack_seo_html_title":"","jetpack_seo_noindex":false,"_jetpack_memberships_contains_paid_content":false,"footnotes":""},"categories":[15],"tags":[],"class_list":["post-61617","post","type-post","status-publish","format-standard","has-post-thumbnail","hentry","category-comunidad"],"jetpack_featured_media_url":"https:\/\/i0.wp.com\/eltrabajo.cl\/portal\/wp-content\/uploads\/2015\/09\/Feria-del-Olivo-1.jpg?fit=528%2C350&ssl=1","jetpack_sharing_enabled":true,"jetpack_likes_enabled":true,"jetpack-related-posts":[],"_links":{"self":[{"href":"https:\/\/eltrabajo.cl\/portal\/wp-json\/wp\/v2\/posts\/61617","targetHints":{"allow":["GET"]}}],"collection":[{"href":"https:\/\/eltrabajo.cl\/portal\/wp-json\/wp\/v2\/posts"}],"about":[{"href":"https:\/\/eltrabajo.cl\/portal\/wp-json\/wp\/v2\/types\/post"}],"author":[{"embeddable":true,"href":"https:\/\/eltrabajo.cl\/portal\/wp-json\/wp\/v2\/users\/482"}],"replies":[{"embeddable":true,"href":"https:\/\/eltrabajo.cl\/portal\/wp-json\/wp\/v2\/comments?post=61617"}],"version-history":[{"count":0,"href":"https:\/\/eltrabajo.cl\/portal\/wp-json\/wp\/v2\/posts\/61617\/revisions"}],"wp:featuredmedia":[{"embeddable":true,"href":"https:\/\/eltrabajo.cl\/portal\/wp-json\/wp\/v2\/media\/61618"}],"wp:attachment":[{"href":"https:\/\/eltrabajo.cl\/portal\/wp-json\/wp\/v2\/media?parent=61617"}],"wp:term":[{"taxonomy":"category","embeddable":true,"href":"https:\/\/eltrabajo.cl\/portal\/wp-json\/wp\/v2\/categories?post=61617"},{"taxonomy":"post_tag","embeddable":true,"href":"https:\/\/eltrabajo.cl\/portal\/wp-json\/wp\/v2\/tags?post=61617"}],"curies":[{"name":"wp","href":"https:\/\/api.w.org\/{rel}","templated":true}]}}