{"id":61620,"date":"2015-09-03T09:09:00","date_gmt":"2015-09-03T12:09:00","guid":{"rendered":"http:\/\/www.eltrabajo.cl\/portal\/?p=61620"},"modified":"2015-09-03T09:09:00","modified_gmt":"2015-09-03T12:09:00","slug":"recorriendo-lugares-insignes-bicitour-realizara-ruta-de-las-memorias-y-los-derechos-humanos","status":"publish","type":"post","link":"https:\/\/eltrabajo.cl\/portal\/recorriendo-lugares-insignes-bicitour-realizara-ruta-de-las-memorias-y-los-derechos-humanos\/","title":{"rendered":"Recorriendo lugares insignes Bicitour realizar\u00e1 \u2018Ruta de las Memorias y los Derechos Humanos\u2019"},"content":{"rendered":"<figure id=\"attachment_61621\" aria-describedby=\"caption-attachment-61621\" style=\"width: 300px\" class=\"wp-caption alignleft\"><a href=\"https:\/\/i0.wp.com\/www.eltrabajo.cl\/portal\/wp-content\/uploads\/2015\/09\/bicitour-1.jpg\"><img data-recalc-dims=\"1\" loading=\"lazy\" decoding=\"async\" class=\"wp-image-61621 size-medium\" src=\"https:\/\/i0.wp.com\/www.eltrabajo.cl\/portal\/wp-content\/uploads\/2015\/09\/bicitour-1-300x199.jpg?resize=300%2C199\" alt=\"La actividad se desarrollar\u00e1 este s\u00e1bado a las 11 horas y comenzar\u00e1 en la Plaza C\u00edvica de la ciudad.\" width=\"300\" height=\"199\" srcset=\"https:\/\/i0.wp.com\/eltrabajo.cl\/portal\/wp-content\/uploads\/2015\/09\/bicitour-1.jpg?resize=300%2C199&amp;ssl=1 300w, https:\/\/i0.wp.com\/eltrabajo.cl\/portal\/wp-content\/uploads\/2015\/09\/bicitour-1.jpg?resize=200%2C133&amp;ssl=1 200w, https:\/\/i0.wp.com\/eltrabajo.cl\/portal\/wp-content\/uploads\/2015\/09\/bicitour-1.jpg?resize=226%2C150&amp;ssl=1 226w, https:\/\/i0.wp.com\/eltrabajo.cl\/portal\/wp-content\/uploads\/2015\/09\/bicitour-1.jpg?resize=400%2C265&amp;ssl=1 400w, https:\/\/i0.wp.com\/eltrabajo.cl\/portal\/wp-content\/uploads\/2015\/09\/bicitour-1.jpg?w=528&amp;ssl=1 528w\" sizes=\"auto, (max-width: 300px) 100vw, 300px\" \/><\/a><figcaption id=\"caption-attachment-61621\" class=\"wp-caption-text\">La actividad se desarrollar\u00e1 este s\u00e1bado a las 11 horas y comenzar\u00e1 en la Plaza C\u00edvica de la ciudad.<\/figcaption><\/figure>\n<p>Actividad es organizada por la Oficina Municipal de Turismo y Patrimonio, con el apoyo de la Federaci\u00f3n de Estudiantes de la Universidad de Valpara\u00edso y la Comunidad de Memoria y Derechos Humanos.<br \/>\nUn recorrido por los lugares claves donde se produjeron desgraciados episodios de violaci\u00f3n a los derechos humanos, contempla efectuar este s\u00e1bado la Oficina de Turismo y Patrimonio de la Municipalidad de San Felipe, en el contexto de un nuevo Bicitour Hist\u00f3rico y Patrimonial.<br \/>\nLa informaci\u00f3n la dio a conocer el coordinador de esta oficina, Manuel Z\u00fa\u00f1iga, quien coment\u00f3 que la actividad se realizar\u00e1 a contar de las 11:00 horas y la invitaci\u00f3n es abierta a la comunidad, para que participe de una iniciativa que permite tener una mirada distinta de la comuna y particularmente en este caso, de los lugares donde se produjeron episodios que marcaron la historia de San Felipe.<br \/>\n\u201cEste es un bicitour muy especial, enmarcado en un mes que tiene una especial trascendencia en nuestra historia. Por ello, estamos organizando para este s\u00e1bado esta actividad en conjunto con la Comunidad Memoria y Derechos Humanos, adem\u00e1s de la Federaci\u00f3n de Estudiantes de la Universidad de Valpara\u00edso\u201d, se\u00f1al\u00f3 Z\u00fa\u00f1iga.<br \/>\nA\u00f1adi\u00f3 que \u201ceste bicitour se llama \u2018Ruta de las Memorias y los Derechos Humanos\u2019, en la que recorreremos la ciudad buscando relevar los hitos m\u00e1s importantes acerca de la privaci\u00f3n de derechos humanos y defensa de derechos humanos, con la partida en la Plaza C\u00edvica a las 11.00 horas\u201d, se\u00f1al\u00f3 Manuel Z\u00fa\u00f1iga.<br \/>\nPrecis\u00f3 que en la oportunidad se recorrer\u00e1 la casa del abogado defensor de los Derechos Humanos en San Felipe, Guillermo Mu\u00f1oz; la C\u00e1rcel de San Felipe, donde murieron Rigoberto Ach\u00fa y el doctor Absal\u00f3n Wegner, el Memorial de Derechos Humanos, adem\u00e1s de las instalaciones que ten\u00eda el Departamento de Acci\u00f3n Social del Obispado de San Felipe, donde se aloj\u00f3 la Vicar\u00eda de la Solidaridad. Esta actividad ser\u00e1 acompa\u00f1ada por familiares de v\u00edctimas de derechos humanos, que entregar\u00e1n sus testimonios.<\/p>\n","protected":false},"excerpt":{"rendered":"<p>Actividad es organizada por la Oficina Municipal de Turismo y Patrimonio, con el apoyo de la Federaci\u00f3n de Estudiantes de la Universidad de Valpara\u00edso y la Comunidad de Memoria y Derechos Humanos&#8230;.<\/p>\n","protected":false},"author":482,"featured_media":61621,"comment_status":"open","ping_status":"open","sticky":false,"template":"","format":"standard","meta":{"advanced_seo_description":"","jetpack_seo_html_title":"","jetpack_seo_noindex":false,"_jetpack_memberships_contains_paid_content":false,"footnotes":""},"categories":[15],"tags":[],"class_list":["post-61620","post","type-post","status-publish","format-standard","has-post-thumbnail","hentry","category-comunidad"],"jetpack_featured_media_url":"https:\/\/i0.wp.com\/eltrabajo.cl\/portal\/wp-content\/uploads\/2015\/09\/bicitour-1.jpg?fit=528%2C350&ssl=1","jetpack_sharing_enabled":true,"jetpack_likes_enabled":true,"jetpack-related-posts":[],"_links":{"self":[{"href":"https:\/\/eltrabajo.cl\/portal\/wp-json\/wp\/v2\/posts\/61620","targetHints":{"allow":["GET"]}}],"collection":[{"href":"https:\/\/eltrabajo.cl\/portal\/wp-json\/wp\/v2\/posts"}],"about":[{"href":"https:\/\/eltrabajo.cl\/portal\/wp-json\/wp\/v2\/types\/post"}],"author":[{"embeddable":true,"href":"https:\/\/eltrabajo.cl\/portal\/wp-json\/wp\/v2\/users\/482"}],"replies":[{"embeddable":true,"href":"https:\/\/eltrabajo.cl\/portal\/wp-json\/wp\/v2\/comments?post=61620"}],"version-history":[{"count":0,"href":"https:\/\/eltrabajo.cl\/portal\/wp-json\/wp\/v2\/posts\/61620\/revisions"}],"wp:featuredmedia":[{"embeddable":true,"href":"https:\/\/eltrabajo.cl\/portal\/wp-json\/wp\/v2\/media\/61621"}],"wp:attachment":[{"href":"https:\/\/eltrabajo.cl\/portal\/wp-json\/wp\/v2\/media?parent=61620"}],"wp:term":[{"taxonomy":"category","embeddable":true,"href":"https:\/\/eltrabajo.cl\/portal\/wp-json\/wp\/v2\/categories?post=61620"},{"taxonomy":"post_tag","embeddable":true,"href":"https:\/\/eltrabajo.cl\/portal\/wp-json\/wp\/v2\/tags?post=61620"}],"curies":[{"name":"wp","href":"https:\/\/api.w.org\/{rel}","templated":true}]}}