{"id":61623,"date":"2015-09-03T09:10:01","date_gmt":"2015-09-03T12:10:01","guid":{"rendered":"http:\/\/www.eltrabajo.cl\/portal\/?p=61623"},"modified":"2015-09-03T09:10:01","modified_gmt":"2015-09-03T12:10:01","slug":"comienzan-postulaciones-para-formar-personal-del-escalafon-de-secretaria","status":"publish","type":"post","link":"https:\/\/eltrabajo.cl\/portal\/comienzan-postulaciones-para-formar-personal-del-escalafon-de-secretaria\/","title":{"rendered":"Comienzan postulaciones para formar personal del Escalaf\u00f3n de Secretar\u00eda"},"content":{"rendered":"<figure id=\"attachment_61624\" aria-describedby=\"caption-attachment-61624\" style=\"width: 300px\" class=\"wp-caption alignleft\"><a href=\"https:\/\/i0.wp.com\/www.eltrabajo.cl\/portal\/wp-content\/uploads\/2015\/09\/carabinera-en-oficina.jpg\"><img data-recalc-dims=\"1\" loading=\"lazy\" decoding=\"async\" class=\"wp-image-61624 size-medium\" src=\"https:\/\/i0.wp.com\/www.eltrabajo.cl\/portal\/wp-content\/uploads\/2015\/09\/carabinera-en-oficina-300x197.jpg?resize=300%2C197\" alt=\"El proceso de postulaci\u00f3n se extender\u00e1 hasta el 23 de septiembre.\" width=\"300\" height=\"197\" srcset=\"https:\/\/i0.wp.com\/eltrabajo.cl\/portal\/wp-content\/uploads\/2015\/09\/carabinera-en-oficina.jpg?resize=300%2C197&amp;ssl=1 300w, https:\/\/i0.wp.com\/eltrabajo.cl\/portal\/wp-content\/uploads\/2015\/09\/carabinera-en-oficina.jpg?resize=200%2C131&amp;ssl=1 200w, https:\/\/i0.wp.com\/eltrabajo.cl\/portal\/wp-content\/uploads\/2015\/09\/carabinera-en-oficina.jpg?resize=228%2C150&amp;ssl=1 228w, https:\/\/i0.wp.com\/eltrabajo.cl\/portal\/wp-content\/uploads\/2015\/09\/carabinera-en-oficina.jpg?resize=400%2C263&amp;ssl=1 400w, https:\/\/i0.wp.com\/eltrabajo.cl\/portal\/wp-content\/uploads\/2015\/09\/carabinera-en-oficina.jpg?w=530&amp;ssl=1 530w\" sizes=\"auto, (max-width: 300px) 100vw, 300px\" \/><\/a><figcaption id=\"caption-attachment-61624\" class=\"wp-caption-text\">El proceso de postulaci\u00f3n se extender\u00e1 hasta el 23 de septiembre.<\/figcaption><\/figure>\n<p>Si siempre quiso ser carabinero, pero para desempe\u00f1ar funciones administrativas en las oficinas de los cuarteles, tiene hasta el 23 de septiembre para postular a un proceso extraordinario de admisi\u00f3n, que busca reclutar personal para integrar el Escalaf\u00f3n de Secretar\u00eda de la polic\u00eda uniformada.<br \/>\nSeg\u00fan inform\u00f3 la instituci\u00f3n, son 70 las vacantes a cubrir y quienes egresen del curso de formaci\u00f3n, que durar\u00e1 dos semestres acad\u00e9micos en r\u00e9gimen de internado, iniciar\u00e1n su carrera policial con el grado de Cabo Segundo, perteneciendo a la planta institucional y con todos los beneficios que esta otorga a su personal.<br \/>\nPara los aconcag\u00fcinos que se encuentren interesados y cumplan con los requisitos de admisi\u00f3n, publicados en www.admisioncarabineros.cl, pesta\u00f1a \u2018Proceso Admisi\u00f3n\u2019, deben acudir con carnet de identidad en mano, a formalizar su inscripci\u00f3n en la Oficina de Postulaciones Aconcagua, ubicada en O\u00b4Higgins 200 San Felipe, al costado de la 2da Comisar\u00eda.<br \/>\nLuego de formalizar la inscripci\u00f3n, los postulantes participar\u00e1n de un proceso de reclutamiento y selecci\u00f3n que incluir\u00e1 test psicol\u00f3gicos, ex\u00e1menes de salud, capacidad f\u00edsica, entrevista personal, entre otros, que forman parte de los protocolos de ingreso a Carabineros de Chile.<\/p>\n","protected":false},"excerpt":{"rendered":"<p>Si siempre quiso ser carabinero, pero para desempe\u00f1ar funciones administrativas en las oficinas de los cuarteles, tiene hasta el 23 de septiembre para postular a un proceso extraordinario de admisi\u00f3n, que busca&#8230;<\/p>\n","protected":false},"author":482,"featured_media":61624,"comment_status":"open","ping_status":"open","sticky":false,"template":"","format":"standard","meta":{"advanced_seo_description":"","jetpack_seo_html_title":"","jetpack_seo_noindex":false,"_jetpack_memberships_contains_paid_content":false,"footnotes":""},"categories":[1],"tags":[],"class_list":["post-61623","post","type-post","status-publish","format-standard","has-post-thumbnail","hentry","category-cronica"],"jetpack_featured_media_url":"https:\/\/i0.wp.com\/eltrabajo.cl\/portal\/wp-content\/uploads\/2015\/09\/carabinera-en-oficina.jpg?fit=530%2C348&ssl=1","jetpack_sharing_enabled":true,"jetpack_likes_enabled":true,"jetpack-related-posts":[],"_links":{"self":[{"href":"https:\/\/eltrabajo.cl\/portal\/wp-json\/wp\/v2\/posts\/61623","targetHints":{"allow":["GET"]}}],"collection":[{"href":"https:\/\/eltrabajo.cl\/portal\/wp-json\/wp\/v2\/posts"}],"about":[{"href":"https:\/\/eltrabajo.cl\/portal\/wp-json\/wp\/v2\/types\/post"}],"author":[{"embeddable":true,"href":"https:\/\/eltrabajo.cl\/portal\/wp-json\/wp\/v2\/users\/482"}],"replies":[{"embeddable":true,"href":"https:\/\/eltrabajo.cl\/portal\/wp-json\/wp\/v2\/comments?post=61623"}],"version-history":[{"count":0,"href":"https:\/\/eltrabajo.cl\/portal\/wp-json\/wp\/v2\/posts\/61623\/revisions"}],"wp:featuredmedia":[{"embeddable":true,"href":"https:\/\/eltrabajo.cl\/portal\/wp-json\/wp\/v2\/media\/61624"}],"wp:attachment":[{"href":"https:\/\/eltrabajo.cl\/portal\/wp-json\/wp\/v2\/media?parent=61623"}],"wp:term":[{"taxonomy":"category","embeddable":true,"href":"https:\/\/eltrabajo.cl\/portal\/wp-json\/wp\/v2\/categories?post=61623"},{"taxonomy":"post_tag","embeddable":true,"href":"https:\/\/eltrabajo.cl\/portal\/wp-json\/wp\/v2\/tags?post=61623"}],"curies":[{"name":"wp","href":"https:\/\/api.w.org\/{rel}","templated":true}]}}